{"id":42269,"date":"2023-10-30T10:03:55","date_gmt":"2023-10-30T13:03:55","guid":{"rendered":"http:\/\/www.radiohorizonte.fm\/radio\/?p=42269"},"modified":"2023-10-30T10:03:55","modified_gmt":"2023-10-30T13:03:55","slug":"los-beatles-lanzan-una-cancion-inedita-la-fecha-de-estreno-y-la-ayuda-del-quinto-integrante","status":"publish","type":"post","link":"http:\/\/www.radiohorizonte.fm\/radio\/2023\/10\/30\/los-beatles-lanzan-una-cancion-inedita-la-fecha-de-estreno-y-la-ayuda-del-quinto-integrante\/","title":{"rendered":"Los Beatles lanzan una canci\u00f3n in\u00e9dita: la fecha de estreno y la ayuda del quinto integrante"},"content":{"rendered":"<div class=\"news-hero-description\">La banda le mostrar\u00e1 al mundo un tema &#8220;nuevo&#8221; de los &#8220;cuatro de Liverpool&#8221;. Paul McCartney y Ringo Starr cantar\u00e1n junto a los desaparecidos John Lennon y George Harrison. \u00bfC\u00f3mo lo lograron?<\/div>\n<div class=\"news-hero-author\">\u00a0<img loading=\"lazy\" decoding=\"async\" class=\"alignnone size-full wp-image-42270\" src=\"http:\/\/www.radiohorizonte.fm\/radio\/wp-content\/uploads\/2023\/10\/R-8250769-1457969314-2699.jpg\" alt=\"\" width=\"591\" height=\"600\" srcset=\"http:\/\/www.radiohorizonte.fm\/radio\/wp-content\/uploads\/2023\/10\/R-8250769-1457969314-2699.jpg 591w, http:\/\/www.radiohorizonte.fm\/radio\/wp-content\/uploads\/2023\/10\/R-8250769-1457969314-2699-296x300.jpg 296w, http:\/\/www.radiohorizonte.fm\/radio\/wp-content\/uploads\/2023\/10\/R-8250769-1457969314-2699-300x305.jpg 300w, http:\/\/www.radiohorizonte.fm\/radio\/wp-content\/uploads\/2023\/10\/R-8250769-1457969314-2699-65x65.jpg 65w, http:\/\/www.radiohorizonte.fm\/radio\/wp-content\/uploads\/2023\/10\/R-8250769-1457969314-2699-197x200.jpg 197w, http:\/\/www.radiohorizonte.fm\/radio\/wp-content\/uploads\/2023\/10\/R-8250769-1457969314-2699-85x85.jpg 85w, http:\/\/www.radiohorizonte.fm\/radio\/wp-content\/uploads\/2023\/10\/R-8250769-1457969314-2699-123x125.jpg 123w, http:\/\/www.radiohorizonte.fm\/radio\/wp-content\/uploads\/2023\/10\/R-8250769-1457969314-2699-90x90.jpg 90w\" sizes=\"auto, (max-width: 591px) 100vw, 591px\" \/><\/div>\n<div>\n<article class=\"article-body first\">\n<div class=\"article-content\">\n<div class=\"news-body-paragraph\" data-twitter-link=\"\">\n<p>Los Beatles son eternos y volver\u00e1n a estar juntos\u00a0en un nueva canci\u00f3n que ya tiene fecha de lanzamiento: el pr\u00f3ximo 2 de noviembre. Y s\u00ed, estar\u00e1n juntos, otra vez los &#8220;fab four&#8221; (fabulosos cuatro) cantando y tocando. \u00bfC\u00f3mo es posible?<\/p>\n<\/div>\n<\/div>\n<\/article>\n<div class=\"news-body-read-wrapper\">\n<div class=\"news-detail-read-content\">La serie documental sobre Los Beatles de Peter Jackson \u00bfCu\u00e1ndo se estrena?<\/div>\n<div><\/div>\n<figure class=\"news-body-read-image\"><a title=\"Disney Plus: La serie documental sobre Los Beatles de Peter Jackson \u00bfCu\u00e1ndo se estrena?\" href=\"https:\/\/www.a24.com\/disney-plus\/la-serie-documental-sobre-los-beatles-de-peter-jackson-se-estrenara-en-disney-plus\" target=\"\"><img loading=\"lazy\" decoding=\"async\" title=\"Disney Plus: La serie documental sobre Los Beatles de Peter Jackson \u00bfCu\u00e1ndo se estrena?\" src=\"https:\/\/media.a24.com\/p\/fcbbcf38e8433a18a414cabde6b096dc\/adjuntos\/296\/imagenes\/008\/751\/0008751049\/350x197\/smart\/disney-plus-beatlespng.png\" alt=\"Disney Plus: La serie documental sobre Los Beatles de Peter Jackson \u00bfCu\u00e1ndo se estrena?\" width=\"142\" height=\"80\" data-td-src-property=\"https:\/\/media.a24.com\/p\/fcbbcf38e8433a18a414cabde6b096dc\/adjuntos\/296\/imagenes\/008\/751\/0008751049\/350x197\/smart\/disney-plus-beatlespng.png\" \/><\/a><\/figure>\n<p>&nbsp;<\/p>\n<\/div>\n<article class=\"article-body\">\n<div class=\"article-content\">\n<div class=\"news-body-paragraph\" data-twitter-link=\"\">\n<p>No se trata de una remasterizaci\u00f3n de un tema ya consagrado o el uso de una pantalla con una proyecci\u00f3n de John o George para tocar a la par. Esta vez es un tema in\u00e9dito en el que hay tres tipos de &#8220;arreglos&#8221; para permitir este regreso que parec\u00eda imposible.<\/p>\n<p>Paul McCartney fue el encargado de anunciar este trabajo hace meses. Por supuesto, cuando se separaron los Beatles en 1970, todos sus fan\u00e1ticos quedaron imaginando alguna m\u00e1gica vuelta a tocar juntos.<\/p>\n<p>Pero el 8 de diciembre de 1980, el desequilibrado Mark Chapman borr\u00f3 de 7 tiros ese sue\u00f1o.\u00a0<strong>&#8220;Cuando perdimos a John, supimos que la reuni\u00f3n ya ser\u00eda imposible&#8221;, hab\u00eda sentenciado Paul McCartney.\u00a0<\/strong>M\u00e1s tarde, el 29 de noviembre de 2001 muri\u00f3 George Harrison tras luchar durante a\u00f1os contra un c\u00e1ncer.<\/p>\n<p>Pero ahora,<strong>\u00a0la tecnolog\u00eda nos regala esta oportunidad \u00fanica.<\/strong>\u00a0Los Beatles estar\u00e1n de estreno con un tema in\u00e9dito el pr\u00f3ximo 2 de noviembre. Pero hubo un aporte imprescindible.<\/p>\n<div id=\"embed18_wrap\" class=\"embed_cont type_freetext\" contenteditable=\"false\">\n<div id=\"embed18_content\" class=\"embed_content\">\n<div id=\"embed18_embed\">\n<div class=\"embed-container\"><iframe loading=\"lazy\" src=\"https:\/\/vmf.edge-apps.net\/embed\/vod?vid=194531&amp;hash=3397cfea506041d20213f20e99d4752e-1698411148-2b1c744e7fa72d8019934d84eb8bf185\" width=\"300\" height=\"150\" frameborder=\"0\" allowfullscreen=\"allowfullscreen\" data-td-src-property=\"\/\/vmf.edge-apps.net\/embed\/vod?vid=194531&amp;hash=3397cfea506041d20213f20e99d4752e-1698411148-2b1c744e7fa72d8019934d84eb8bf185\" data-mce-fragment=\"1\"><\/iframe><\/div>\n<\/div>\n<\/div>\n<div id=\"embed18_epigrafe\" class=\"embed_epigrafe\"><\/div>\n<\/div>\n<h2><strong>Yoko Ono, le devolvi\u00f3 la voz y la guitarra a John Lennon<\/strong><\/h2>\n<p>Durante a\u00f1os, Yoko y Paul estuvieron peleados. Fueron la expresi\u00f3n visible de la tensi\u00f3n entre los beatleman\u00edacos: \u00bfYoko Ono &#8220;captur\u00f3&#8221; a John hasta separarlo de sus compa\u00f1eros? \u00bfPaul se cans\u00f3 de la presencia permanente de Yoko entre la banda y decidi\u00f3 poner punto final?<\/p>\n<p>Con el tiempo hicieron las pases, se amigaron y hasta est\u00e1n juntos con Ringo en el legado de los Beatles. Hace pocos d\u00edas dijo que Yoko estaba en medio de la banda, pero no tuvo la culpa de la separaci\u00f3n de los chicos de Liverpool. Seg\u00fan Paul, John Lennon ya lo hab\u00eda decidido mucho tiempo antes. (La historia dice que Paul fue quien se apur\u00f3 y dijo a la prensa que \u00e9l dejaba a los Beatles).<\/p>\n<div id=\"1327425-Libre-2012620514_wrap\" class=\"embed_cont type_imagen\" contenteditable=\"false\">\n<div id=\"1327425-Libre-2012620514_content\" class=\"embed_content\"><img loading=\"lazy\" decoding=\"async\" id=\"1327425-Libre-2012620514_embed\" title=\"Yoko Ono le dio a Paul McCartney una grabaci\u00f3n de 1978 de John Lennon. (Foto: A24.com)\" src=\"https:\/\/media.a24.com\/p\/52ced261dc655460ae0469280dcf3527\/adjuntos\/296\/imagenes\/009\/247\/0009247975\/1200x675\/smart\/now-and-thenjpg.jpg\" alt=\"Yoko Ono le dio a Paul McCartney una grabaci\u00f3n de 1978 de John Lennon. (Foto: A24.com)\" width=\"1200\" height=\"675\" data-td-src-property=\"https:\/\/media.a24.com\/p\/52ced261dc655460ae0469280dcf3527\/adjuntos\/296\/imagenes\/009\/247\/0009247975\/1200x675\/smart\/now-and-thenjpg.jpg\" \/><\/div>\n<div id=\"1327425-Libre-2012620514_epigrafe\" class=\"embed_epigrafe\">\n<p>Yoko Ono le dio a Paul McCartney una grabaci\u00f3n de 1978 de John Lennon. (Foto: A24.com)<\/p>\n<\/div>\n<div id=\"1327425-Libre-2012620514_copyright\" class=\"embed_copyright\"><\/div>\n<\/div>\n<p>Pero eso es pasado. Lo real es que Yoko Ono le dijo a Paul: &#8220;Tengo algo para vos&#8221;. En 1994, le regal\u00f3 una cajita con un cassette (una cinta de audio), en donde John Lennon (en 1978) dej\u00f3 grabado un tema que nunca vio la luz.<\/p>\n<p><strong>Paul la escuch\u00f3 y se le ocurri\u00f3 hacer algo con ese material. Utiliz\u00f3 la Inteligencia Artificial para que tome el trabajo de John, su voz, su m\u00fasica y la I.A. &#8220;aprenda&#8221; a cantar y a tocar como John.<\/strong><\/p>\n<div id=\"1327426-Libre-103082988_wrap\" class=\"embed_cont type_imagen\" contenteditable=\"false\">\n<div id=\"1327426-Libre-103082988_content\" class=\"embed_content\"><img loading=\"lazy\" decoding=\"async\" id=\"1327426-Libre-103082988_embed\" title=\"En el departamento Dakota de Nueva York. John Lennon y Yoko Ono. (Foto: Gentileza FOMAG)\" src=\"https:\/\/media.a24.com\/p\/4eff7d7bd94464f6db8e390a44cf289a\/adjuntos\/296\/imagenes\/009\/247\/0009247976\/1200x675\/smart\/jon-yoko-y-el-pianojpg.jpg\" alt=\"En el departamento Dakota de Nueva York. John Lennon y Yoko Ono. (Foto: Gentileza FOMAG)\" width=\"1200\" height=\"675\" data-td-src-property=\"https:\/\/media.a24.com\/p\/4eff7d7bd94464f6db8e390a44cf289a\/adjuntos\/296\/imagenes\/009\/247\/0009247976\/1200x675\/smart\/jon-yoko-y-el-pianojpg.jpg\" \/><\/div>\n<div id=\"1327426-Libre-103082988_epigrafe\" class=\"embed_epigrafe\">\n<p>En el departamento Dakota de Nueva York. John Lennon y Yoko Ono. (Foto: Gentileza FOMAG)<\/p>\n<\/div>\n<div id=\"1327426-Libre-103082988_copyright\" class=\"embed_copyright\"><\/div>\n<\/div>\n<p>Con acompa\u00f1amientos guardados de George, los Beatles estaban listos para regresar. Con el aporte personal de Paul y Ringo.<\/p>\n<p>As\u00ed trabajaron durante m\u00e1s de un a\u00f1o. Y los cuatro volver\u00e1n a cantar.\u00a0<strong>O los &#8220;cinco&#8221;, porque hay que darle cr\u00e9dito a la Inteligencia Artificial.<\/strong><\/p>\n<div id=\"1327424-Libre-358442164_wrap\" class=\"embed_cont type_imagen\" contenteditable=\"false\">\n<div id=\"1327424-Libre-358442164_content\" class=\"embed_content\"><img loading=\"lazy\" decoding=\"async\" id=\"1327424-Libre-358442164_embed\" title=\"El 2 de noviembre, los Beatles presentan una nueva canci\u00f3n. ( Foto: A24.com)\" src=\"https:\/\/media.a24.com\/p\/13872c0a52b58a1e84138d239adb2006\/adjuntos\/296\/imagenes\/009\/247\/0009247974\/1200x675\/smart\/beatlesjpg.jpg\" alt=\"El 2 de noviembre, los Beatles presentan una nueva canci\u00f3n. ( Foto: A24.com)\" width=\"1200\" height=\"675\" data-td-src-property=\"https:\/\/media.a24.com\/p\/13872c0a52b58a1e84138d239adb2006\/adjuntos\/296\/imagenes\/009\/247\/0009247974\/1200x675\/smart\/beatlesjpg.jpg\" \/><\/div>\n<div id=\"1327424-Libre-358442164_epigrafe\" class=\"embed_epigrafe\">\n<p>El 2 de noviembre, los Beatles presentan una nueva canci\u00f3n. ( Foto: A24.com)<\/p>\n<\/div>\n<div id=\"1327424-Libre-358442164_copyright\" class=\"embed_copyright\"><\/div>\n<\/div>\n<h2>&#8220;Now and Then&#8221; (Ahora y Entonces)<\/h2>\n<p>La canci\u00f3n la grab\u00f3<strong>\u00a0John<\/strong>\u00a0en su departamento del m\u00edtico edificio\u00a0<strong>Dakota<\/strong>\u00a0de<strong>\u00a0Nueva York\u00a0<\/strong>en\u00a0<strong>1978.\u00a0<\/strong>Pero hubo que esperar 45 a\u00f1os de evoluci\u00f3n de la tecnolog\u00eda. La cinta de audio no permit\u00eda separar la voz de John, de su acompa\u00f1amiento en el piano. Ahora, la inteligencia Artificial no s\u00f3lo lo hizo posible. Un ingeniero de sonido &#8211; quien logr\u00f3 la versi\u00f3n de &#8220;<strong>Free as a Bird&#8221;\u00a0<\/strong>que sali\u00f3 en 1995, tambi\u00e9n con los Beatles separados y John ya muerto -pudo rescatar limpia la voz de John.<\/p>\n<p>La Inteligencia Artificial &#8220;aprendi\u00f3 a cantar como \u00e9l para usarlo en este nuevo tema. As\u00ed hubo que preparar tambi\u00e9n a George y su guitarra.<\/p>\n<p>El resultado es a los Beatles cantando un tema in\u00e9dito a 53 a\u00f1os de su separaci\u00f3n:<strong>\u00a0se llama nada menos que &#8220;Ahora y entonces&#8221;, el t\u00edtulo justo. S\u00f3lo hay que esperar hasta el 2 de noviembre.<\/strong><\/p>\n<p>&nbsp;<\/p>\n<\/div>\n<\/div>\n<\/article>\n<\/div>\n","protected":false},"excerpt":{"rendered":"<div class=\"post-excerpt\"><p>La banda le mostrar\u00e1 al mundo un tema &#8220;nuevo&#8221; de los &#8220;cuatro de Liverpool&#8221;. Paul McCartney y Ringo Starr cantar\u00e1n junto a los desaparecidos John Lennon y George Harrison. \u00bfC\u00f3mo lo lograron? \u00a0 Los Beatles son eternos y volver\u00e1n a estar juntos\u00a0en un nueva canci\u00f3n que ya tiene fecha de lanzamiento: el pr\u00f3ximo 2 de<\/p>\n<\/div>","protected":false},"author":2,"featured_media":42270,"comment_status":"closed","ping_status":"closed","sticky":false,"template":"","format":"standard","meta":{"_acf_changed":false,"footnotes":""},"categories":[3],"tags":[],"class_list":["post-42269","post","type-post","status-publish","format-standard","has-post-thumbnail","hentry","category-infomusic"],"acf":[],"yoast_head":"<!-- This site is optimized with the Yoast SEO plugin v28.1 - https:\/\/yoast.com\/product\/yoast-seo-wordpress\/ -->\n<title>Los Beatles lanzan una canci\u00f3n in\u00e9dita: la fecha de estreno y la ayuda del quinto integrante - Horizonte<\/title>\n<meta name=\"robots\" content=\"index, follow, max-snippet:-1, max-image-preview:large, max-video-preview:-1\" \/>\n<link rel=\"canonical\" href=\"http:\/\/www.radiohorizonte.fm\/radio\/2023\/10\/30\/los-beatles-lanzan-una-cancion-inedita-la-fecha-de-estreno-y-la-ayuda-del-quinto-integrante\/\" \/>\n<meta property=\"og:locale\" content=\"es_ES\" \/>\n<meta property=\"og:type\" content=\"article\" \/>\n<meta property=\"og:title\" content=\"Los Beatles lanzan una canci\u00f3n in\u00e9dita: la fecha de estreno y la ayuda del quinto integrante - Horizonte\" \/>\n<meta property=\"og:description\" content=\"La banda le mostrar\u00e1 al mundo un tema &#8220;nuevo&#8221; de los &#8220;cuatro de Liverpool&#8221;. Paul McCartney y Ringo Starr cantar\u00e1n junto a los desaparecidos John Lennon y George Harrison. \u00bfC\u00f3mo lo lograron? \u00a0 Los Beatles son eternos y volver\u00e1n a estar juntos\u00a0en un nueva canci\u00f3n que ya tiene fecha de lanzamiento: el pr\u00f3ximo 2 de\" \/>\n<meta property=\"og:url\" content=\"http:\/\/www.radiohorizonte.fm\/radio\/2023\/10\/30\/los-beatles-lanzan-una-cancion-inedita-la-fecha-de-estreno-y-la-ayuda-del-quinto-integrante\/\" \/>\n<meta property=\"og:site_name\" content=\"Horizonte\" \/>\n<meta property=\"article:publisher\" content=\"http:\/\/www.facebook.com\/HORIZONTE106.1\" \/>\n<meta property=\"article:published_time\" content=\"2023-10-30T13:03:55+00:00\" \/>\n<meta property=\"og:image\" content=\"http:\/\/www.radiohorizonte.fm\/radio\/wp-content\/uploads\/2023\/10\/R-8250769-1457969314-2699.jpg\" \/>\n\t<meta property=\"og:image:width\" content=\"591\" \/>\n\t<meta property=\"og:image:height\" content=\"600\" \/>\n\t<meta property=\"og:image:type\" content=\"image\/jpeg\" \/>\n<meta name=\"author\" content=\"Cristian Galarza\" \/>\n<meta name=\"twitter:card\" content=\"summary_large_image\" \/>\n<meta name=\"twitter:creator\" content=\"@fmhorizonte1061\" \/>\n<meta name=\"twitter:site\" content=\"@fmhorizonte1061\" \/>\n<meta name=\"twitter:label1\" content=\"Escrito por\" \/>\n\t<meta name=\"twitter:data1\" content=\"Cristian Galarza\" \/>\n\t<meta name=\"twitter:label2\" content=\"Tiempo de lectura\" \/>\n\t<meta name=\"twitter:data2\" content=\"4 minutos\" \/>\n<script type=\"application\/ld+json\" class=\"yoast-schema-graph\">{\"@context\":\"https:\\\/\\\/schema.org\",\"@graph\":[{\"@type\":\"Article\",\"@id\":\"http:\\\/\\\/www.radiohorizonte.fm\\\/radio\\\/2023\\\/10\\\/30\\\/los-beatles-lanzan-una-cancion-inedita-la-fecha-de-estreno-y-la-ayuda-del-quinto-integrante\\\/#article\",\"isPartOf\":{\"@id\":\"http:\\\/\\\/www.radiohorizonte.fm\\\/radio\\\/2023\\\/10\\\/30\\\/los-beatles-lanzan-una-cancion-inedita-la-fecha-de-estreno-y-la-ayuda-del-quinto-integrante\\\/\"},\"author\":{\"name\":\"Cristian Galarza\",\"@id\":\"http:\\\/\\\/www.radiohorizonte.fm\\\/radio\\\/#\\\/schema\\\/person\\\/f8fa003a405bb86729fd87d15d0ddafa\"},\"headline\":\"Los Beatles lanzan una canci\u00f3n in\u00e9dita: la fecha de estreno y la ayuda del quinto integrante\",\"datePublished\":\"2023-10-30T13:03:55+00:00\",\"mainEntityOfPage\":{\"@id\":\"http:\\\/\\\/www.radiohorizonte.fm\\\/radio\\\/2023\\\/10\\\/30\\\/los-beatles-lanzan-una-cancion-inedita-la-fecha-de-estreno-y-la-ayuda-del-quinto-integrante\\\/\"},\"wordCount\":766,\"publisher\":{\"@id\":\"http:\\\/\\\/www.radiohorizonte.fm\\\/radio\\\/#organization\"},\"image\":{\"@id\":\"http:\\\/\\\/www.radiohorizonte.fm\\\/radio\\\/2023\\\/10\\\/30\\\/los-beatles-lanzan-una-cancion-inedita-la-fecha-de-estreno-y-la-ayuda-del-quinto-integrante\\\/#primaryimage\"},\"thumbnailUrl\":\"http:\\\/\\\/www.radiohorizonte.fm\\\/radio\\\/wp-content\\\/uploads\\\/2023\\\/10\\\/R-8250769-1457969314-2699.jpg\",\"articleSection\":[\"Infomusic\"],\"inLanguage\":\"es-AR\"},{\"@type\":\"WebPage\",\"@id\":\"http:\\\/\\\/www.radiohorizonte.fm\\\/radio\\\/2023\\\/10\\\/30\\\/los-beatles-lanzan-una-cancion-inedita-la-fecha-de-estreno-y-la-ayuda-del-quinto-integrante\\\/\",\"url\":\"http:\\\/\\\/www.radiohorizonte.fm\\\/radio\\\/2023\\\/10\\\/30\\\/los-beatles-lanzan-una-cancion-inedita-la-fecha-de-estreno-y-la-ayuda-del-quinto-integrante\\\/\",\"name\":\"Los Beatles lanzan una canci\u00f3n in\u00e9dita: la fecha de estreno y la ayuda del quinto integrante - Horizonte\",\"isPartOf\":{\"@id\":\"http:\\\/\\\/www.radiohorizonte.fm\\\/radio\\\/#website\"},\"primaryImageOfPage\":{\"@id\":\"http:\\\/\\\/www.radiohorizonte.fm\\\/radio\\\/2023\\\/10\\\/30\\\/los-beatles-lanzan-una-cancion-inedita-la-fecha-de-estreno-y-la-ayuda-del-quinto-integrante\\\/#primaryimage\"},\"image\":{\"@id\":\"http:\\\/\\\/www.radiohorizonte.fm\\\/radio\\\/2023\\\/10\\\/30\\\/los-beatles-lanzan-una-cancion-inedita-la-fecha-de-estreno-y-la-ayuda-del-quinto-integrante\\\/#primaryimage\"},\"thumbnailUrl\":\"http:\\\/\\\/www.radiohorizonte.fm\\\/radio\\\/wp-content\\\/uploads\\\/2023\\\/10\\\/R-8250769-1457969314-2699.jpg\",\"datePublished\":\"2023-10-30T13:03:55+00:00\",\"breadcrumb\":{\"@id\":\"http:\\\/\\\/www.radiohorizonte.fm\\\/radio\\\/2023\\\/10\\\/30\\\/los-beatles-lanzan-una-cancion-inedita-la-fecha-de-estreno-y-la-ayuda-del-quinto-integrante\\\/#breadcrumb\"},\"inLanguage\":\"es-AR\",\"potentialAction\":[{\"@type\":\"ReadAction\",\"target\":[\"http:\\\/\\\/www.radiohorizonte.fm\\\/radio\\\/2023\\\/10\\\/30\\\/los-beatles-lanzan-una-cancion-inedita-la-fecha-de-estreno-y-la-ayuda-del-quinto-integrante\\\/\"]}]},{\"@type\":\"ImageObject\",\"inLanguage\":\"es-AR\",\"@id\":\"http:\\\/\\\/www.radiohorizonte.fm\\\/radio\\\/2023\\\/10\\\/30\\\/los-beatles-lanzan-una-cancion-inedita-la-fecha-de-estreno-y-la-ayuda-del-quinto-integrante\\\/#primaryimage\",\"url\":\"http:\\\/\\\/www.radiohorizonte.fm\\\/radio\\\/wp-content\\\/uploads\\\/2023\\\/10\\\/R-8250769-1457969314-2699.jpg\",\"contentUrl\":\"http:\\\/\\\/www.radiohorizonte.fm\\\/radio\\\/wp-content\\\/uploads\\\/2023\\\/10\\\/R-8250769-1457969314-2699.jpg\",\"width\":591,\"height\":600},{\"@type\":\"BreadcrumbList\",\"@id\":\"http:\\\/\\\/www.radiohorizonte.fm\\\/radio\\\/2023\\\/10\\\/30\\\/los-beatles-lanzan-una-cancion-inedita-la-fecha-de-estreno-y-la-ayuda-del-quinto-integrante\\\/#breadcrumb\",\"itemListElement\":[{\"@type\":\"ListItem\",\"position\":1,\"name\":\"Home\",\"item\":\"http:\\\/\\\/www.radiohorizonte.fm\\\/radio\\\/\"},{\"@type\":\"ListItem\",\"position\":2,\"name\":\"Los Beatles lanzan una canci\u00f3n in\u00e9dita: la fecha de estreno y la ayuda del quinto integrante\"}]},{\"@type\":\"WebSite\",\"@id\":\"http:\\\/\\\/www.radiohorizonte.fm\\\/radio\\\/#website\",\"url\":\"http:\\\/\\\/www.radiohorizonte.fm\\\/radio\\\/\",\"name\":\"Horizonte\",\"description\":\"Radio Horizonte 106.1 - Una radio de clasicos\",\"publisher\":{\"@id\":\"http:\\\/\\\/www.radiohorizonte.fm\\\/radio\\\/#organization\"},\"potentialAction\":[{\"@type\":\"SearchAction\",\"target\":{\"@type\":\"EntryPoint\",\"urlTemplate\":\"http:\\\/\\\/www.radiohorizonte.fm\\\/radio\\\/?s={search_term_string}\"},\"query-input\":{\"@type\":\"PropertyValueSpecification\",\"valueRequired\":true,\"valueName\":\"search_term_string\"}}],\"inLanguage\":\"es-AR\"},{\"@type\":\"Organization\",\"@id\":\"http:\\\/\\\/www.radiohorizonte.fm\\\/radio\\\/#organization\",\"name\":\"Horizonte\",\"url\":\"http:\\\/\\\/www.radiohorizonte.fm\\\/radio\\\/\",\"logo\":{\"@type\":\"ImageObject\",\"inLanguage\":\"es-AR\",\"@id\":\"http:\\\/\\\/www.radiohorizonte.fm\\\/radio\\\/#\\\/schema\\\/logo\\\/image\\\/\",\"url\":\"http:\\\/\\\/www.radiohorizonte.fm\\\/radio\\\/wp-content\\\/uploads\\\/2025\\\/06\\\/Portada-FM-Horizonte_modelo-imagen-scaled.jpg\",\"contentUrl\":\"http:\\\/\\\/www.radiohorizonte.fm\\\/radio\\\/wp-content\\\/uploads\\\/2025\\\/06\\\/Portada-FM-Horizonte_modelo-imagen-scaled.jpg\",\"width\":2560,\"height\":1056,\"caption\":\"Horizonte\"},\"image\":{\"@id\":\"http:\\\/\\\/www.radiohorizonte.fm\\\/radio\\\/#\\\/schema\\\/logo\\\/image\\\/\"},\"sameAs\":[\"http:\\\/\\\/www.facebook.com\\\/HORIZONTE106.1\",\"https:\\\/\\\/x.com\\\/fmhorizonte1061\"]},{\"@type\":\"Person\",\"@id\":\"http:\\\/\\\/www.radiohorizonte.fm\\\/radio\\\/#\\\/schema\\\/person\\\/f8fa003a405bb86729fd87d15d0ddafa\",\"name\":\"Cristian Galarza\",\"image\":{\"@type\":\"ImageObject\",\"inLanguage\":\"es-AR\",\"@id\":\"https:\\\/\\\/secure.gravatar.com\\\/avatar\\\/fad34bc2c773209c05d7d53b08a69b680eeb55f3be014e52b31643d20ab65925?s=96&d=mm&r=g\",\"url\":\"https:\\\/\\\/secure.gravatar.com\\\/avatar\\\/fad34bc2c773209c05d7d53b08a69b680eeb55f3be014e52b31643d20ab65925?s=96&d=mm&r=g\",\"contentUrl\":\"https:\\\/\\\/secure.gravatar.com\\\/avatar\\\/fad34bc2c773209c05d7d53b08a69b680eeb55f3be014e52b31643d20ab65925?s=96&d=mm&r=g\",\"caption\":\"Cristian Galarza\"},\"url\":\"http:\\\/\\\/www.radiohorizonte.fm\\\/radio\\\/author\\\/cristian\\\/\"}]}<\/script>\n<!-- \/ Yoast SEO plugin. -->","yoast_head_json":{"title":"Los Beatles lanzan una canci\u00f3n in\u00e9dita: la fecha de estreno y la ayuda del quinto integrante - Horizonte","robots":{"index":"index","follow":"follow","max-snippet":"max-snippet:-1","max-image-preview":"max-image-preview:large","max-video-preview":"max-video-preview:-1"},"canonical":"http:\/\/www.radiohorizonte.fm\/radio\/2023\/10\/30\/los-beatles-lanzan-una-cancion-inedita-la-fecha-de-estreno-y-la-ayuda-del-quinto-integrante\/","og_locale":"es_ES","og_type":"article","og_title":"Los Beatles lanzan una canci\u00f3n in\u00e9dita: la fecha de estreno y la ayuda del quinto integrante - Horizonte","og_description":"La banda le mostrar\u00e1 al mundo un tema &#8220;nuevo&#8221; de los &#8220;cuatro de Liverpool&#8221;. Paul McCartney y Ringo Starr cantar\u00e1n junto a los desaparecidos John Lennon y George Harrison. \u00bfC\u00f3mo lo lograron? \u00a0 Los Beatles son eternos y volver\u00e1n a estar juntos\u00a0en un nueva canci\u00f3n que ya tiene fecha de lanzamiento: el pr\u00f3ximo 2 de","og_url":"http:\/\/www.radiohorizonte.fm\/radio\/2023\/10\/30\/los-beatles-lanzan-una-cancion-inedita-la-fecha-de-estreno-y-la-ayuda-del-quinto-integrante\/","og_site_name":"Horizonte","article_publisher":"http:\/\/www.facebook.com\/HORIZONTE106.1","article_published_time":"2023-10-30T13:03:55+00:00","og_image":[{"width":591,"height":600,"url":"http:\/\/www.radiohorizonte.fm\/radio\/wp-content\/uploads\/2023\/10\/R-8250769-1457969314-2699.jpg","type":"image\/jpeg"}],"author":"Cristian Galarza","twitter_card":"summary_large_image","twitter_creator":"@fmhorizonte1061","twitter_site":"@fmhorizonte1061","twitter_misc":{"Escrito por":"Cristian Galarza","Tiempo de lectura":"4 minutos"},"schema":{"@context":"https:\/\/schema.org","@graph":[{"@type":"Article","@id":"http:\/\/www.radiohorizonte.fm\/radio\/2023\/10\/30\/los-beatles-lanzan-una-cancion-inedita-la-fecha-de-estreno-y-la-ayuda-del-quinto-integrante\/#article","isPartOf":{"@id":"http:\/\/www.radiohorizonte.fm\/radio\/2023\/10\/30\/los-beatles-lanzan-una-cancion-inedita-la-fecha-de-estreno-y-la-ayuda-del-quinto-integrante\/"},"author":{"name":"Cristian Galarza","@id":"http:\/\/www.radiohorizonte.fm\/radio\/#\/schema\/person\/f8fa003a405bb86729fd87d15d0ddafa"},"headline":"Los Beatles lanzan una canci\u00f3n in\u00e9dita: la fecha de estreno y la ayuda del quinto integrante","datePublished":"2023-10-30T13:03:55+00:00","mainEntityOfPage":{"@id":"http:\/\/www.radiohorizonte.fm\/radio\/2023\/10\/30\/los-beatles-lanzan-una-cancion-inedita-la-fecha-de-estreno-y-la-ayuda-del-quinto-integrante\/"},"wordCount":766,"publisher":{"@id":"http:\/\/www.radiohorizonte.fm\/radio\/#organization"},"image":{"@id":"http:\/\/www.radiohorizonte.fm\/radio\/2023\/10\/30\/los-beatles-lanzan-una-cancion-inedita-la-fecha-de-estreno-y-la-ayuda-del-quinto-integrante\/#primaryimage"},"thumbnailUrl":"http:\/\/www.radiohorizonte.fm\/radio\/wp-content\/uploads\/2023\/10\/R-8250769-1457969314-2699.jpg","articleSection":["Infomusic"],"inLanguage":"es-AR"},{"@type":"WebPage","@id":"http:\/\/www.radiohorizonte.fm\/radio\/2023\/10\/30\/los-beatles-lanzan-una-cancion-inedita-la-fecha-de-estreno-y-la-ayuda-del-quinto-integrante\/","url":"http:\/\/www.radiohorizonte.fm\/radio\/2023\/10\/30\/los-beatles-lanzan-una-cancion-inedita-la-fecha-de-estreno-y-la-ayuda-del-quinto-integrante\/","name":"Los Beatles lanzan una canci\u00f3n in\u00e9dita: la fecha de estreno y la ayuda del quinto integrante - Horizonte","isPartOf":{"@id":"http:\/\/www.radiohorizonte.fm\/radio\/#website"},"primaryImageOfPage":{"@id":"http:\/\/www.radiohorizonte.fm\/radio\/2023\/10\/30\/los-beatles-lanzan-una-cancion-inedita-la-fecha-de-estreno-y-la-ayuda-del-quinto-integrante\/#primaryimage"},"image":{"@id":"http:\/\/www.radiohorizonte.fm\/radio\/2023\/10\/30\/los-beatles-lanzan-una-cancion-inedita-la-fecha-de-estreno-y-la-ayuda-del-quinto-integrante\/#primaryimage"},"thumbnailUrl":"http:\/\/www.radiohorizonte.fm\/radio\/wp-content\/uploads\/2023\/10\/R-8250769-1457969314-2699.jpg","datePublished":"2023-10-30T13:03:55+00:00","breadcrumb":{"@id":"http:\/\/www.radiohorizonte.fm\/radio\/2023\/10\/30\/los-beatles-lanzan-una-cancion-inedita-la-fecha-de-estreno-y-la-ayuda-del-quinto-integrante\/#breadcrumb"},"inLanguage":"es-AR","potentialAction":[{"@type":"ReadAction","target":["http:\/\/www.radiohorizonte.fm\/radio\/2023\/10\/30\/los-beatles-lanzan-una-cancion-inedita-la-fecha-de-estreno-y-la-ayuda-del-quinto-integrante\/"]}]},{"@type":"ImageObject","inLanguage":"es-AR","@id":"http:\/\/www.radiohorizonte.fm\/radio\/2023\/10\/30\/los-beatles-lanzan-una-cancion-inedita-la-fecha-de-estreno-y-la-ayuda-del-quinto-integrante\/#primaryimage","url":"http:\/\/www.radiohorizonte.fm\/radio\/wp-content\/uploads\/2023\/10\/R-8250769-1457969314-2699.jpg","contentUrl":"http:\/\/www.radiohorizonte.fm\/radio\/wp-content\/uploads\/2023\/10\/R-8250769-1457969314-2699.jpg","width":591,"height":600},{"@type":"BreadcrumbList","@id":"http:\/\/www.radiohorizonte.fm\/radio\/2023\/10\/30\/los-beatles-lanzan-una-cancion-inedita-la-fecha-de-estreno-y-la-ayuda-del-quinto-integrante\/#breadcrumb","itemListElement":[{"@type":"ListItem","position":1,"name":"Home","item":"http:\/\/www.radiohorizonte.fm\/radio\/"},{"@type":"ListItem","position":2,"name":"Los Beatles lanzan una canci\u00f3n in\u00e9dita: la fecha de estreno y la ayuda del quinto integrante"}]},{"@type":"WebSite","@id":"http:\/\/www.radiohorizonte.fm\/radio\/#website","url":"http:\/\/www.radiohorizonte.fm\/radio\/","name":"Horizonte","description":"Radio Horizonte 106.1 - Una radio de clasicos","publisher":{"@id":"http:\/\/www.radiohorizonte.fm\/radio\/#organization"},"potentialAction":[{"@type":"SearchAction","target":{"@type":"EntryPoint","urlTemplate":"http:\/\/www.radiohorizonte.fm\/radio\/?s={search_term_string}"},"query-input":{"@type":"PropertyValueSpecification","valueRequired":true,"valueName":"search_term_string"}}],"inLanguage":"es-AR"},{"@type":"Organization","@id":"http:\/\/www.radiohorizonte.fm\/radio\/#organization","name":"Horizonte","url":"http:\/\/www.radiohorizonte.fm\/radio\/","logo":{"@type":"ImageObject","inLanguage":"es-AR","@id":"http:\/\/www.radiohorizonte.fm\/radio\/#\/schema\/logo\/image\/","url":"http:\/\/www.radiohorizonte.fm\/radio\/wp-content\/uploads\/2025\/06\/Portada-FM-Horizonte_modelo-imagen-scaled.jpg","contentUrl":"http:\/\/www.radiohorizonte.fm\/radio\/wp-content\/uploads\/2025\/06\/Portada-FM-Horizonte_modelo-imagen-scaled.jpg","width":2560,"height":1056,"caption":"Horizonte"},"image":{"@id":"http:\/\/www.radiohorizonte.fm\/radio\/#\/schema\/logo\/image\/"},"sameAs":["http:\/\/www.facebook.com\/HORIZONTE106.1","https:\/\/x.com\/fmhorizonte1061"]},{"@type":"Person","@id":"http:\/\/www.radiohorizonte.fm\/radio\/#\/schema\/person\/f8fa003a405bb86729fd87d15d0ddafa","name":"Cristian Galarza","image":{"@type":"ImageObject","inLanguage":"es-AR","@id":"https:\/\/secure.gravatar.com\/avatar\/fad34bc2c773209c05d7d53b08a69b680eeb55f3be014e52b31643d20ab65925?s=96&d=mm&r=g","url":"https:\/\/secure.gravatar.com\/avatar\/fad34bc2c773209c05d7d53b08a69b680eeb55f3be014e52b31643d20ab65925?s=96&d=mm&r=g","contentUrl":"https:\/\/secure.gravatar.com\/avatar\/fad34bc2c773209c05d7d53b08a69b680eeb55f3be014e52b31643d20ab65925?s=96&d=mm&r=g","caption":"Cristian Galarza"},"url":"http:\/\/www.radiohorizonte.fm\/radio\/author\/cristian\/"}]}},"_links":{"self":[{"href":"http:\/\/www.radiohorizonte.fm\/radio\/wp-json\/wp\/v2\/posts\/42269","targetHints":{"allow":["GET"]}}],"collection":[{"href":"http:\/\/www.radiohorizonte.fm\/radio\/wp-json\/wp\/v2\/posts"}],"about":[{"href":"http:\/\/www.radiohorizonte.fm\/radio\/wp-json\/wp\/v2\/types\/post"}],"author":[{"embeddable":true,"href":"http:\/\/www.radiohorizonte.fm\/radio\/wp-json\/wp\/v2\/users\/2"}],"replies":[{"embeddable":true,"href":"http:\/\/www.radiohorizonte.fm\/radio\/wp-json\/wp\/v2\/comments?post=42269"}],"version-history":[{"count":1,"href":"http:\/\/www.radiohorizonte.fm\/radio\/wp-json\/wp\/v2\/posts\/42269\/revisions"}],"predecessor-version":[{"id":42271,"href":"http:\/\/www.radiohorizonte.fm\/radio\/wp-json\/wp\/v2\/posts\/42269\/revisions\/42271"}],"wp:featuredmedia":[{"embeddable":true,"href":"http:\/\/www.radiohorizonte.fm\/radio\/wp-json\/wp\/v2\/media\/42270"}],"wp:attachment":[{"href":"http:\/\/www.radiohorizonte.fm\/radio\/wp-json\/wp\/v2\/media?parent=42269"}],"wp:term":[{"taxonomy":"category","embeddable":true,"href":"http:\/\/www.radiohorizonte.fm\/radio\/wp-json\/wp\/v2\/categories?post=42269"},{"taxonomy":"post_tag","embeddable":true,"href":"http:\/\/www.radiohorizonte.fm\/radio\/wp-json\/wp\/v2\/tags?post=42269"}],"curies":[{"name":"wp","href":"https:\/\/api.w.org\/{rel}","templated":true}]}}