{"id":42272,"date":"2023-10-30T11:45:51","date_gmt":"2023-10-30T14:45:51","guid":{"rendered":"http:\/\/www.radiohorizonte.fm\/radio\/?p=42272"},"modified":"2023-10-30T11:45:51","modified_gmt":"2023-10-30T14:45:51","slug":"ciclo-lectivo-2024-el-ministerio-de-educacion-informo-fechas-de-inscripcion","status":"publish","type":"post","link":"http:\/\/www.radiohorizonte.fm\/radio\/2023\/10\/30\/ciclo-lectivo-2024-el-ministerio-de-educacion-informo-fechas-de-inscripcion\/","title":{"rendered":"Ciclo Lectivo 2024: El Ministerio de Educaci\u00f3n inform\u00f3 fechas de inscripci\u00f3n"},"content":{"rendered":"<p>El Ministerio de Educaci\u00f3n de la Provincia de Corrientes informa que, en vistas al Ciclo Lectivo 2024,\u00a0del 3 al 13 de noviembre estar\u00e1n habilitadas las inscripciones para el nivel inicial (sala de 4 y 5 a\u00f1os), en tanto que para el nivel primario el periodo ser\u00e1 del 14 al 24 de ese mes y las inscripciones para el secundario ser\u00e1n del 25 de noviembre hasta el 5 de diciembre.<\/p>\n<p><img loading=\"lazy\" decoding=\"async\" class=\"alignnone size-full wp-image-42273\" src=\"http:\/\/www.radiohorizonte.fm\/radio\/wp-content\/uploads\/2023\/10\/Captura.png\" alt=\"\" width=\"934\" height=\"446\" srcset=\"http:\/\/www.radiohorizonte.fm\/radio\/wp-content\/uploads\/2023\/10\/Captura.png 934w, http:\/\/www.radiohorizonte.fm\/radio\/wp-content\/uploads\/2023\/10\/Captura-300x143.png 300w, http:\/\/www.radiohorizonte.fm\/radio\/wp-content\/uploads\/2023\/10\/Captura-768x367.png 768w, http:\/\/www.radiohorizonte.fm\/radio\/wp-content\/uploads\/2023\/10\/Captura-65x31.png 65w, http:\/\/www.radiohorizonte.fm\/radio\/wp-content\/uploads\/2023\/10\/Captura-320x153.png 320w, http:\/\/www.radiohorizonte.fm\/radio\/wp-content\/uploads\/2023\/10\/Captura-85x41.png 85w, http:\/\/www.radiohorizonte.fm\/radio\/wp-content\/uploads\/2023\/10\/Captura-220x105.png 220w, http:\/\/www.radiohorizonte.fm\/radio\/wp-content\/uploads\/2023\/10\/Captura-90x43.png 90w\" sizes=\"auto, (max-width: 934px) 100vw, 934px\" \/><\/p>\n<p>Deber\u00e1n realizar este proceso los aspirantes a ingresar por primera vez a un establecimiento educativo (nivel inicial) y aquellos que cambien de nivel (primaria y secundaria).<\/p>\n<p>Para iniciar el tr\u00e1mite a cualquiera de los niveles, el responsable\/tutor deber\u00e1 registrarse en\u00a0<a href=\"http:\/\/inscripciones.mec.gob.ar\/\" target=\"_blank\" rel=\"noopener\" data-saferedirecturl=\"https:\/\/www.google.com\/url?q=http:\/\/inscripciones.mec.gob.ar&amp;source=gmail&amp;ust=1698763465041000&amp;usg=AOvVaw3iLw4G6datDWOGgVLjBvmu\">inscripciones.mec.gob.ar<\/a>\u00a0y consignar datos b\u00e1sicos tanto del aspirante como de los responsables. Se podr\u00e1 seleccionar hasta cinco establecimientos indicando una prioridad\/preferencia y el aspirante debe declarar en cada establecimiento elegido si posee hermanos cursando o familiares directos.<\/p>\n<p>Una vez finalizado el proceso de asignaci\u00f3n de vacantes se expondr\u00e1n los resultados en el sitio web y la inscripci\u00f3n se efectivizar\u00e1 presentando la documentaci\u00f3n en formato papel en el establecimiento cuando \u00e9ste la requiera.<\/p>\n<p>Vale resaltar que en febrero se informar\u00e1 a trav\u00e9s de\u00a0<a href=\"http:\/\/inscripcionesmec.gob.ar\/\" target=\"_blank\" rel=\"noopener\" data-saferedirecturl=\"https:\/\/www.google.com\/url?q=http:\/\/inscripcionesmec.gob.ar&amp;source=gmail&amp;ust=1698763465041000&amp;usg=AOvVaw1ETd8BwGOspxRD9WCM2Wih\">inscripcionesmec.gob.ar<\/a>\u00a0cuales son los establecimientos que tienen vacantes para quienes no logren ingresar a ninguno de los solicitados.<\/p>\n","protected":false},"excerpt":{"rendered":"<div class=\"post-excerpt\"><p>El Ministerio de Educaci\u00f3n de la Provincia de Corrientes informa que, en vistas al Ciclo Lectivo 2024,\u00a0del 3 al 13 de noviembre estar\u00e1n habilitadas las inscripciones para el nivel inicial (sala de 4 y 5 a\u00f1os), en tanto que para el nivel primario el periodo ser\u00e1 del 14 al 24 de ese mes y las<\/p>\n<\/div>","protected":false},"author":2,"featured_media":42273,"comment_status":"closed","ping_status":"closed","sticky":false,"template":"","format":"standard","meta":{"_acf_changed":false,"footnotes":""},"categories":[2],"tags":[],"class_list":["post-42272","post","type-post","status-publish","format-standard","has-post-thumbnail","hentry","category-noticias"],"acf":[],"yoast_head":"<!-- This site is optimized with the Yoast SEO plugin v28.1 - https:\/\/yoast.com\/product\/yoast-seo-wordpress\/ -->\n<title>Ciclo Lectivo 2024: El Ministerio de Educaci\u00f3n inform\u00f3 fechas de inscripci\u00f3n - Horizonte<\/title>\n<meta name=\"robots\" content=\"index, follow, max-snippet:-1, max-image-preview:large, max-video-preview:-1\" \/>\n<link rel=\"canonical\" href=\"https:\/\/www.radiohorizonte.fm\/radio\/2023\/10\/30\/ciclo-lectivo-2024-el-ministerio-de-educacion-informo-fechas-de-inscripcion\/\" \/>\n<meta property=\"og:locale\" content=\"es_ES\" \/>\n<meta property=\"og:type\" content=\"article\" \/>\n<meta property=\"og:title\" content=\"Ciclo Lectivo 2024: El Ministerio de Educaci\u00f3n inform\u00f3 fechas de inscripci\u00f3n - Horizonte\" \/>\n<meta property=\"og:description\" content=\"El Ministerio de Educaci\u00f3n de la Provincia de Corrientes informa que, en vistas al Ciclo Lectivo 2024,\u00a0del 3 al 13 de noviembre estar\u00e1n habilitadas las inscripciones para el nivel inicial (sala de 4 y 5 a\u00f1os), en tanto que para el nivel primario el periodo ser\u00e1 del 14 al 24 de ese mes y las\" \/>\n<meta property=\"og:url\" content=\"https:\/\/www.radiohorizonte.fm\/radio\/2023\/10\/30\/ciclo-lectivo-2024-el-ministerio-de-educacion-informo-fechas-de-inscripcion\/\" \/>\n<meta property=\"og:site_name\" content=\"Horizonte\" \/>\n<meta property=\"article:publisher\" content=\"http:\/\/www.facebook.com\/HORIZONTE106.1\" \/>\n<meta property=\"article:published_time\" content=\"2023-10-30T14:45:51+00:00\" \/>\n<meta property=\"og:image\" content=\"https:\/\/www.radiohorizonte.fm\/radio\/wp-content\/uploads\/2023\/10\/Captura.png\" \/>\n\t<meta property=\"og:image:width\" content=\"934\" \/>\n\t<meta property=\"og:image:height\" content=\"446\" \/>\n\t<meta property=\"og:image:type\" content=\"image\/png\" \/>\n<meta name=\"author\" content=\"Cristian Galarza\" \/>\n<meta name=\"twitter:card\" content=\"summary_large_image\" \/>\n<meta name=\"twitter:creator\" content=\"@fmhorizonte1061\" \/>\n<meta name=\"twitter:site\" content=\"@fmhorizonte1061\" \/>\n<meta name=\"twitter:label1\" content=\"Escrito por\" \/>\n\t<meta name=\"twitter:data1\" content=\"Cristian Galarza\" \/>\n\t<meta name=\"twitter:label2\" content=\"Tiempo de lectura\" \/>\n\t<meta name=\"twitter:data2\" content=\"1 minuto\" \/>\n<script type=\"application\/ld+json\" class=\"yoast-schema-graph\">{\"@context\":\"https:\\\/\\\/schema.org\",\"@graph\":[{\"@type\":\"Article\",\"@id\":\"https:\\\/\\\/www.radiohorizonte.fm\\\/radio\\\/2023\\\/10\\\/30\\\/ciclo-lectivo-2024-el-ministerio-de-educacion-informo-fechas-de-inscripcion\\\/#article\",\"isPartOf\":{\"@id\":\"https:\\\/\\\/www.radiohorizonte.fm\\\/radio\\\/2023\\\/10\\\/30\\\/ciclo-lectivo-2024-el-ministerio-de-educacion-informo-fechas-de-inscripcion\\\/\"},\"author\":{\"name\":\"Cristian Galarza\",\"@id\":\"http:\\\/\\\/www.radiohorizonte.fm\\\/radio\\\/#\\\/schema\\\/person\\\/f8fa003a405bb86729fd87d15d0ddafa\"},\"headline\":\"Ciclo Lectivo 2024: El Ministerio de Educaci\u00f3n inform\u00f3 fechas de inscripci\u00f3n\",\"datePublished\":\"2023-10-30T14:45:51+00:00\",\"mainEntityOfPage\":{\"@id\":\"https:\\\/\\\/www.radiohorizonte.fm\\\/radio\\\/2023\\\/10\\\/30\\\/ciclo-lectivo-2024-el-ministerio-de-educacion-informo-fechas-de-inscripcion\\\/\"},\"wordCount\":232,\"publisher\":{\"@id\":\"http:\\\/\\\/www.radiohorizonte.fm\\\/radio\\\/#organization\"},\"image\":{\"@id\":\"https:\\\/\\\/www.radiohorizonte.fm\\\/radio\\\/2023\\\/10\\\/30\\\/ciclo-lectivo-2024-el-ministerio-de-educacion-informo-fechas-de-inscripcion\\\/#primaryimage\"},\"thumbnailUrl\":\"http:\\\/\\\/www.radiohorizonte.fm\\\/radio\\\/wp-content\\\/uploads\\\/2023\\\/10\\\/Captura.png\",\"articleSection\":[\"Noticias\"],\"inLanguage\":\"es-AR\"},{\"@type\":\"WebPage\",\"@id\":\"https:\\\/\\\/www.radiohorizonte.fm\\\/radio\\\/2023\\\/10\\\/30\\\/ciclo-lectivo-2024-el-ministerio-de-educacion-informo-fechas-de-inscripcion\\\/\",\"url\":\"https:\\\/\\\/www.radiohorizonte.fm\\\/radio\\\/2023\\\/10\\\/30\\\/ciclo-lectivo-2024-el-ministerio-de-educacion-informo-fechas-de-inscripcion\\\/\",\"name\":\"Ciclo Lectivo 2024: El Ministerio de Educaci\u00f3n inform\u00f3 fechas de inscripci\u00f3n - Horizonte\",\"isPartOf\":{\"@id\":\"http:\\\/\\\/www.radiohorizonte.fm\\\/radio\\\/#website\"},\"primaryImageOfPage\":{\"@id\":\"https:\\\/\\\/www.radiohorizonte.fm\\\/radio\\\/2023\\\/10\\\/30\\\/ciclo-lectivo-2024-el-ministerio-de-educacion-informo-fechas-de-inscripcion\\\/#primaryimage\"},\"image\":{\"@id\":\"https:\\\/\\\/www.radiohorizonte.fm\\\/radio\\\/2023\\\/10\\\/30\\\/ciclo-lectivo-2024-el-ministerio-de-educacion-informo-fechas-de-inscripcion\\\/#primaryimage\"},\"thumbnailUrl\":\"http:\\\/\\\/www.radiohorizonte.fm\\\/radio\\\/wp-content\\\/uploads\\\/2023\\\/10\\\/Captura.png\",\"datePublished\":\"2023-10-30T14:45:51+00:00\",\"breadcrumb\":{\"@id\":\"https:\\\/\\\/www.radiohorizonte.fm\\\/radio\\\/2023\\\/10\\\/30\\\/ciclo-lectivo-2024-el-ministerio-de-educacion-informo-fechas-de-inscripcion\\\/#breadcrumb\"},\"inLanguage\":\"es-AR\",\"potentialAction\":[{\"@type\":\"ReadAction\",\"target\":[\"https:\\\/\\\/www.radiohorizonte.fm\\\/radio\\\/2023\\\/10\\\/30\\\/ciclo-lectivo-2024-el-ministerio-de-educacion-informo-fechas-de-inscripcion\\\/\"]}]},{\"@type\":\"ImageObject\",\"inLanguage\":\"es-AR\",\"@id\":\"https:\\\/\\\/www.radiohorizonte.fm\\\/radio\\\/2023\\\/10\\\/30\\\/ciclo-lectivo-2024-el-ministerio-de-educacion-informo-fechas-de-inscripcion\\\/#primaryimage\",\"url\":\"http:\\\/\\\/www.radiohorizonte.fm\\\/radio\\\/wp-content\\\/uploads\\\/2023\\\/10\\\/Captura.png\",\"contentUrl\":\"http:\\\/\\\/www.radiohorizonte.fm\\\/radio\\\/wp-content\\\/uploads\\\/2023\\\/10\\\/Captura.png\",\"width\":934,\"height\":446},{\"@type\":\"BreadcrumbList\",\"@id\":\"https:\\\/\\\/www.radiohorizonte.fm\\\/radio\\\/2023\\\/10\\\/30\\\/ciclo-lectivo-2024-el-ministerio-de-educacion-informo-fechas-de-inscripcion\\\/#breadcrumb\",\"itemListElement\":[{\"@type\":\"ListItem\",\"position\":1,\"name\":\"Home\",\"item\":\"http:\\\/\\\/www.radiohorizonte.fm\\\/radio\\\/\"},{\"@type\":\"ListItem\",\"position\":2,\"name\":\"Ciclo Lectivo 2024: El Ministerio de Educaci\u00f3n inform\u00f3 fechas de inscripci\u00f3n\"}]},{\"@type\":\"WebSite\",\"@id\":\"http:\\\/\\\/www.radiohorizonte.fm\\\/radio\\\/#website\",\"url\":\"http:\\\/\\\/www.radiohorizonte.fm\\\/radio\\\/\",\"name\":\"Horizonte\",\"description\":\"Radio Horizonte 106.1 - Una radio de clasicos\",\"publisher\":{\"@id\":\"http:\\\/\\\/www.radiohorizonte.fm\\\/radio\\\/#organization\"},\"potentialAction\":[{\"@type\":\"SearchAction\",\"target\":{\"@type\":\"EntryPoint\",\"urlTemplate\":\"http:\\\/\\\/www.radiohorizonte.fm\\\/radio\\\/?s={search_term_string}\"},\"query-input\":{\"@type\":\"PropertyValueSpecification\",\"valueRequired\":true,\"valueName\":\"search_term_string\"}}],\"inLanguage\":\"es-AR\"},{\"@type\":\"Organization\",\"@id\":\"http:\\\/\\\/www.radiohorizonte.fm\\\/radio\\\/#organization\",\"name\":\"Horizonte\",\"url\":\"http:\\\/\\\/www.radiohorizonte.fm\\\/radio\\\/\",\"logo\":{\"@type\":\"ImageObject\",\"inLanguage\":\"es-AR\",\"@id\":\"http:\\\/\\\/www.radiohorizonte.fm\\\/radio\\\/#\\\/schema\\\/logo\\\/image\\\/\",\"url\":\"http:\\\/\\\/www.radiohorizonte.fm\\\/radio\\\/wp-content\\\/uploads\\\/2025\\\/06\\\/Portada-FM-Horizonte_modelo-imagen-scaled.jpg\",\"contentUrl\":\"http:\\\/\\\/www.radiohorizonte.fm\\\/radio\\\/wp-content\\\/uploads\\\/2025\\\/06\\\/Portada-FM-Horizonte_modelo-imagen-scaled.jpg\",\"width\":2560,\"height\":1056,\"caption\":\"Horizonte\"},\"image\":{\"@id\":\"http:\\\/\\\/www.radiohorizonte.fm\\\/radio\\\/#\\\/schema\\\/logo\\\/image\\\/\"},\"sameAs\":[\"http:\\\/\\\/www.facebook.com\\\/HORIZONTE106.1\",\"https:\\\/\\\/x.com\\\/fmhorizonte1061\"]},{\"@type\":\"Person\",\"@id\":\"http:\\\/\\\/www.radiohorizonte.fm\\\/radio\\\/#\\\/schema\\\/person\\\/f8fa003a405bb86729fd87d15d0ddafa\",\"name\":\"Cristian Galarza\",\"image\":{\"@type\":\"ImageObject\",\"inLanguage\":\"es-AR\",\"@id\":\"https:\\\/\\\/secure.gravatar.com\\\/avatar\\\/fad34bc2c773209c05d7d53b08a69b680eeb55f3be014e52b31643d20ab65925?s=96&d=mm&r=g\",\"url\":\"https:\\\/\\\/secure.gravatar.com\\\/avatar\\\/fad34bc2c773209c05d7d53b08a69b680eeb55f3be014e52b31643d20ab65925?s=96&d=mm&r=g\",\"contentUrl\":\"https:\\\/\\\/secure.gravatar.com\\\/avatar\\\/fad34bc2c773209c05d7d53b08a69b680eeb55f3be014e52b31643d20ab65925?s=96&d=mm&r=g\",\"caption\":\"Cristian Galarza\"},\"url\":\"http:\\\/\\\/www.radiohorizonte.fm\\\/radio\\\/author\\\/cristian\\\/\"}]}<\/script>\n<!-- \/ Yoast SEO plugin. -->","yoast_head_json":{"title":"Ciclo Lectivo 2024: El Ministerio de Educaci\u00f3n inform\u00f3 fechas de inscripci\u00f3n - Horizonte","robots":{"index":"index","follow":"follow","max-snippet":"max-snippet:-1","max-image-preview":"max-image-preview:large","max-video-preview":"max-video-preview:-1"},"canonical":"https:\/\/www.radiohorizonte.fm\/radio\/2023\/10\/30\/ciclo-lectivo-2024-el-ministerio-de-educacion-informo-fechas-de-inscripcion\/","og_locale":"es_ES","og_type":"article","og_title":"Ciclo Lectivo 2024: El Ministerio de Educaci\u00f3n inform\u00f3 fechas de inscripci\u00f3n - Horizonte","og_description":"El Ministerio de Educaci\u00f3n de la Provincia de Corrientes informa que, en vistas al Ciclo Lectivo 2024,\u00a0del 3 al 13 de noviembre estar\u00e1n habilitadas las inscripciones para el nivel inicial (sala de 4 y 5 a\u00f1os), en tanto que para el nivel primario el periodo ser\u00e1 del 14 al 24 de ese mes y las","og_url":"https:\/\/www.radiohorizonte.fm\/radio\/2023\/10\/30\/ciclo-lectivo-2024-el-ministerio-de-educacion-informo-fechas-de-inscripcion\/","og_site_name":"Horizonte","article_publisher":"http:\/\/www.facebook.com\/HORIZONTE106.1","article_published_time":"2023-10-30T14:45:51+00:00","og_image":[{"width":934,"height":446,"url":"https:\/\/www.radiohorizonte.fm\/radio\/wp-content\/uploads\/2023\/10\/Captura.png","type":"image\/png"}],"author":"Cristian Galarza","twitter_card":"summary_large_image","twitter_creator":"@fmhorizonte1061","twitter_site":"@fmhorizonte1061","twitter_misc":{"Escrito por":"Cristian Galarza","Tiempo de lectura":"1 minuto"},"schema":{"@context":"https:\/\/schema.org","@graph":[{"@type":"Article","@id":"https:\/\/www.radiohorizonte.fm\/radio\/2023\/10\/30\/ciclo-lectivo-2024-el-ministerio-de-educacion-informo-fechas-de-inscripcion\/#article","isPartOf":{"@id":"https:\/\/www.radiohorizonte.fm\/radio\/2023\/10\/30\/ciclo-lectivo-2024-el-ministerio-de-educacion-informo-fechas-de-inscripcion\/"},"author":{"name":"Cristian Galarza","@id":"http:\/\/www.radiohorizonte.fm\/radio\/#\/schema\/person\/f8fa003a405bb86729fd87d15d0ddafa"},"headline":"Ciclo Lectivo 2024: El Ministerio de Educaci\u00f3n inform\u00f3 fechas de inscripci\u00f3n","datePublished":"2023-10-30T14:45:51+00:00","mainEntityOfPage":{"@id":"https:\/\/www.radiohorizonte.fm\/radio\/2023\/10\/30\/ciclo-lectivo-2024-el-ministerio-de-educacion-informo-fechas-de-inscripcion\/"},"wordCount":232,"publisher":{"@id":"http:\/\/www.radiohorizonte.fm\/radio\/#organization"},"image":{"@id":"https:\/\/www.radiohorizonte.fm\/radio\/2023\/10\/30\/ciclo-lectivo-2024-el-ministerio-de-educacion-informo-fechas-de-inscripcion\/#primaryimage"},"thumbnailUrl":"http:\/\/www.radiohorizonte.fm\/radio\/wp-content\/uploads\/2023\/10\/Captura.png","articleSection":["Noticias"],"inLanguage":"es-AR"},{"@type":"WebPage","@id":"https:\/\/www.radiohorizonte.fm\/radio\/2023\/10\/30\/ciclo-lectivo-2024-el-ministerio-de-educacion-informo-fechas-de-inscripcion\/","url":"https:\/\/www.radiohorizonte.fm\/radio\/2023\/10\/30\/ciclo-lectivo-2024-el-ministerio-de-educacion-informo-fechas-de-inscripcion\/","name":"Ciclo Lectivo 2024: El Ministerio de Educaci\u00f3n inform\u00f3 fechas de inscripci\u00f3n - Horizonte","isPartOf":{"@id":"http:\/\/www.radiohorizonte.fm\/radio\/#website"},"primaryImageOfPage":{"@id":"https:\/\/www.radiohorizonte.fm\/radio\/2023\/10\/30\/ciclo-lectivo-2024-el-ministerio-de-educacion-informo-fechas-de-inscripcion\/#primaryimage"},"image":{"@id":"https:\/\/www.radiohorizonte.fm\/radio\/2023\/10\/30\/ciclo-lectivo-2024-el-ministerio-de-educacion-informo-fechas-de-inscripcion\/#primaryimage"},"thumbnailUrl":"http:\/\/www.radiohorizonte.fm\/radio\/wp-content\/uploads\/2023\/10\/Captura.png","datePublished":"2023-10-30T14:45:51+00:00","breadcrumb":{"@id":"https:\/\/www.radiohorizonte.fm\/radio\/2023\/10\/30\/ciclo-lectivo-2024-el-ministerio-de-educacion-informo-fechas-de-inscripcion\/#breadcrumb"},"inLanguage":"es-AR","potentialAction":[{"@type":"ReadAction","target":["https:\/\/www.radiohorizonte.fm\/radio\/2023\/10\/30\/ciclo-lectivo-2024-el-ministerio-de-educacion-informo-fechas-de-inscripcion\/"]}]},{"@type":"ImageObject","inLanguage":"es-AR","@id":"https:\/\/www.radiohorizonte.fm\/radio\/2023\/10\/30\/ciclo-lectivo-2024-el-ministerio-de-educacion-informo-fechas-de-inscripcion\/#primaryimage","url":"http:\/\/www.radiohorizonte.fm\/radio\/wp-content\/uploads\/2023\/10\/Captura.png","contentUrl":"http:\/\/www.radiohorizonte.fm\/radio\/wp-content\/uploads\/2023\/10\/Captura.png","width":934,"height":446},{"@type":"BreadcrumbList","@id":"https:\/\/www.radiohorizonte.fm\/radio\/2023\/10\/30\/ciclo-lectivo-2024-el-ministerio-de-educacion-informo-fechas-de-inscripcion\/#breadcrumb","itemListElement":[{"@type":"ListItem","position":1,"name":"Home","item":"http:\/\/www.radiohorizonte.fm\/radio\/"},{"@type":"ListItem","position":2,"name":"Ciclo Lectivo 2024: El Ministerio de Educaci\u00f3n inform\u00f3 fechas de inscripci\u00f3n"}]},{"@type":"WebSite","@id":"http:\/\/www.radiohorizonte.fm\/radio\/#website","url":"http:\/\/www.radiohorizonte.fm\/radio\/","name":"Horizonte","description":"Radio Horizonte 106.1 - Una radio de clasicos","publisher":{"@id":"http:\/\/www.radiohorizonte.fm\/radio\/#organization"},"potentialAction":[{"@type":"SearchAction","target":{"@type":"EntryPoint","urlTemplate":"http:\/\/www.radiohorizonte.fm\/radio\/?s={search_term_string}"},"query-input":{"@type":"PropertyValueSpecification","valueRequired":true,"valueName":"search_term_string"}}],"inLanguage":"es-AR"},{"@type":"Organization","@id":"http:\/\/www.radiohorizonte.fm\/radio\/#organization","name":"Horizonte","url":"http:\/\/www.radiohorizonte.fm\/radio\/","logo":{"@type":"ImageObject","inLanguage":"es-AR","@id":"http:\/\/www.radiohorizonte.fm\/radio\/#\/schema\/logo\/image\/","url":"http:\/\/www.radiohorizonte.fm\/radio\/wp-content\/uploads\/2025\/06\/Portada-FM-Horizonte_modelo-imagen-scaled.jpg","contentUrl":"http:\/\/www.radiohorizonte.fm\/radio\/wp-content\/uploads\/2025\/06\/Portada-FM-Horizonte_modelo-imagen-scaled.jpg","width":2560,"height":1056,"caption":"Horizonte"},"image":{"@id":"http:\/\/www.radiohorizonte.fm\/radio\/#\/schema\/logo\/image\/"},"sameAs":["http:\/\/www.facebook.com\/HORIZONTE106.1","https:\/\/x.com\/fmhorizonte1061"]},{"@type":"Person","@id":"http:\/\/www.radiohorizonte.fm\/radio\/#\/schema\/person\/f8fa003a405bb86729fd87d15d0ddafa","name":"Cristian Galarza","image":{"@type":"ImageObject","inLanguage":"es-AR","@id":"https:\/\/secure.gravatar.com\/avatar\/fad34bc2c773209c05d7d53b08a69b680eeb55f3be014e52b31643d20ab65925?s=96&d=mm&r=g","url":"https:\/\/secure.gravatar.com\/avatar\/fad34bc2c773209c05d7d53b08a69b680eeb55f3be014e52b31643d20ab65925?s=96&d=mm&r=g","contentUrl":"https:\/\/secure.gravatar.com\/avatar\/fad34bc2c773209c05d7d53b08a69b680eeb55f3be014e52b31643d20ab65925?s=96&d=mm&r=g","caption":"Cristian Galarza"},"url":"http:\/\/www.radiohorizonte.fm\/radio\/author\/cristian\/"}]}},"_links":{"self":[{"href":"http:\/\/www.radiohorizonte.fm\/radio\/wp-json\/wp\/v2\/posts\/42272","targetHints":{"allow":["GET"]}}],"collection":[{"href":"http:\/\/www.radiohorizonte.fm\/radio\/wp-json\/wp\/v2\/posts"}],"about":[{"href":"http:\/\/www.radiohorizonte.fm\/radio\/wp-json\/wp\/v2\/types\/post"}],"author":[{"embeddable":true,"href":"http:\/\/www.radiohorizonte.fm\/radio\/wp-json\/wp\/v2\/users\/2"}],"replies":[{"embeddable":true,"href":"http:\/\/www.radiohorizonte.fm\/radio\/wp-json\/wp\/v2\/comments?post=42272"}],"version-history":[{"count":1,"href":"http:\/\/www.radiohorizonte.fm\/radio\/wp-json\/wp\/v2\/posts\/42272\/revisions"}],"predecessor-version":[{"id":42274,"href":"http:\/\/www.radiohorizonte.fm\/radio\/wp-json\/wp\/v2\/posts\/42272\/revisions\/42274"}],"wp:featuredmedia":[{"embeddable":true,"href":"http:\/\/www.radiohorizonte.fm\/radio\/wp-json\/wp\/v2\/media\/42273"}],"wp:attachment":[{"href":"http:\/\/www.radiohorizonte.fm\/radio\/wp-json\/wp\/v2\/media?parent=42272"}],"wp:term":[{"taxonomy":"category","embeddable":true,"href":"http:\/\/www.radiohorizonte.fm\/radio\/wp-json\/wp\/v2\/categories?post=42272"},{"taxonomy":"post_tag","embeddable":true,"href":"http:\/\/www.radiohorizonte.fm\/radio\/wp-json\/wp\/v2\/tags?post=42272"}],"curies":[{"name":"wp","href":"https:\/\/api.w.org\/{rel}","templated":true}]}}