{"id":52175,"date":"2026-08-31T07:40:52","date_gmt":"2026-08-31T10:40:52","guid":{"rendered":"https:\/\/www.radiohorizonte.fm\/radio\/?p=52175"},"modified":"2026-08-31T07:45:29","modified_gmt":"2026-08-31T10:45:29","slug":"nuevo-dni-con-chip-quienes-estan-obligados-a-renovarlo-antes-de-fin-de-ano-y-como-hacerlo-paso-a-paso","status":"publish","type":"post","link":"http:\/\/www.radiohorizonte.fm\/radio\/2026\/08\/31\/nuevo-dni-con-chip-quienes-estan-obligados-a-renovarlo-antes-de-fin-de-ano-y-como-hacerlo-paso-a-paso\/","title":{"rendered":"Nuevo DNI con chip: qui\u00e9nes est\u00e1n obligados a renovarlo antes de fin de a\u00f1o y c\u00f3mo hacerlo paso a paso"},"content":{"rendered":"\n<h2 class=\"wp-block-heading\">El nuevo DNI con chip ya comenz\u00f3 a implementarse en Argentina, pero no todos los ciudadanos deben renovarlo de forma inmediata. Qui\u00e9nes est\u00e1n obligados a hacer el tr\u00e1mite, cu\u00e1nto cuesta y cu\u00e1les son los pasos para obtenerlo.<\/h2>\n\n\n\n<figure class=\"wp-block-image size-full\"><img loading=\"lazy\" decoding=\"async\" width=\"990\" height=\"557\" src=\"https:\/\/www.radiohorizonte.fm\/radio\/wp-content\/uploads\/2026\/08\/dni1.jpg\" alt=\"\" class=\"wp-image-52176\" srcset=\"http:\/\/www.radiohorizonte.fm\/radio\/wp-content\/uploads\/2026\/08\/dni1.jpg 990w, http:\/\/www.radiohorizonte.fm\/radio\/wp-content\/uploads\/2026\/08\/dni1-300x169.jpg 300w, http:\/\/www.radiohorizonte.fm\/radio\/wp-content\/uploads\/2026\/08\/dni1-768x432.jpg 768w, http:\/\/www.radiohorizonte.fm\/radio\/wp-content\/uploads\/2026\/08\/dni1-640x360.jpg 640w\" sizes=\"auto, (max-width: 990px) 100vw, 990px\" \/><\/figure>\n\n\n\n<p class=\"wp-block-paragraph\">El\u00a0<strong>Gobierno<\/strong>\u00a0present\u00f3 el\u00a0<strong>nuevo DNI con chip electr\u00f3nico<\/strong>\u00a0encriptado para reforzar la seguridad y adecuar el documento a est\u00e1ndares internacionales.<\/p>\n\n\n\n<p class=\"wp-block-paragraph\">Sin embargo, no todos\u00a0los argentinos\u00a0deben renovarlo de inmediato ya que el\u00a0<strong>Renaper\u00a0<\/strong>aclar\u00f3 qui\u00e9nes est\u00e1n alcanzados por la obligaci\u00f3n y c\u00f3mo realizar el tr\u00e1mite.<\/p>\n\n\n\n<h2 class=\"wp-block-heading\">C\u00f3mo es el nuevo DNI<\/h2>\n\n\n\n<p class=\"wp-block-paragraph\">La incorporaci\u00f3n de un chip sin contacto en el\u00a0<strong>Documento Nacional de Identidad<\/strong>\u00a0(DNI) es una de las\u00a0modificaciones m\u00e1s importantes\u00a0y el Registro Nacional de las Personas (Renaper) confirm\u00f3 que la implementaci\u00f3n ser\u00e1 gradual.<\/p>\n\n\n\n<figure class=\"wp-block-image size-full\"><img loading=\"lazy\" decoding=\"async\" width=\"990\" height=\"556\" src=\"https:\/\/www.radiohorizonte.fm\/radio\/wp-content\/uploads\/2026\/08\/dni2.jpg\" alt=\"\" class=\"wp-image-52177\" srcset=\"http:\/\/www.radiohorizonte.fm\/radio\/wp-content\/uploads\/2026\/08\/dni2.jpg 990w, http:\/\/www.radiohorizonte.fm\/radio\/wp-content\/uploads\/2026\/08\/dni2-300x168.jpg 300w, http:\/\/www.radiohorizonte.fm\/radio\/wp-content\/uploads\/2026\/08\/dni2-768x431.jpg 768w, http:\/\/www.radiohorizonte.fm\/radio\/wp-content\/uploads\/2026\/08\/dni2-640x359.jpg 640w\" sizes=\"auto, (max-width: 990px) 100vw, 990px\" \/><\/figure>\n\n\n\n<p class=\"wp-block-paragraph\">Adem\u00e1s, se inform\u00f3 que los documentos emitidos con el formato anterior&nbsp;<mark>seguir\u00e1n siendo v\u00e1lidos hasta su fecha de vencimiento<\/mark>.<\/p>\n\n\n\n<p class=\"wp-block-paragraph\">De esta manera, no existe una renovaci\u00f3n masiva obligatoria para toda la poblaci\u00f3n,&nbsp;debido a que la exigencia alcanza \u00fanicamente a determinados grupos&nbsp;y situaciones previstas por la normativa vigente.<\/p>\n\n\n\n<h2 class=\"wp-block-heading\">\u00bfQui\u00e9nes est\u00e1n obligados a renovar el DNI en 2026?<\/h2>\n\n\n\n<p class=\"wp-block-paragraph\">Seg\u00fan precis\u00f3 el&nbsp;<strong>Renaper<\/strong>, el nuevo DNI con chip deber\u00e1 tramitarse en los siguientes casos:<\/p>\n\n\n\n<ul class=\"wp-block-list\">\n<li><strong>Menores y adolescentes<\/strong>\u00a0que deban realizar las actualizaciones obligatorias de los\u00a0<strong>5, 8 y 14 a\u00f1os<\/strong>.<\/li>\n\n\n\n<li><strong>Personas con el DNI vencido<\/strong>\u00a0o pr\u00f3ximo a vencer.<\/li>\n\n\n\n<li>Quienes necesiten realizar\u00a0<strong>cambios de domicilio, datos filiatorios o g\u00e9nero<\/strong>.<\/li>\n\n\n\n<li>Ciudadanos que hayan sufrido\u00a0<strong>robo, hurto, extrav\u00edo o rotura<\/strong>\u00a0del documento.<\/li>\n\n\n\n<li><strong>Extranjeros residentes<\/strong>\u00a0que deban actualizar su situaci\u00f3n migratoria o realizar modificaciones en sus datos.<\/li>\n<\/ul>\n\n\n\n<p class=\"wp-block-paragraph\">Fuera de estos casos, l<mark>os DNI actuales contin\u00faan vigentes y pueden utilizarse normalmente para realizar tr\u00e1mites, votar, viajar dentro del pa\u00eds y acreditar identidad<\/mark>.<\/p>\n\n\n\n<h2 class=\"wp-block-heading\">Qu\u00e9 cambia con el nuevo DNI con chip<\/h2>\n\n\n\n<p class=\"wp-block-paragraph\">La\u00a0nueva versi\u00f3n del documento\u00a0incorpora un\u00a0<strong>chip electr\u00f3nico encriptado<\/strong>, una herramienta dise\u00f1ada para mejorar los niveles de seguridad y protecci\u00f3n de los datos personales.<\/p>\n\n\n\n<figure class=\"wp-block-image\"><img decoding=\"async\" src=\"https:\/\/www.cronista.com\/resizer\/v2\/nuevo-dni-con-chip-quienes-estan-obligados-a-renovarlo-antes-de-fin-de-ano-y-como-hacerlo-paso-a-paso-KMD7VSOI2VFKZERWORZZUETIVU.jpg?auth=b052ef7122fe2cf7067f7bf5d7a2d84cfa5c2ee4cd7e39f40f00659de9f5feaf&amp;smart=true&amp;width=800&amp;height=443&amp;quality=70\" alt=\"Imagen ilustrativa.\"\/><figcaption class=\"wp-element-caption\">Imagen ilustrativa.<\/figcaption><\/figure>\n\n\n\n<p class=\"wp-block-paragraph\">El objetivo es fortalecer los mecanismos de verificaci\u00f3n de identidad,&nbsp;<mark>reducir los riesgos de falsificaci\u00f3n y adaptar el sistema argentino a las exigencias tecnol\u00f3gicas que ya utilizan numerosos pa\u00edses en el mundo<\/mark>.<\/p>\n\n\n\n<p class=\"wp-block-paragraph\">Desde el<strong>&nbsp;Gobierno<\/strong>&nbsp;se\u00f1alaron que esta actualizaci\u00f3n forma parte de un proceso de modernizaci\u00f3n documental que se implementar\u00e1 progresivamente a medida que los ciudadanos renueven o tramiten nuevos ejemplares.<\/p>\n\n\n\n<h2 class=\"wp-block-heading\">C\u00f3mo renovar el DNI: el paso a paso<\/h2>\n\n\n\n<p class=\"wp-block-paragraph\">El tr\u00e1mite para obtener el nuevo DNI con chip es presencial y requiere completar una serie de etapas.<\/p>\n\n\n\n<h3 class=\"wp-block-heading\">1. Solicitar un turno<\/h3>\n\n\n\n<p class=\"wp-block-paragraph\">Los interesados deben gestionar un turno previo a trav\u00e9s de la aplicaci\u00f3n&nbsp;<strong>Mi Argentina<\/strong>&nbsp;o mediante los canales oficiales del Renaper.<\/p>\n\n\n\n<h3 class=\"wp-block-heading\">2. Presentarse en la oficina asignada<\/h3>\n\n\n\n<p class=\"wp-block-paragraph\">El d\u00eda indicado se deber\u00e1 asistir al Registro Civil o Centro de Documentaci\u00f3n seleccionado.<\/p>\n\n\n\n<p class=\"wp-block-paragraph\">En el caso de los&nbsp;<strong>menores de 14 a\u00f1os<\/strong>, es obligatorio concurrir acompa\u00f1ados por su madre, padre o tutor legal, quien deber\u00e1 presentar su propio DNI.<\/p>\n\n\n\n<h3 class=\"wp-block-heading\">3. Conservar el comprobante<\/h3>\n\n\n\n<p class=\"wp-block-paragraph\">Una vez iniciado el tr\u00e1mite, se entrega una constancia con un n\u00famero de identificaci\u00f3n que permite seguir el estado de la gesti\u00f3n en l\u00ednea.<\/p>\n\n\n\n<h3 class=\"wp-block-heading\">4. Recibir el documento<\/h3>\n\n\n\n<p class=\"wp-block-paragraph\">El DNI puede enviarse al domicilio declarado o retirarse en la dependencia elegida, seg\u00fan la modalidad seleccionada durante el tr\u00e1mite.<\/p>\n\n\n\n<p class=\"wp-block-paragraph\"><a href=\"https:\/\/www.cronista.com\/informacion-gral\/colgar-una-tela-blanca-en-la-ventana-de-un-auto-en-movimiento-que-significa-y-por-que-es-importante-saber-como-actuar\/\" rel=\"noopener\" target=\"_blank\"><\/a><\/p>\n\n\n\n<h2 class=\"wp-block-heading\"><\/h2>\n\n\n\n<h2 class=\"wp-block-heading\">Cu\u00e1nto cuesta sacar el nuevo DNI en Argentina<\/h2>\n\n\n\n<p class=\"wp-block-paragraph\">El valor del tr\u00e1mite var\u00eda seg\u00fan el tipo de gesti\u00f3n y la condici\u00f3n del solicitante.<\/p>\n\n\n\n<h3 class=\"wp-block-heading\">Ciudadanos argentinos<\/h3>\n\n\n\n<ul class=\"wp-block-list\">\n<li>Primer ejemplar para reci\u00e9n nacidos de 0 a 6 meses:\u00a0<strong>sin cargo<\/strong>.<\/li>\n\n\n\n<li>Primer ejemplar para personas de 6 meses a 5 a\u00f1os, cartas de ciudadan\u00eda u opci\u00f3n de nacionalidad:\u00a0<strong>$10.000<\/strong>.<\/li>\n\n\n\n<li>Actualizaci\u00f3n de 5\/8 a\u00f1os:\u00a0<strong>$10.000<\/strong>.<\/li>\n\n\n\n<li>Actualizaci\u00f3n de 14 a\u00f1os:\u00a0<strong>$10.000<\/strong>.<\/li>\n\n\n\n<li>Nuevos ejemplares por cambio de domicilio, rectificaciones u otros motivos:\u00a0<strong>$10.000<\/strong>.<\/li>\n\n\n\n<li>Rectificaci\u00f3n por identidad de g\u00e9nero:\u00a0<strong>sin cargo<\/strong>.<\/li>\n\n\n\n<li>Reposici\u00f3n por error u omisi\u00f3n:\u00a0<strong>sin cargo<\/strong>.<\/li>\n\n\n\n<li>DNI expr\u00e9s (hasta 96 horas h\u00e1biles):\u00a0<strong>$26.000<\/strong>.<\/li>\n\n\n\n<li>DNI en 24 horas:\u00a0<strong>$41.000<\/strong>.<\/li>\n\n\n\n<li>DNI al instante:\u00a0<strong>$57.000<\/strong>.<\/li>\n<\/ul>\n\n\n\n<h3 class=\"wp-block-heading\">Extranjeros residentes<\/h3>\n\n\n\n<ul class=\"wp-block-list\">\n<li>Primera identificaci\u00f3n:\u00a0<strong>$20.000<\/strong>.<\/li>\n\n\n\n<li>Actualizaciones de 5\/8 a\u00f1os y 14 a\u00f1os:\u00a0<strong>$20.000<\/strong>.<\/li>\n\n\n\n<li>Nuevos ejemplares por cambio de domicilio o categor\u00eda migratoria:\u00a0<strong>$20.000<\/strong>.<\/li>\n\n\n\n<li>Reposici\u00f3n por error u omisi\u00f3n:\u00a0<strong>sin cargo<\/strong>.<\/li>\n<\/ul>\n\n\n\n<p class=\"wp-block-paragraph\"><\/p>\n\n\n\n<p class=\"wp-block-paragraph\">Fuente: Cronista<\/p>\n\n\n\n<p class=\"wp-block-paragraph\"><\/p>\n","protected":false},"excerpt":{"rendered":"<div class=\"post-excerpt\"><p>El nuevo DNI con chip ya comenz\u00f3 a implementarse en Argentina, pero no todos los ciudadanos deben renovarlo de forma inmediata. Qui\u00e9nes est\u00e1n obligados a hacer el tr\u00e1mite, cu\u00e1nto cuesta y cu\u00e1les son los pasos para obtenerlo. El\u00a0Gobierno\u00a0present\u00f3 el\u00a0nuevo DNI con chip electr\u00f3nico\u00a0encriptado para reforzar la seguridad y adecuar el documento a est\u00e1ndares internacionales. Sin<\/p>\n<\/div>","protected":false},"author":2,"featured_media":52176,"comment_status":"closed","ping_status":"closed","sticky":false,"template":"","format":"standard","meta":{"_acf_changed":false,"footnotes":""},"categories":[2],"tags":[],"class_list":["post-52175","post","type-post","status-publish","format-standard","has-post-thumbnail","hentry","category-noticias"],"acf":[],"yoast_head":"<!-- This site is optimized with the Yoast SEO plugin v28.1 - https:\/\/yoast.com\/product\/yoast-seo-wordpress\/ -->\n<title>Nuevo DNI con chip: qui\u00e9nes est\u00e1n obligados a renovarlo antes de fin de a\u00f1o y c\u00f3mo hacerlo paso a paso - Horizonte<\/title>\n<meta name=\"robots\" content=\"index, follow, max-snippet:-1, max-image-preview:large, max-video-preview:-1\" \/>\n<link rel=\"canonical\" href=\"https:\/\/www.radiohorizonte.fm\/radio\/2026\/08\/31\/nuevo-dni-con-chip-quienes-estan-obligados-a-renovarlo-antes-de-fin-de-ano-y-como-hacerlo-paso-a-paso\/\" \/>\n<meta property=\"og:locale\" content=\"es_ES\" \/>\n<meta property=\"og:type\" content=\"article\" \/>\n<meta property=\"og:title\" content=\"Nuevo DNI con chip: qui\u00e9nes est\u00e1n obligados a renovarlo antes de fin de a\u00f1o y c\u00f3mo hacerlo paso a paso - Horizonte\" \/>\n<meta property=\"og:description\" content=\"El nuevo DNI con chip ya comenz\u00f3 a implementarse en Argentina, pero no todos los ciudadanos deben renovarlo de forma inmediata. Qui\u00e9nes est\u00e1n obligados a hacer el tr\u00e1mite, cu\u00e1nto cuesta y cu\u00e1les son los pasos para obtenerlo. El\u00a0Gobierno\u00a0present\u00f3 el\u00a0nuevo DNI con chip electr\u00f3nico\u00a0encriptado para reforzar la seguridad y adecuar el documento a est\u00e1ndares internacionales. Sin\" \/>\n<meta property=\"og:url\" content=\"https:\/\/www.radiohorizonte.fm\/radio\/2026\/08\/31\/nuevo-dni-con-chip-quienes-estan-obligados-a-renovarlo-antes-de-fin-de-ano-y-como-hacerlo-paso-a-paso\/\" \/>\n<meta property=\"og:site_name\" content=\"Horizonte\" \/>\n<meta property=\"article:publisher\" content=\"http:\/\/www.facebook.com\/HORIZONTE106.1\" \/>\n<meta property=\"article:published_time\" content=\"2026-08-31T10:40:52+00:00\" \/>\n<meta property=\"article:modified_time\" content=\"2026-08-31T10:45:29+00:00\" \/>\n<meta property=\"og:image\" content=\"http:\/\/www.radiohorizonte.fm\/radio\/wp-content\/uploads\/2026\/08\/dni1.jpg\" \/>\n\t<meta property=\"og:image:width\" content=\"990\" \/>\n\t<meta property=\"og:image:height\" content=\"557\" \/>\n\t<meta property=\"og:image:type\" content=\"image\/jpeg\" \/>\n<meta name=\"author\" content=\"Cristian Galarza\" \/>\n<meta name=\"twitter:card\" content=\"summary_large_image\" \/>\n<meta name=\"twitter:creator\" content=\"@fmhorizonte1061\" \/>\n<meta name=\"twitter:site\" content=\"@fmhorizonte1061\" \/>\n<meta name=\"twitter:label1\" content=\"Escrito por\" \/>\n\t<meta name=\"twitter:data1\" content=\"Cristian Galarza\" \/>\n\t<meta name=\"twitter:label2\" content=\"Tiempo de lectura\" \/>\n\t<meta name=\"twitter:data2\" content=\"4 minutos\" \/>\n<script type=\"application\/ld+json\" class=\"yoast-schema-graph\">{\"@context\":\"https:\\\/\\\/schema.org\",\"@graph\":[{\"@type\":\"Article\",\"@id\":\"https:\\\/\\\/www.radiohorizonte.fm\\\/radio\\\/2026\\\/08\\\/31\\\/nuevo-dni-con-chip-quienes-estan-obligados-a-renovarlo-antes-de-fin-de-ano-y-como-hacerlo-paso-a-paso\\\/#article\",\"isPartOf\":{\"@id\":\"https:\\\/\\\/www.radiohorizonte.fm\\\/radio\\\/2026\\\/08\\\/31\\\/nuevo-dni-con-chip-quienes-estan-obligados-a-renovarlo-antes-de-fin-de-ano-y-como-hacerlo-paso-a-paso\\\/\"},\"author\":{\"name\":\"Cristian Galarza\",\"@id\":\"http:\\\/\\\/www.radiohorizonte.fm\\\/radio\\\/#\\\/schema\\\/person\\\/f8fa003a405bb86729fd87d15d0ddafa\"},\"headline\":\"Nuevo DNI con chip: qui\u00e9nes est\u00e1n obligados a renovarlo antes de fin de a\u00f1o y c\u00f3mo hacerlo paso a paso\",\"datePublished\":\"2026-08-31T10:40:52+00:00\",\"dateModified\":\"2026-08-31T10:45:29+00:00\",\"mainEntityOfPage\":{\"@id\":\"https:\\\/\\\/www.radiohorizonte.fm\\\/radio\\\/2026\\\/08\\\/31\\\/nuevo-dni-con-chip-quienes-estan-obligados-a-renovarlo-antes-de-fin-de-ano-y-como-hacerlo-paso-a-paso\\\/\"},\"wordCount\":753,\"publisher\":{\"@id\":\"http:\\\/\\\/www.radiohorizonte.fm\\\/radio\\\/#organization\"},\"image\":{\"@id\":\"https:\\\/\\\/www.radiohorizonte.fm\\\/radio\\\/2026\\\/08\\\/31\\\/nuevo-dni-con-chip-quienes-estan-obligados-a-renovarlo-antes-de-fin-de-ano-y-como-hacerlo-paso-a-paso\\\/#primaryimage\"},\"thumbnailUrl\":\"http:\\\/\\\/www.radiohorizonte.fm\\\/radio\\\/wp-content\\\/uploads\\\/2026\\\/08\\\/dni1.jpg\",\"articleSection\":[\"Noticias\"],\"inLanguage\":\"es-AR\"},{\"@type\":\"WebPage\",\"@id\":\"https:\\\/\\\/www.radiohorizonte.fm\\\/radio\\\/2026\\\/08\\\/31\\\/nuevo-dni-con-chip-quienes-estan-obligados-a-renovarlo-antes-de-fin-de-ano-y-como-hacerlo-paso-a-paso\\\/\",\"url\":\"https:\\\/\\\/www.radiohorizonte.fm\\\/radio\\\/2026\\\/08\\\/31\\\/nuevo-dni-con-chip-quienes-estan-obligados-a-renovarlo-antes-de-fin-de-ano-y-como-hacerlo-paso-a-paso\\\/\",\"name\":\"Nuevo DNI con chip: qui\u00e9nes est\u00e1n obligados a renovarlo antes de fin de a\u00f1o y c\u00f3mo hacerlo paso a paso - Horizonte\",\"isPartOf\":{\"@id\":\"http:\\\/\\\/www.radiohorizonte.fm\\\/radio\\\/#website\"},\"primaryImageOfPage\":{\"@id\":\"https:\\\/\\\/www.radiohorizonte.fm\\\/radio\\\/2026\\\/08\\\/31\\\/nuevo-dni-con-chip-quienes-estan-obligados-a-renovarlo-antes-de-fin-de-ano-y-como-hacerlo-paso-a-paso\\\/#primaryimage\"},\"image\":{\"@id\":\"https:\\\/\\\/www.radiohorizonte.fm\\\/radio\\\/2026\\\/08\\\/31\\\/nuevo-dni-con-chip-quienes-estan-obligados-a-renovarlo-antes-de-fin-de-ano-y-como-hacerlo-paso-a-paso\\\/#primaryimage\"},\"thumbnailUrl\":\"http:\\\/\\\/www.radiohorizonte.fm\\\/radio\\\/wp-content\\\/uploads\\\/2026\\\/08\\\/dni1.jpg\",\"datePublished\":\"2026-08-31T10:40:52+00:00\",\"dateModified\":\"2026-08-31T10:45:29+00:00\",\"breadcrumb\":{\"@id\":\"https:\\\/\\\/www.radiohorizonte.fm\\\/radio\\\/2026\\\/08\\\/31\\\/nuevo-dni-con-chip-quienes-estan-obligados-a-renovarlo-antes-de-fin-de-ano-y-como-hacerlo-paso-a-paso\\\/#breadcrumb\"},\"inLanguage\":\"es-AR\",\"potentialAction\":[{\"@type\":\"ReadAction\",\"target\":[\"https:\\\/\\\/www.radiohorizonte.fm\\\/radio\\\/2026\\\/08\\\/31\\\/nuevo-dni-con-chip-quienes-estan-obligados-a-renovarlo-antes-de-fin-de-ano-y-como-hacerlo-paso-a-paso\\\/\"]}]},{\"@type\":\"ImageObject\",\"inLanguage\":\"es-AR\",\"@id\":\"https:\\\/\\\/www.radiohorizonte.fm\\\/radio\\\/2026\\\/08\\\/31\\\/nuevo-dni-con-chip-quienes-estan-obligados-a-renovarlo-antes-de-fin-de-ano-y-como-hacerlo-paso-a-paso\\\/#primaryimage\",\"url\":\"http:\\\/\\\/www.radiohorizonte.fm\\\/radio\\\/wp-content\\\/uploads\\\/2026\\\/08\\\/dni1.jpg\",\"contentUrl\":\"http:\\\/\\\/www.radiohorizonte.fm\\\/radio\\\/wp-content\\\/uploads\\\/2026\\\/08\\\/dni1.jpg\",\"width\":990,\"height\":557},{\"@type\":\"BreadcrumbList\",\"@id\":\"https:\\\/\\\/www.radiohorizonte.fm\\\/radio\\\/2026\\\/08\\\/31\\\/nuevo-dni-con-chip-quienes-estan-obligados-a-renovarlo-antes-de-fin-de-ano-y-como-hacerlo-paso-a-paso\\\/#breadcrumb\",\"itemListElement\":[{\"@type\":\"ListItem\",\"position\":1,\"name\":\"Home\",\"item\":\"http:\\\/\\\/www.radiohorizonte.fm\\\/radio\\\/\"},{\"@type\":\"ListItem\",\"position\":2,\"name\":\"Nuevo DNI con chip: qui\u00e9nes est\u00e1n obligados a renovarlo antes de fin de a\u00f1o y c\u00f3mo hacerlo paso a paso\"}]},{\"@type\":\"WebSite\",\"@id\":\"http:\\\/\\\/www.radiohorizonte.fm\\\/radio\\\/#website\",\"url\":\"http:\\\/\\\/www.radiohorizonte.fm\\\/radio\\\/\",\"name\":\"Horizonte\",\"description\":\"Radio Horizonte 106.1 - Una radio de clasicos\",\"publisher\":{\"@id\":\"http:\\\/\\\/www.radiohorizonte.fm\\\/radio\\\/#organization\"},\"potentialAction\":[{\"@type\":\"SearchAction\",\"target\":{\"@type\":\"EntryPoint\",\"urlTemplate\":\"http:\\\/\\\/www.radiohorizonte.fm\\\/radio\\\/?s={search_term_string}\"},\"query-input\":{\"@type\":\"PropertyValueSpecification\",\"valueRequired\":true,\"valueName\":\"search_term_string\"}}],\"inLanguage\":\"es-AR\"},{\"@type\":\"Organization\",\"@id\":\"http:\\\/\\\/www.radiohorizonte.fm\\\/radio\\\/#organization\",\"name\":\"Horizonte\",\"url\":\"http:\\\/\\\/www.radiohorizonte.fm\\\/radio\\\/\",\"logo\":{\"@type\":\"ImageObject\",\"inLanguage\":\"es-AR\",\"@id\":\"http:\\\/\\\/www.radiohorizonte.fm\\\/radio\\\/#\\\/schema\\\/logo\\\/image\\\/\",\"url\":\"http:\\\/\\\/www.radiohorizonte.fm\\\/radio\\\/wp-content\\\/uploads\\\/2025\\\/06\\\/Portada-FM-Horizonte_modelo-imagen-scaled.jpg\",\"contentUrl\":\"http:\\\/\\\/www.radiohorizonte.fm\\\/radio\\\/wp-content\\\/uploads\\\/2025\\\/06\\\/Portada-FM-Horizonte_modelo-imagen-scaled.jpg\",\"width\":2560,\"height\":1056,\"caption\":\"Horizonte\"},\"image\":{\"@id\":\"http:\\\/\\\/www.radiohorizonte.fm\\\/radio\\\/#\\\/schema\\\/logo\\\/image\\\/\"},\"sameAs\":[\"http:\\\/\\\/www.facebook.com\\\/HORIZONTE106.1\",\"https:\\\/\\\/x.com\\\/fmhorizonte1061\"]},{\"@type\":\"Person\",\"@id\":\"http:\\\/\\\/www.radiohorizonte.fm\\\/radio\\\/#\\\/schema\\\/person\\\/f8fa003a405bb86729fd87d15d0ddafa\",\"name\":\"Cristian Galarza\",\"image\":{\"@type\":\"ImageObject\",\"inLanguage\":\"es-AR\",\"@id\":\"https:\\\/\\\/secure.gravatar.com\\\/avatar\\\/fad34bc2c773209c05d7d53b08a69b680eeb55f3be014e52b31643d20ab65925?s=96&d=mm&r=g\",\"url\":\"https:\\\/\\\/secure.gravatar.com\\\/avatar\\\/fad34bc2c773209c05d7d53b08a69b680eeb55f3be014e52b31643d20ab65925?s=96&d=mm&r=g\",\"contentUrl\":\"https:\\\/\\\/secure.gravatar.com\\\/avatar\\\/fad34bc2c773209c05d7d53b08a69b680eeb55f3be014e52b31643d20ab65925?s=96&d=mm&r=g\",\"caption\":\"Cristian Galarza\"},\"url\":\"http:\\\/\\\/www.radiohorizonte.fm\\\/radio\\\/author\\\/cristian\\\/\"}]}<\/script>\n<!-- \/ Yoast SEO plugin. -->","yoast_head_json":{"title":"Nuevo DNI con chip: qui\u00e9nes est\u00e1n obligados a renovarlo antes de fin de a\u00f1o y c\u00f3mo hacerlo paso a paso - Horizonte","robots":{"index":"index","follow":"follow","max-snippet":"max-snippet:-1","max-image-preview":"max-image-preview:large","max-video-preview":"max-video-preview:-1"},"canonical":"https:\/\/www.radiohorizonte.fm\/radio\/2026\/08\/31\/nuevo-dni-con-chip-quienes-estan-obligados-a-renovarlo-antes-de-fin-de-ano-y-como-hacerlo-paso-a-paso\/","og_locale":"es_ES","og_type":"article","og_title":"Nuevo DNI con chip: qui\u00e9nes est\u00e1n obligados a renovarlo antes de fin de a\u00f1o y c\u00f3mo hacerlo paso a paso - Horizonte","og_description":"El nuevo DNI con chip ya comenz\u00f3 a implementarse en Argentina, pero no todos los ciudadanos deben renovarlo de forma inmediata. Qui\u00e9nes est\u00e1n obligados a hacer el tr\u00e1mite, cu\u00e1nto cuesta y cu\u00e1les son los pasos para obtenerlo. El\u00a0Gobierno\u00a0present\u00f3 el\u00a0nuevo DNI con chip electr\u00f3nico\u00a0encriptado para reforzar la seguridad y adecuar el documento a est\u00e1ndares internacionales. Sin","og_url":"https:\/\/www.radiohorizonte.fm\/radio\/2026\/08\/31\/nuevo-dni-con-chip-quienes-estan-obligados-a-renovarlo-antes-de-fin-de-ano-y-como-hacerlo-paso-a-paso\/","og_site_name":"Horizonte","article_publisher":"http:\/\/www.facebook.com\/HORIZONTE106.1","article_published_time":"2026-08-31T10:40:52+00:00","article_modified_time":"2026-08-31T10:45:29+00:00","og_image":[{"width":990,"height":557,"url":"http:\/\/www.radiohorizonte.fm\/radio\/wp-content\/uploads\/2026\/08\/dni1.jpg","type":"image\/jpeg"}],"author":"Cristian Galarza","twitter_card":"summary_large_image","twitter_creator":"@fmhorizonte1061","twitter_site":"@fmhorizonte1061","twitter_misc":{"Escrito por":"Cristian Galarza","Tiempo de lectura":"4 minutos"},"schema":{"@context":"https:\/\/schema.org","@graph":[{"@type":"Article","@id":"https:\/\/www.radiohorizonte.fm\/radio\/2026\/08\/31\/nuevo-dni-con-chip-quienes-estan-obligados-a-renovarlo-antes-de-fin-de-ano-y-como-hacerlo-paso-a-paso\/#article","isPartOf":{"@id":"https:\/\/www.radiohorizonte.fm\/radio\/2026\/08\/31\/nuevo-dni-con-chip-quienes-estan-obligados-a-renovarlo-antes-de-fin-de-ano-y-como-hacerlo-paso-a-paso\/"},"author":{"name":"Cristian Galarza","@id":"http:\/\/www.radiohorizonte.fm\/radio\/#\/schema\/person\/f8fa003a405bb86729fd87d15d0ddafa"},"headline":"Nuevo DNI con chip: qui\u00e9nes est\u00e1n obligados a renovarlo antes de fin de a\u00f1o y c\u00f3mo hacerlo paso a paso","datePublished":"2026-08-31T10:40:52+00:00","dateModified":"2026-08-31T10:45:29+00:00","mainEntityOfPage":{"@id":"https:\/\/www.radiohorizonte.fm\/radio\/2026\/08\/31\/nuevo-dni-con-chip-quienes-estan-obligados-a-renovarlo-antes-de-fin-de-ano-y-como-hacerlo-paso-a-paso\/"},"wordCount":753,"publisher":{"@id":"http:\/\/www.radiohorizonte.fm\/radio\/#organization"},"image":{"@id":"https:\/\/www.radiohorizonte.fm\/radio\/2026\/08\/31\/nuevo-dni-con-chip-quienes-estan-obligados-a-renovarlo-antes-de-fin-de-ano-y-como-hacerlo-paso-a-paso\/#primaryimage"},"thumbnailUrl":"http:\/\/www.radiohorizonte.fm\/radio\/wp-content\/uploads\/2026\/08\/dni1.jpg","articleSection":["Noticias"],"inLanguage":"es-AR"},{"@type":"WebPage","@id":"https:\/\/www.radiohorizonte.fm\/radio\/2026\/08\/31\/nuevo-dni-con-chip-quienes-estan-obligados-a-renovarlo-antes-de-fin-de-ano-y-como-hacerlo-paso-a-paso\/","url":"https:\/\/www.radiohorizonte.fm\/radio\/2026\/08\/31\/nuevo-dni-con-chip-quienes-estan-obligados-a-renovarlo-antes-de-fin-de-ano-y-como-hacerlo-paso-a-paso\/","name":"Nuevo DNI con chip: qui\u00e9nes est\u00e1n obligados a renovarlo antes de fin de a\u00f1o y c\u00f3mo hacerlo paso a paso - Horizonte","isPartOf":{"@id":"http:\/\/www.radiohorizonte.fm\/radio\/#website"},"primaryImageOfPage":{"@id":"https:\/\/www.radiohorizonte.fm\/radio\/2026\/08\/31\/nuevo-dni-con-chip-quienes-estan-obligados-a-renovarlo-antes-de-fin-de-ano-y-como-hacerlo-paso-a-paso\/#primaryimage"},"image":{"@id":"https:\/\/www.radiohorizonte.fm\/radio\/2026\/08\/31\/nuevo-dni-con-chip-quienes-estan-obligados-a-renovarlo-antes-de-fin-de-ano-y-como-hacerlo-paso-a-paso\/#primaryimage"},"thumbnailUrl":"http:\/\/www.radiohorizonte.fm\/radio\/wp-content\/uploads\/2026\/08\/dni1.jpg","datePublished":"2026-08-31T10:40:52+00:00","dateModified":"2026-08-31T10:45:29+00:00","breadcrumb":{"@id":"https:\/\/www.radiohorizonte.fm\/radio\/2026\/08\/31\/nuevo-dni-con-chip-quienes-estan-obligados-a-renovarlo-antes-de-fin-de-ano-y-como-hacerlo-paso-a-paso\/#breadcrumb"},"inLanguage":"es-AR","potentialAction":[{"@type":"ReadAction","target":["https:\/\/www.radiohorizonte.fm\/radio\/2026\/08\/31\/nuevo-dni-con-chip-quienes-estan-obligados-a-renovarlo-antes-de-fin-de-ano-y-como-hacerlo-paso-a-paso\/"]}]},{"@type":"ImageObject","inLanguage":"es-AR","@id":"https:\/\/www.radiohorizonte.fm\/radio\/2026\/08\/31\/nuevo-dni-con-chip-quienes-estan-obligados-a-renovarlo-antes-de-fin-de-ano-y-como-hacerlo-paso-a-paso\/#primaryimage","url":"http:\/\/www.radiohorizonte.fm\/radio\/wp-content\/uploads\/2026\/08\/dni1.jpg","contentUrl":"http:\/\/www.radiohorizonte.fm\/radio\/wp-content\/uploads\/2026\/08\/dni1.jpg","width":990,"height":557},{"@type":"BreadcrumbList","@id":"https:\/\/www.radiohorizonte.fm\/radio\/2026\/08\/31\/nuevo-dni-con-chip-quienes-estan-obligados-a-renovarlo-antes-de-fin-de-ano-y-como-hacerlo-paso-a-paso\/#breadcrumb","itemListElement":[{"@type":"ListItem","position":1,"name":"Home","item":"http:\/\/www.radiohorizonte.fm\/radio\/"},{"@type":"ListItem","position":2,"name":"Nuevo DNI con chip: qui\u00e9nes est\u00e1n obligados a renovarlo antes de fin de a\u00f1o y c\u00f3mo hacerlo paso a paso"}]},{"@type":"WebSite","@id":"http:\/\/www.radiohorizonte.fm\/radio\/#website","url":"http:\/\/www.radiohorizonte.fm\/radio\/","name":"Horizonte","description":"Radio Horizonte 106.1 - Una radio de clasicos","publisher":{"@id":"http:\/\/www.radiohorizonte.fm\/radio\/#organization"},"potentialAction":[{"@type":"SearchAction","target":{"@type":"EntryPoint","urlTemplate":"http:\/\/www.radiohorizonte.fm\/radio\/?s={search_term_string}"},"query-input":{"@type":"PropertyValueSpecification","valueRequired":true,"valueName":"search_term_string"}}],"inLanguage":"es-AR"},{"@type":"Organization","@id":"http:\/\/www.radiohorizonte.fm\/radio\/#organization","name":"Horizonte","url":"http:\/\/www.radiohorizonte.fm\/radio\/","logo":{"@type":"ImageObject","inLanguage":"es-AR","@id":"http:\/\/www.radiohorizonte.fm\/radio\/#\/schema\/logo\/image\/","url":"http:\/\/www.radiohorizonte.fm\/radio\/wp-content\/uploads\/2025\/06\/Portada-FM-Horizonte_modelo-imagen-scaled.jpg","contentUrl":"http:\/\/www.radiohorizonte.fm\/radio\/wp-content\/uploads\/2025\/06\/Portada-FM-Horizonte_modelo-imagen-scaled.jpg","width":2560,"height":1056,"caption":"Horizonte"},"image":{"@id":"http:\/\/www.radiohorizonte.fm\/radio\/#\/schema\/logo\/image\/"},"sameAs":["http:\/\/www.facebook.com\/HORIZONTE106.1","https:\/\/x.com\/fmhorizonte1061"]},{"@type":"Person","@id":"http:\/\/www.radiohorizonte.fm\/radio\/#\/schema\/person\/f8fa003a405bb86729fd87d15d0ddafa","name":"Cristian Galarza","image":{"@type":"ImageObject","inLanguage":"es-AR","@id":"https:\/\/secure.gravatar.com\/avatar\/fad34bc2c773209c05d7d53b08a69b680eeb55f3be014e52b31643d20ab65925?s=96&d=mm&r=g","url":"https:\/\/secure.gravatar.com\/avatar\/fad34bc2c773209c05d7d53b08a69b680eeb55f3be014e52b31643d20ab65925?s=96&d=mm&r=g","contentUrl":"https:\/\/secure.gravatar.com\/avatar\/fad34bc2c773209c05d7d53b08a69b680eeb55f3be014e52b31643d20ab65925?s=96&d=mm&r=g","caption":"Cristian Galarza"},"url":"http:\/\/www.radiohorizonte.fm\/radio\/author\/cristian\/"}]}},"_links":{"self":[{"href":"http:\/\/www.radiohorizonte.fm\/radio\/wp-json\/wp\/v2\/posts\/52175","targetHints":{"allow":["GET"]}}],"collection":[{"href":"http:\/\/www.radiohorizonte.fm\/radio\/wp-json\/wp\/v2\/posts"}],"about":[{"href":"http:\/\/www.radiohorizonte.fm\/radio\/wp-json\/wp\/v2\/types\/post"}],"author":[{"embeddable":true,"href":"http:\/\/www.radiohorizonte.fm\/radio\/wp-json\/wp\/v2\/users\/2"}],"replies":[{"embeddable":true,"href":"http:\/\/www.radiohorizonte.fm\/radio\/wp-json\/wp\/v2\/comments?post=52175"}],"version-history":[{"count":2,"href":"http:\/\/www.radiohorizonte.fm\/radio\/wp-json\/wp\/v2\/posts\/52175\/revisions"}],"predecessor-version":[{"id":52180,"href":"http:\/\/www.radiohorizonte.fm\/radio\/wp-json\/wp\/v2\/posts\/52175\/revisions\/52180"}],"wp:featuredmedia":[{"embeddable":true,"href":"http:\/\/www.radiohorizonte.fm\/radio\/wp-json\/wp\/v2\/media\/52176"}],"wp:attachment":[{"href":"http:\/\/www.radiohorizonte.fm\/radio\/wp-json\/wp\/v2\/media?parent=52175"}],"wp:term":[{"taxonomy":"category","embeddable":true,"href":"http:\/\/www.radiohorizonte.fm\/radio\/wp-json\/wp\/v2\/categories?post=52175"},{"taxonomy":"post_tag","embeddable":true,"href":"http:\/\/www.radiohorizonte.fm\/radio\/wp-json\/wp\/v2\/tags?post=52175"}],"curies":[{"name":"wp","href":"https:\/\/api.w.org\/{rel}","templated":true}]}}