{"id":52193,"date":"2026-08-31T09:54:31","date_gmt":"2026-08-31T12:54:31","guid":{"rendered":"https:\/\/www.radiohorizonte.fm\/radio\/?p=52193"},"modified":"2026-08-31T09:54:32","modified_gmt":"2026-08-31T12:54:32","slug":"homenaje-a-rosendo-y-ofelia-en-el-ciclo-latidos-de-chamame","status":"publish","type":"post","link":"http:\/\/www.radiohorizonte.fm\/radio\/2026\/08\/31\/homenaje-a-rosendo-y-ofelia-en-el-ciclo-latidos-de-chamame\/","title":{"rendered":"Homenaje a Rosendo y Ofelia en el ciclo \u201cLatidos de Chamam\u00e9\u201d"},"content":{"rendered":"\n<p class=\"wp-block-paragraph\"><em>Apenas comience la primavera, el pr\u00f3ximo jueves 24 de septiembre desde las 21 horas, el prestigioso&nbsp;<strong>Teatro Oficial<\/strong>&nbsp;<strong>Juan de Vera<\/strong>&nbsp;recibir\u00e1 a un seleccionado de artistas que honrar\u00e1n la memoria del hist\u00f3rico d\u00fao&nbsp;<strong>\u201cRosendo y Ofelia\u201d<\/strong><\/em><\/p>\n\n\n\n<figure class=\"wp-block-image size-large\"><img loading=\"lazy\" decoding=\"async\" width=\"819\" height=\"1024\" src=\"https:\/\/www.radiohorizonte.fm\/radio\/wp-content\/uploads\/2026\/08\/1080x1350_CicloChamame-24-SEP-819x1024.jpg\" alt=\"\" class=\"wp-image-52194\" srcset=\"http:\/\/www.radiohorizonte.fm\/radio\/wp-content\/uploads\/2026\/08\/1080x1350_CicloChamame-24-SEP-819x1024.jpg 819w, http:\/\/www.radiohorizonte.fm\/radio\/wp-content\/uploads\/2026\/08\/1080x1350_CicloChamame-24-SEP-240x300.jpg 240w, http:\/\/www.radiohorizonte.fm\/radio\/wp-content\/uploads\/2026\/08\/1080x1350_CicloChamame-24-SEP-768x960.jpg 768w, http:\/\/www.radiohorizonte.fm\/radio\/wp-content\/uploads\/2026\/08\/1080x1350_CicloChamame-24-SEP-640x800.jpg 640w, http:\/\/www.radiohorizonte.fm\/radio\/wp-content\/uploads\/2026\/08\/1080x1350_CicloChamame-24-SEP.jpg 1080w\" sizes=\"auto, (max-width: 819px) 100vw, 819px\" \/><\/figure>\n\n\n\n<p class=\"wp-block-paragraph\">Bajo el liderazgo de&nbsp;<strong>Ariel Palacio<\/strong>, primog\u00e9nito del matrimonio Palacio-Leiva, y acompa\u00f1ado del cantor, autor y compositor&nbsp;<strong>Javier S\u00e1,<\/strong>&nbsp;considerado heredero natural del camino recorrido por el D\u00fao, una&nbsp;<strong>Banda Homenaje<\/strong>&nbsp;rendir\u00e1 homenaje a uno de los d\u00faos m\u00e1s destacados de la m\u00fasica popular argentina<\/p>\n\n\n\n<p class=\"wp-block-paragraph\"><strong>Rosendo y Ofelia<\/strong>. Un cordob\u00e9s y una correntina, que supieron canalizar una obra inmensa, con foco en el tesoro que es la m\u00fasica del litoral y a\u00fan tiene todo por descubrir.<\/p>\n\n\n\n<p class=\"wp-block-paragraph\">Un elenco de destacados artistas \u2014entre ellos Los Alonsitos, Las Hermanas Vera, Los Bofill y Aldy Balestra\u2014 interpretar\u00e1 un repertorio que recorrer\u00e1 la discograf\u00eda integral del d\u00fao, rindiendo tributo a su legado fundamental en la m\u00fasica popular argentina.<\/p>\n\n\n\n<p class=\"wp-block-paragraph\">Las reconocidas voces locales de Gicela M\u00e9ndez Ribeiro, Ver\u00f3nica Noguera y Florencia de Pompert se sumar\u00e1n a la velada para interpretar las piezas que&nbsp;<em>Ofelia&nbsp;<\/em>inmortaliz\u00f3 como solista, adem\u00e1s de cl\u00e1sicos del repertorio del d\u00fao, donde S\u00e1 asumir\u00e1 el rol de&nbsp;<em>Rosendo&nbsp;<\/em>para recrear la hist\u00f3rica dupla.<\/p>\n\n\n\n<p class=\"wp-block-paragraph\">Todo se encamina rumbo a la fiesta.<\/p>\n\n\n\n<p class=\"wp-block-paragraph\">Invitados<\/p>\n\n\n\n<p class=\"wp-block-paragraph\">\u25cf&nbsp;&nbsp;&nbsp;&nbsp;&nbsp;Los Alonsitos<\/p>\n\n\n\n<p class=\"wp-block-paragraph\">\u25cf&nbsp;&nbsp;&nbsp;&nbsp;&nbsp;Las Hermanas Vera<\/p>\n\n\n\n<p class=\"wp-block-paragraph\">\u25cf&nbsp;&nbsp;&nbsp;&nbsp;&nbsp;Los Bofill<\/p>\n\n\n\n<p class=\"wp-block-paragraph\">\u25cf&nbsp;&nbsp;&nbsp;&nbsp;&nbsp;Aldy Balestra<\/p>\n\n\n\n<p class=\"wp-block-paragraph\">\u25cf&nbsp;&nbsp;&nbsp;&nbsp;&nbsp;Javier S\u00e1<\/p>\n\n\n\n<p class=\"wp-block-paragraph\">\u25cf&nbsp;&nbsp;&nbsp;&nbsp;&nbsp;Gicela Mendez Ribeiro<\/p>\n\n\n\n<p class=\"wp-block-paragraph\">\u25cf&nbsp;&nbsp;&nbsp;&nbsp;&nbsp;Ver\u00f3nica Noguera<\/p>\n\n\n\n<p class=\"wp-block-paragraph\">\u25cf&nbsp;&nbsp;&nbsp;&nbsp;&nbsp;Florencia de Pompert<\/p>\n\n\n\n<p class=\"wp-block-paragraph\">\u25cf&nbsp;&nbsp;&nbsp;&nbsp;&nbsp;Pancho S\u00e1<\/p>\n\n\n\n<p class=\"wp-block-paragraph\">\u25cf&nbsp;&nbsp;&nbsp;&nbsp;&nbsp;D\u00fao Gonz\u00e1lez Burgos<\/p>\n\n\n\n<p class=\"wp-block-paragraph\">Banda Homenaje<\/p>\n\n\n\n<p class=\"wp-block-paragraph\">\u25cf&nbsp;&nbsp;&nbsp;&nbsp;&nbsp;Ariel Palacio<\/p>\n\n\n\n<p class=\"wp-block-paragraph\">\u25cf&nbsp;&nbsp;&nbsp;&nbsp;&nbsp;Ra\u00fal Gutta<\/p>\n\n\n\n<p class=\"wp-block-paragraph\">\u25cf&nbsp;&nbsp;&nbsp;&nbsp;&nbsp;Uli G\u00f3mez<\/p>\n\n\n\n<p class=\"wp-block-paragraph\">\u25cf&nbsp;&nbsp;&nbsp;&nbsp;&nbsp;Brunito Ortiz<\/p>\n\n\n\n<p class=\"wp-block-paragraph\">\u25cf&nbsp;&nbsp;&nbsp;&nbsp;&nbsp;Ricky Orellana<\/p>\n\n\n\n<p class=\"wp-block-paragraph\"><strong>Comunica: conector cultural<\/strong><\/p>\n\n\n\n<p class=\"wp-block-paragraph\">Diego V\u00e1zquez Comisarenco &#8211; 11 56957619<\/p>\n\n\n\n<p class=\"wp-block-paragraph\"><strong>Entradas<\/strong><\/p>\n\n\n\n<p class=\"wp-block-paragraph\">A la venta en&nbsp;<a href=\"https:\/\/weepas.ar\/\" target=\"_blank\" rel=\"noopener\">weepas.ar\/<\/a>&nbsp;y en boleter\u00eda del teatro, San Juan 637, de lunes a s\u00e1bados de 9 a 13 hs y de 17 a 21 hs.<\/p>\n\n\n\n<p class=\"wp-block-paragraph\"><strong>Promo BanCo<\/strong><\/p>\n\n\n\n<p class=\"wp-block-paragraph\">3 cuotas sin inter\u00e9s. 20% de descuento.<\/p>\n\n\n\n<p class=\"wp-block-paragraph\">Bases y condiciones:&nbsp;<a href=\"http:\/\/www.promosdelbanco.com\/\" target=\"_blank\" rel=\"noopener\">www.<wbr>promosdelbanco.com<\/a><\/p>\n\n\n\n<p class=\"wp-block-paragraph\"><\/p>\n","protected":false},"excerpt":{"rendered":"<div class=\"post-excerpt\"><p>Apenas comience la primavera, el pr\u00f3ximo jueves 24 de septiembre desde las 21 horas, el prestigioso&nbsp;Teatro Oficial&nbsp;Juan de Vera&nbsp;recibir\u00e1 a un seleccionado de artistas que honrar\u00e1n la memoria del hist\u00f3rico d\u00fao&nbsp;\u201cRosendo y Ofelia\u201d Bajo el liderazgo de&nbsp;Ariel Palacio, primog\u00e9nito del matrimonio Palacio-Leiva, y acompa\u00f1ado del cantor, autor y compositor&nbsp;Javier S\u00e1,&nbsp;considerado heredero natural del camino recorrido<\/p>\n<\/div>","protected":false},"author":2,"featured_media":52194,"comment_status":"closed","ping_status":"closed","sticky":false,"template":"","format":"standard","meta":{"_acf_changed":false,"footnotes":""},"categories":[3],"tags":[],"class_list":["post-52193","post","type-post","status-publish","format-standard","has-post-thumbnail","hentry","category-infomusic"],"acf":[],"yoast_head":"<!-- This site is optimized with the Yoast SEO plugin v28.1 - https:\/\/yoast.com\/product\/yoast-seo-wordpress\/ -->\n<title>Homenaje a Rosendo y Ofelia en el ciclo \u201cLatidos de Chamam\u00e9\u201d - Horizonte<\/title>\n<meta name=\"robots\" content=\"index, follow, max-snippet:-1, max-image-preview:large, max-video-preview:-1\" \/>\n<link rel=\"canonical\" href=\"http:\/\/www.radiohorizonte.fm\/radio\/2026\/08\/31\/homenaje-a-rosendo-y-ofelia-en-el-ciclo-latidos-de-chamame\/\" \/>\n<meta property=\"og:locale\" content=\"es_ES\" \/>\n<meta property=\"og:type\" content=\"article\" \/>\n<meta property=\"og:title\" content=\"Homenaje a Rosendo y Ofelia en el ciclo \u201cLatidos de Chamam\u00e9\u201d - Horizonte\" \/>\n<meta property=\"og:description\" content=\"Apenas comience la primavera, el pr\u00f3ximo jueves 24 de septiembre desde las 21 horas, el prestigioso&nbsp;Teatro Oficial&nbsp;Juan de Vera&nbsp;recibir\u00e1 a un seleccionado de artistas que honrar\u00e1n la memoria del hist\u00f3rico d\u00fao&nbsp;\u201cRosendo y Ofelia\u201d Bajo el liderazgo de&nbsp;Ariel Palacio, primog\u00e9nito del matrimonio Palacio-Leiva, y acompa\u00f1ado del cantor, autor y compositor&nbsp;Javier S\u00e1,&nbsp;considerado heredero natural del camino recorrido\" \/>\n<meta property=\"og:url\" content=\"http:\/\/www.radiohorizonte.fm\/radio\/2026\/08\/31\/homenaje-a-rosendo-y-ofelia-en-el-ciclo-latidos-de-chamame\/\" \/>\n<meta property=\"og:site_name\" content=\"Horizonte\" \/>\n<meta property=\"article:publisher\" content=\"http:\/\/www.facebook.com\/HORIZONTE106.1\" \/>\n<meta property=\"article:published_time\" content=\"2026-08-31T12:54:31+00:00\" \/>\n<meta property=\"article:modified_time\" content=\"2026-08-31T12:54:32+00:00\" \/>\n<meta property=\"og:image\" content=\"http:\/\/www.radiohorizonte.fm\/radio\/wp-content\/uploads\/2026\/08\/1080x1350_CicloChamame-24-SEP.jpg\" \/>\n\t<meta property=\"og:image:width\" content=\"1080\" \/>\n\t<meta property=\"og:image:height\" content=\"1350\" \/>\n\t<meta property=\"og:image:type\" content=\"image\/jpeg\" \/>\n<meta name=\"author\" content=\"Cristian Galarza\" \/>\n<meta name=\"twitter:card\" content=\"summary_large_image\" \/>\n<meta name=\"twitter:creator\" content=\"@fmhorizonte1061\" \/>\n<meta name=\"twitter:site\" content=\"@fmhorizonte1061\" \/>\n<meta name=\"twitter:label1\" content=\"Escrito por\" \/>\n\t<meta name=\"twitter:data1\" content=\"Cristian Galarza\" \/>\n\t<meta name=\"twitter:label2\" content=\"Tiempo de lectura\" \/>\n\t<meta name=\"twitter:data2\" content=\"2 minutos\" \/>\n<script type=\"application\/ld+json\" class=\"yoast-schema-graph\">{\"@context\":\"https:\\\/\\\/schema.org\",\"@graph\":[{\"@type\":\"Article\",\"@id\":\"http:\\\/\\\/www.radiohorizonte.fm\\\/radio\\\/2026\\\/08\\\/31\\\/homenaje-a-rosendo-y-ofelia-en-el-ciclo-latidos-de-chamame\\\/#article\",\"isPartOf\":{\"@id\":\"http:\\\/\\\/www.radiohorizonte.fm\\\/radio\\\/2026\\\/08\\\/31\\\/homenaje-a-rosendo-y-ofelia-en-el-ciclo-latidos-de-chamame\\\/\"},\"author\":{\"name\":\"Cristian Galarza\",\"@id\":\"http:\\\/\\\/www.radiohorizonte.fm\\\/radio\\\/#\\\/schema\\\/person\\\/f8fa003a405bb86729fd87d15d0ddafa\"},\"headline\":\"Homenaje a Rosendo y Ofelia en el ciclo \u201cLatidos de Chamam\u00e9\u201d\",\"datePublished\":\"2026-08-31T12:54:31+00:00\",\"dateModified\":\"2026-08-31T12:54:32+00:00\",\"mainEntityOfPage\":{\"@id\":\"http:\\\/\\\/www.radiohorizonte.fm\\\/radio\\\/2026\\\/08\\\/31\\\/homenaje-a-rosendo-y-ofelia-en-el-ciclo-latidos-de-chamame\\\/\"},\"wordCount\":419,\"publisher\":{\"@id\":\"http:\\\/\\\/www.radiohorizonte.fm\\\/radio\\\/#organization\"},\"image\":{\"@id\":\"http:\\\/\\\/www.radiohorizonte.fm\\\/radio\\\/2026\\\/08\\\/31\\\/homenaje-a-rosendo-y-ofelia-en-el-ciclo-latidos-de-chamame\\\/#primaryimage\"},\"thumbnailUrl\":\"http:\\\/\\\/www.radiohorizonte.fm\\\/radio\\\/wp-content\\\/uploads\\\/2026\\\/08\\\/1080x1350_CicloChamame-24-SEP.jpg\",\"articleSection\":[\"Infomusic\"],\"inLanguage\":\"es-AR\"},{\"@type\":\"WebPage\",\"@id\":\"http:\\\/\\\/www.radiohorizonte.fm\\\/radio\\\/2026\\\/08\\\/31\\\/homenaje-a-rosendo-y-ofelia-en-el-ciclo-latidos-de-chamame\\\/\",\"url\":\"http:\\\/\\\/www.radiohorizonte.fm\\\/radio\\\/2026\\\/08\\\/31\\\/homenaje-a-rosendo-y-ofelia-en-el-ciclo-latidos-de-chamame\\\/\",\"name\":\"Homenaje a Rosendo y Ofelia en el ciclo \u201cLatidos de Chamam\u00e9\u201d - Horizonte\",\"isPartOf\":{\"@id\":\"http:\\\/\\\/www.radiohorizonte.fm\\\/radio\\\/#website\"},\"primaryImageOfPage\":{\"@id\":\"http:\\\/\\\/www.radiohorizonte.fm\\\/radio\\\/2026\\\/08\\\/31\\\/homenaje-a-rosendo-y-ofelia-en-el-ciclo-latidos-de-chamame\\\/#primaryimage\"},\"image\":{\"@id\":\"http:\\\/\\\/www.radiohorizonte.fm\\\/radio\\\/2026\\\/08\\\/31\\\/homenaje-a-rosendo-y-ofelia-en-el-ciclo-latidos-de-chamame\\\/#primaryimage\"},\"thumbnailUrl\":\"http:\\\/\\\/www.radiohorizonte.fm\\\/radio\\\/wp-content\\\/uploads\\\/2026\\\/08\\\/1080x1350_CicloChamame-24-SEP.jpg\",\"datePublished\":\"2026-08-31T12:54:31+00:00\",\"dateModified\":\"2026-08-31T12:54:32+00:00\",\"breadcrumb\":{\"@id\":\"http:\\\/\\\/www.radiohorizonte.fm\\\/radio\\\/2026\\\/08\\\/31\\\/homenaje-a-rosendo-y-ofelia-en-el-ciclo-latidos-de-chamame\\\/#breadcrumb\"},\"inLanguage\":\"es-AR\",\"potentialAction\":[{\"@type\":\"ReadAction\",\"target\":[\"http:\\\/\\\/www.radiohorizonte.fm\\\/radio\\\/2026\\\/08\\\/31\\\/homenaje-a-rosendo-y-ofelia-en-el-ciclo-latidos-de-chamame\\\/\"]}]},{\"@type\":\"ImageObject\",\"inLanguage\":\"es-AR\",\"@id\":\"http:\\\/\\\/www.radiohorizonte.fm\\\/radio\\\/2026\\\/08\\\/31\\\/homenaje-a-rosendo-y-ofelia-en-el-ciclo-latidos-de-chamame\\\/#primaryimage\",\"url\":\"http:\\\/\\\/www.radiohorizonte.fm\\\/radio\\\/wp-content\\\/uploads\\\/2026\\\/08\\\/1080x1350_CicloChamame-24-SEP.jpg\",\"contentUrl\":\"http:\\\/\\\/www.radiohorizonte.fm\\\/radio\\\/wp-content\\\/uploads\\\/2026\\\/08\\\/1080x1350_CicloChamame-24-SEP.jpg\",\"width\":1080,\"height\":1350},{\"@type\":\"BreadcrumbList\",\"@id\":\"http:\\\/\\\/www.radiohorizonte.fm\\\/radio\\\/2026\\\/08\\\/31\\\/homenaje-a-rosendo-y-ofelia-en-el-ciclo-latidos-de-chamame\\\/#breadcrumb\",\"itemListElement\":[{\"@type\":\"ListItem\",\"position\":1,\"name\":\"Home\",\"item\":\"http:\\\/\\\/www.radiohorizonte.fm\\\/radio\\\/\"},{\"@type\":\"ListItem\",\"position\":2,\"name\":\"Homenaje a Rosendo y Ofelia en el ciclo \u201cLatidos de Chamam\u00e9\u201d\"}]},{\"@type\":\"WebSite\",\"@id\":\"http:\\\/\\\/www.radiohorizonte.fm\\\/radio\\\/#website\",\"url\":\"http:\\\/\\\/www.radiohorizonte.fm\\\/radio\\\/\",\"name\":\"Horizonte\",\"description\":\"Radio Horizonte 106.1 - Una radio de clasicos\",\"publisher\":{\"@id\":\"http:\\\/\\\/www.radiohorizonte.fm\\\/radio\\\/#organization\"},\"potentialAction\":[{\"@type\":\"SearchAction\",\"target\":{\"@type\":\"EntryPoint\",\"urlTemplate\":\"http:\\\/\\\/www.radiohorizonte.fm\\\/radio\\\/?s={search_term_string}\"},\"query-input\":{\"@type\":\"PropertyValueSpecification\",\"valueRequired\":true,\"valueName\":\"search_term_string\"}}],\"inLanguage\":\"es-AR\"},{\"@type\":\"Organization\",\"@id\":\"http:\\\/\\\/www.radiohorizonte.fm\\\/radio\\\/#organization\",\"name\":\"Horizonte\",\"url\":\"http:\\\/\\\/www.radiohorizonte.fm\\\/radio\\\/\",\"logo\":{\"@type\":\"ImageObject\",\"inLanguage\":\"es-AR\",\"@id\":\"http:\\\/\\\/www.radiohorizonte.fm\\\/radio\\\/#\\\/schema\\\/logo\\\/image\\\/\",\"url\":\"http:\\\/\\\/www.radiohorizonte.fm\\\/radio\\\/wp-content\\\/uploads\\\/2025\\\/06\\\/Portada-FM-Horizonte_modelo-imagen-scaled.jpg\",\"contentUrl\":\"http:\\\/\\\/www.radiohorizonte.fm\\\/radio\\\/wp-content\\\/uploads\\\/2025\\\/06\\\/Portada-FM-Horizonte_modelo-imagen-scaled.jpg\",\"width\":2560,\"height\":1056,\"caption\":\"Horizonte\"},\"image\":{\"@id\":\"http:\\\/\\\/www.radiohorizonte.fm\\\/radio\\\/#\\\/schema\\\/logo\\\/image\\\/\"},\"sameAs\":[\"http:\\\/\\\/www.facebook.com\\\/HORIZONTE106.1\",\"https:\\\/\\\/x.com\\\/fmhorizonte1061\"]},{\"@type\":\"Person\",\"@id\":\"http:\\\/\\\/www.radiohorizonte.fm\\\/radio\\\/#\\\/schema\\\/person\\\/f8fa003a405bb86729fd87d15d0ddafa\",\"name\":\"Cristian Galarza\",\"image\":{\"@type\":\"ImageObject\",\"inLanguage\":\"es-AR\",\"@id\":\"https:\\\/\\\/secure.gravatar.com\\\/avatar\\\/fad34bc2c773209c05d7d53b08a69b680eeb55f3be014e52b31643d20ab65925?s=96&d=mm&r=g\",\"url\":\"https:\\\/\\\/secure.gravatar.com\\\/avatar\\\/fad34bc2c773209c05d7d53b08a69b680eeb55f3be014e52b31643d20ab65925?s=96&d=mm&r=g\",\"contentUrl\":\"https:\\\/\\\/secure.gravatar.com\\\/avatar\\\/fad34bc2c773209c05d7d53b08a69b680eeb55f3be014e52b31643d20ab65925?s=96&d=mm&r=g\",\"caption\":\"Cristian Galarza\"},\"url\":\"http:\\\/\\\/www.radiohorizonte.fm\\\/radio\\\/author\\\/cristian\\\/\"}]}<\/script>\n<!-- \/ Yoast SEO plugin. -->","yoast_head_json":{"title":"Homenaje a Rosendo y Ofelia en el ciclo \u201cLatidos de Chamam\u00e9\u201d - Horizonte","robots":{"index":"index","follow":"follow","max-snippet":"max-snippet:-1","max-image-preview":"max-image-preview:large","max-video-preview":"max-video-preview:-1"},"canonical":"http:\/\/www.radiohorizonte.fm\/radio\/2026\/08\/31\/homenaje-a-rosendo-y-ofelia-en-el-ciclo-latidos-de-chamame\/","og_locale":"es_ES","og_type":"article","og_title":"Homenaje a Rosendo y Ofelia en el ciclo \u201cLatidos de Chamam\u00e9\u201d - Horizonte","og_description":"Apenas comience la primavera, el pr\u00f3ximo jueves 24 de septiembre desde las 21 horas, el prestigioso&nbsp;Teatro Oficial&nbsp;Juan de Vera&nbsp;recibir\u00e1 a un seleccionado de artistas que honrar\u00e1n la memoria del hist\u00f3rico d\u00fao&nbsp;\u201cRosendo y Ofelia\u201d Bajo el liderazgo de&nbsp;Ariel Palacio, primog\u00e9nito del matrimonio Palacio-Leiva, y acompa\u00f1ado del cantor, autor y compositor&nbsp;Javier S\u00e1,&nbsp;considerado heredero natural del camino recorrido","og_url":"http:\/\/www.radiohorizonte.fm\/radio\/2026\/08\/31\/homenaje-a-rosendo-y-ofelia-en-el-ciclo-latidos-de-chamame\/","og_site_name":"Horizonte","article_publisher":"http:\/\/www.facebook.com\/HORIZONTE106.1","article_published_time":"2026-08-31T12:54:31+00:00","article_modified_time":"2026-08-31T12:54:32+00:00","og_image":[{"width":1080,"height":1350,"url":"http:\/\/www.radiohorizonte.fm\/radio\/wp-content\/uploads\/2026\/08\/1080x1350_CicloChamame-24-SEP.jpg","type":"image\/jpeg"}],"author":"Cristian Galarza","twitter_card":"summary_large_image","twitter_creator":"@fmhorizonte1061","twitter_site":"@fmhorizonte1061","twitter_misc":{"Escrito por":"Cristian Galarza","Tiempo de lectura":"2 minutos"},"schema":{"@context":"https:\/\/schema.org","@graph":[{"@type":"Article","@id":"http:\/\/www.radiohorizonte.fm\/radio\/2026\/08\/31\/homenaje-a-rosendo-y-ofelia-en-el-ciclo-latidos-de-chamame\/#article","isPartOf":{"@id":"http:\/\/www.radiohorizonte.fm\/radio\/2026\/08\/31\/homenaje-a-rosendo-y-ofelia-en-el-ciclo-latidos-de-chamame\/"},"author":{"name":"Cristian Galarza","@id":"http:\/\/www.radiohorizonte.fm\/radio\/#\/schema\/person\/f8fa003a405bb86729fd87d15d0ddafa"},"headline":"Homenaje a Rosendo y Ofelia en el ciclo \u201cLatidos de Chamam\u00e9\u201d","datePublished":"2026-08-31T12:54:31+00:00","dateModified":"2026-08-31T12:54:32+00:00","mainEntityOfPage":{"@id":"http:\/\/www.radiohorizonte.fm\/radio\/2026\/08\/31\/homenaje-a-rosendo-y-ofelia-en-el-ciclo-latidos-de-chamame\/"},"wordCount":419,"publisher":{"@id":"http:\/\/www.radiohorizonte.fm\/radio\/#organization"},"image":{"@id":"http:\/\/www.radiohorizonte.fm\/radio\/2026\/08\/31\/homenaje-a-rosendo-y-ofelia-en-el-ciclo-latidos-de-chamame\/#primaryimage"},"thumbnailUrl":"http:\/\/www.radiohorizonte.fm\/radio\/wp-content\/uploads\/2026\/08\/1080x1350_CicloChamame-24-SEP.jpg","articleSection":["Infomusic"],"inLanguage":"es-AR"},{"@type":"WebPage","@id":"http:\/\/www.radiohorizonte.fm\/radio\/2026\/08\/31\/homenaje-a-rosendo-y-ofelia-en-el-ciclo-latidos-de-chamame\/","url":"http:\/\/www.radiohorizonte.fm\/radio\/2026\/08\/31\/homenaje-a-rosendo-y-ofelia-en-el-ciclo-latidos-de-chamame\/","name":"Homenaje a Rosendo y Ofelia en el ciclo \u201cLatidos de Chamam\u00e9\u201d - Horizonte","isPartOf":{"@id":"http:\/\/www.radiohorizonte.fm\/radio\/#website"},"primaryImageOfPage":{"@id":"http:\/\/www.radiohorizonte.fm\/radio\/2026\/08\/31\/homenaje-a-rosendo-y-ofelia-en-el-ciclo-latidos-de-chamame\/#primaryimage"},"image":{"@id":"http:\/\/www.radiohorizonte.fm\/radio\/2026\/08\/31\/homenaje-a-rosendo-y-ofelia-en-el-ciclo-latidos-de-chamame\/#primaryimage"},"thumbnailUrl":"http:\/\/www.radiohorizonte.fm\/radio\/wp-content\/uploads\/2026\/08\/1080x1350_CicloChamame-24-SEP.jpg","datePublished":"2026-08-31T12:54:31+00:00","dateModified":"2026-08-31T12:54:32+00:00","breadcrumb":{"@id":"http:\/\/www.radiohorizonte.fm\/radio\/2026\/08\/31\/homenaje-a-rosendo-y-ofelia-en-el-ciclo-latidos-de-chamame\/#breadcrumb"},"inLanguage":"es-AR","potentialAction":[{"@type":"ReadAction","target":["http:\/\/www.radiohorizonte.fm\/radio\/2026\/08\/31\/homenaje-a-rosendo-y-ofelia-en-el-ciclo-latidos-de-chamame\/"]}]},{"@type":"ImageObject","inLanguage":"es-AR","@id":"http:\/\/www.radiohorizonte.fm\/radio\/2026\/08\/31\/homenaje-a-rosendo-y-ofelia-en-el-ciclo-latidos-de-chamame\/#primaryimage","url":"http:\/\/www.radiohorizonte.fm\/radio\/wp-content\/uploads\/2026\/08\/1080x1350_CicloChamame-24-SEP.jpg","contentUrl":"http:\/\/www.radiohorizonte.fm\/radio\/wp-content\/uploads\/2026\/08\/1080x1350_CicloChamame-24-SEP.jpg","width":1080,"height":1350},{"@type":"BreadcrumbList","@id":"http:\/\/www.radiohorizonte.fm\/radio\/2026\/08\/31\/homenaje-a-rosendo-y-ofelia-en-el-ciclo-latidos-de-chamame\/#breadcrumb","itemListElement":[{"@type":"ListItem","position":1,"name":"Home","item":"http:\/\/www.radiohorizonte.fm\/radio\/"},{"@type":"ListItem","position":2,"name":"Homenaje a Rosendo y Ofelia en el ciclo \u201cLatidos de Chamam\u00e9\u201d"}]},{"@type":"WebSite","@id":"http:\/\/www.radiohorizonte.fm\/radio\/#website","url":"http:\/\/www.radiohorizonte.fm\/radio\/","name":"Horizonte","description":"Radio Horizonte 106.1 - Una radio de clasicos","publisher":{"@id":"http:\/\/www.radiohorizonte.fm\/radio\/#organization"},"potentialAction":[{"@type":"SearchAction","target":{"@type":"EntryPoint","urlTemplate":"http:\/\/www.radiohorizonte.fm\/radio\/?s={search_term_string}"},"query-input":{"@type":"PropertyValueSpecification","valueRequired":true,"valueName":"search_term_string"}}],"inLanguage":"es-AR"},{"@type":"Organization","@id":"http:\/\/www.radiohorizonte.fm\/radio\/#organization","name":"Horizonte","url":"http:\/\/www.radiohorizonte.fm\/radio\/","logo":{"@type":"ImageObject","inLanguage":"es-AR","@id":"http:\/\/www.radiohorizonte.fm\/radio\/#\/schema\/logo\/image\/","url":"http:\/\/www.radiohorizonte.fm\/radio\/wp-content\/uploads\/2025\/06\/Portada-FM-Horizonte_modelo-imagen-scaled.jpg","contentUrl":"http:\/\/www.radiohorizonte.fm\/radio\/wp-content\/uploads\/2025\/06\/Portada-FM-Horizonte_modelo-imagen-scaled.jpg","width":2560,"height":1056,"caption":"Horizonte"},"image":{"@id":"http:\/\/www.radiohorizonte.fm\/radio\/#\/schema\/logo\/image\/"},"sameAs":["http:\/\/www.facebook.com\/HORIZONTE106.1","https:\/\/x.com\/fmhorizonte1061"]},{"@type":"Person","@id":"http:\/\/www.radiohorizonte.fm\/radio\/#\/schema\/person\/f8fa003a405bb86729fd87d15d0ddafa","name":"Cristian Galarza","image":{"@type":"ImageObject","inLanguage":"es-AR","@id":"https:\/\/secure.gravatar.com\/avatar\/fad34bc2c773209c05d7d53b08a69b680eeb55f3be014e52b31643d20ab65925?s=96&d=mm&r=g","url":"https:\/\/secure.gravatar.com\/avatar\/fad34bc2c773209c05d7d53b08a69b680eeb55f3be014e52b31643d20ab65925?s=96&d=mm&r=g","contentUrl":"https:\/\/secure.gravatar.com\/avatar\/fad34bc2c773209c05d7d53b08a69b680eeb55f3be014e52b31643d20ab65925?s=96&d=mm&r=g","caption":"Cristian Galarza"},"url":"http:\/\/www.radiohorizonte.fm\/radio\/author\/cristian\/"}]}},"_links":{"self":[{"href":"http:\/\/www.radiohorizonte.fm\/radio\/wp-json\/wp\/v2\/posts\/52193","targetHints":{"allow":["GET"]}}],"collection":[{"href":"http:\/\/www.radiohorizonte.fm\/radio\/wp-json\/wp\/v2\/posts"}],"about":[{"href":"http:\/\/www.radiohorizonte.fm\/radio\/wp-json\/wp\/v2\/types\/post"}],"author":[{"embeddable":true,"href":"http:\/\/www.radiohorizonte.fm\/radio\/wp-json\/wp\/v2\/users\/2"}],"replies":[{"embeddable":true,"href":"http:\/\/www.radiohorizonte.fm\/radio\/wp-json\/wp\/v2\/comments?post=52193"}],"version-history":[{"count":1,"href":"http:\/\/www.radiohorizonte.fm\/radio\/wp-json\/wp\/v2\/posts\/52193\/revisions"}],"predecessor-version":[{"id":52195,"href":"http:\/\/www.radiohorizonte.fm\/radio\/wp-json\/wp\/v2\/posts\/52193\/revisions\/52195"}],"wp:featuredmedia":[{"embeddable":true,"href":"http:\/\/www.radiohorizonte.fm\/radio\/wp-json\/wp\/v2\/media\/52194"}],"wp:attachment":[{"href":"http:\/\/www.radiohorizonte.fm\/radio\/wp-json\/wp\/v2\/media?parent=52193"}],"wp:term":[{"taxonomy":"category","embeddable":true,"href":"http:\/\/www.radiohorizonte.fm\/radio\/wp-json\/wp\/v2\/categories?post=52193"},{"taxonomy":"post_tag","embeddable":true,"href":"http:\/\/www.radiohorizonte.fm\/radio\/wp-json\/wp\/v2\/tags?post=52193"}],"curies":[{"name":"wp","href":"https:\/\/api.w.org\/{rel}","templated":true}]}}