{"id":52206,"date":"2026-09-01T07:39:29","date_gmt":"2026-09-01T10:39:29","guid":{"rendered":"https:\/\/www.radiohorizonte.fm\/radio\/?p=52206"},"modified":"2026-09-01T07:39:31","modified_gmt":"2026-09-01T10:39:31","slug":"con-gran-convocatoria-en-capital-la-provincia-despliega-el-programa-ver-para-ser-libres-y-centros-de-familia","status":"publish","type":"post","link":"http:\/\/www.radiohorizonte.fm\/radio\/2026\/09\/01\/con-gran-convocatoria-en-capital-la-provincia-despliega-el-programa-ver-para-ser-libres-y-centros-de-familia\/","title":{"rendered":"Con gran convocatoria en Capital, la Provincia despliega el programa \u201cVer para Ser Libres\u201d y \u201cCentros de Familia\u201d"},"content":{"rendered":"\n<p class=\"wp-block-paragraph\">El Gobierno de Corrientes, a trav\u00e9s del Ministerio de Desarrollo Social y en articulaci\u00f3n con el Ministerio de Capital Humano Naci\u00f3n, puso en marcha este lunes en Corrientes un nuevo operativo de \u201cVer para Ser Libres\u201d junto a la propuesta \u201cCentros de Familia\u201d. La iniciativa conjunta, que cuenta con el acompa\u00f1amiento de la Universidad Nacional del Nordeste (UNNE), est\u00e1 dirigida a ni\u00f1os y adolescentes de 6 a 17 a\u00f1os para brindar controles oftalmol\u00f3gicos integrales, confecci\u00f3n y entrega gratuita de anteojos recetados, e inscripci\u00f3n a prestaciones formativas y deportivas.&nbsp;<\/p>\n\n\n\n<figure class=\"wp-block-image size-large\"><img loading=\"lazy\" decoding=\"async\" width=\"1024\" height=\"683\" src=\"https:\/\/www.radiohorizonte.fm\/radio\/wp-content\/uploads\/2026\/09\/imagen-111966-1024x683.jpg\" alt=\"\" class=\"wp-image-52207\" srcset=\"http:\/\/www.radiohorizonte.fm\/radio\/wp-content\/uploads\/2026\/09\/imagen-111966-1024x683.jpg 1024w, http:\/\/www.radiohorizonte.fm\/radio\/wp-content\/uploads\/2026\/09\/imagen-111966-300x200.jpg 300w, http:\/\/www.radiohorizonte.fm\/radio\/wp-content\/uploads\/2026\/09\/imagen-111966-768x512.jpg 768w, http:\/\/www.radiohorizonte.fm\/radio\/wp-content\/uploads\/2026\/09\/imagen-111966-1536x1024.jpg 1536w, http:\/\/www.radiohorizonte.fm\/radio\/wp-content\/uploads\/2026\/09\/imagen-111966-2048x1366.jpg 2048w, http:\/\/www.radiohorizonte.fm\/radio\/wp-content\/uploads\/2026\/09\/imagen-111966-640x427.jpg 640w\" sizes=\"auto, (max-width: 1024px) 100vw, 1024px\" \/><\/figure>\n\n\n\n<p class=\"wp-block-paragraph\">Las jornadas de atenci\u00f3n se extender\u00e1n hasta el viernes 4 de septiembre, de 9 a 13, funcionando en simult\u00e1neo en dos sedes comunitarias: el Centro Deportivo Municipal \u201cPapa Francisco\u201d del barrio Dr. Monta\u00f1a y el Centro de Participaci\u00f3n Comunitaria de la Asociaci\u00f3n Civil Generar en el barrio Irup\u00e9. En ambos puntos, las familias acceden a evaluaciones visuales y a la selecci\u00f3n de marcos para la elaboraci\u00f3n inmediata de los lentes, a la vez que pueden gestionar su incorporaci\u00f3n al sistema de vouchers de \u201cCentros de Familia\u201d.&nbsp;<\/p>\n\n\n\n<figure class=\"wp-block-image size-large\"><img loading=\"lazy\" decoding=\"async\" width=\"1024\" height=\"683\" src=\"https:\/\/www.radiohorizonte.fm\/radio\/wp-content\/uploads\/2026\/09\/imagen-111968-1024x683.jpg\" alt=\"\" class=\"wp-image-52208\" srcset=\"http:\/\/www.radiohorizonte.fm\/radio\/wp-content\/uploads\/2026\/09\/imagen-111968-1024x683.jpg 1024w, http:\/\/www.radiohorizonte.fm\/radio\/wp-content\/uploads\/2026\/09\/imagen-111968-300x200.jpg 300w, http:\/\/www.radiohorizonte.fm\/radio\/wp-content\/uploads\/2026\/09\/imagen-111968-768x512.jpg 768w, http:\/\/www.radiohorizonte.fm\/radio\/wp-content\/uploads\/2026\/09\/imagen-111968-1536x1024.jpg 1536w, http:\/\/www.radiohorizonte.fm\/radio\/wp-content\/uploads\/2026\/09\/imagen-111968-2048x1366.jpg 2048w, http:\/\/www.radiohorizonte.fm\/radio\/wp-content\/uploads\/2026\/09\/imagen-111968-640x427.jpg 640w\" sizes=\"auto, (max-width: 1024px) 100vw, 1024px\" \/><\/figure>\n\n\n\n<p class=\"wp-block-paragraph\">Durante su presencia en el barrio Dr. Monta\u00f1a, el ministro de Desarrollo Social, Jos\u00e9 Irigoyen, valor\u00f3 el trabajo coordinado con Naci\u00f3n y remarc\u00f3 la premisa de cercan\u00eda territorial que impulsa la gesti\u00f3n provincial: \u201cComo ministro siempre estoy abierto a conseguir objetivos, pero fundamentalmente a acercar oportunidades a nuestros vecinos y a todos los correntinos, que es una de las consignas centrales que el gobernador Juan Pablo Vald\u00e9s nos pide a cada uno\u201d.<\/p>\n\n\n\n<figure class=\"wp-block-image size-large\"><img loading=\"lazy\" decoding=\"async\" width=\"1024\" height=\"683\" src=\"https:\/\/www.radiohorizonte.fm\/radio\/wp-content\/uploads\/2026\/09\/imagen-111969-1024x683.jpg\" alt=\"\" class=\"wp-image-52209\" srcset=\"http:\/\/www.radiohorizonte.fm\/radio\/wp-content\/uploads\/2026\/09\/imagen-111969-1024x683.jpg 1024w, http:\/\/www.radiohorizonte.fm\/radio\/wp-content\/uploads\/2026\/09\/imagen-111969-300x200.jpg 300w, http:\/\/www.radiohorizonte.fm\/radio\/wp-content\/uploads\/2026\/09\/imagen-111969-768x512.jpg 768w, http:\/\/www.radiohorizonte.fm\/radio\/wp-content\/uploads\/2026\/09\/imagen-111969-1536x1024.jpg 1536w, http:\/\/www.radiohorizonte.fm\/radio\/wp-content\/uploads\/2026\/09\/imagen-111969-2048x1366.jpg 2048w, http:\/\/www.radiohorizonte.fm\/radio\/wp-content\/uploads\/2026\/09\/imagen-111969-640x427.jpg 640w\" sizes=\"auto, (max-width: 1024px) 100vw, 1024px\" \/><\/figure>\n\n\n\n<p class=\"wp-block-paragraph\">En relaci\u00f3n con el programa \u201cCentros de Familia\u201d, explic\u00f3 que se ejecuta como una experiencia piloto que ya nuclea a m\u00e1s de 30 instituciones barriales y deportivas en Capital antes de su expansi\u00f3n al interior. \u201cEl esquema permite que, si un chico elige un club para realizar una actividad deportiva, la entidad reciba directamente un voucher espec\u00edfico financiado por Naci\u00f3n, mientras que desde la Provincia aportamos el conocimiento del territorio y la articulaci\u00f3n para que el beneficio llegue a quienes cumplen con los requisitos\u201d, detall\u00f3.<\/p>\n\n\n\n<p class=\"wp-block-paragraph\">Por su parte, los vecinos que asistieron al operativo destacaron el alivio econ\u00f3mico que representa la entrega lentes. Uno de ellos, Gabriel Gauna, se\u00f1al\u00f3 que \u201cveo a muchos vecinos que realmente necesitan esta oportunidad para que sus chicos puedan tener sus anteojos. Es una herramienta muy \u00fatil para su desarrollo escolar y a la vez muy costosa en el \u00e1mbito privado, por lo que este programa es de gran ayuda para las familias a las que no les alcanza para pagarlo\u201d.<\/p>\n\n\n\n<p class=\"wp-block-paragraph\">En igual sentido, Paola Salazar, quien acudi\u00f3 con sus dos nietos, ponder\u00f3 que \u201ces una ayuda enorme para nosotros porque cuesta mucho comprar los anteojos cuando ellos los necesitan. Me parece excelente que el Gobierno provincial acerque estos servicios a la comunidad, ya que los m\u00e9dicos revisan a los chicos y la entrega se hace en el mismo lugar, resolviendo una necesidad muy grande\u201d.<\/p>\n\n\n\n<p class=\"wp-block-paragraph\"><\/p>\n","protected":false},"excerpt":{"rendered":"<div class=\"post-excerpt\"><p>El Gobierno de Corrientes, a trav\u00e9s del Ministerio de Desarrollo Social y en articulaci\u00f3n con el Ministerio de Capital Humano Naci\u00f3n, puso en marcha este lunes en Corrientes un nuevo operativo de \u201cVer para Ser Libres\u201d junto a la propuesta \u201cCentros de Familia\u201d. La iniciativa conjunta, que cuenta con el acompa\u00f1amiento de la Universidad Nacional<\/p>\n<\/div>","protected":false},"author":2,"featured_media":52208,"comment_status":"closed","ping_status":"closed","sticky":false,"template":"","format":"standard","meta":{"_acf_changed":false,"footnotes":""},"categories":[2],"tags":[],"class_list":["post-52206","post","type-post","status-publish","format-standard","has-post-thumbnail","hentry","category-noticias"],"acf":[],"yoast_head":"<!-- This site is optimized with the Yoast SEO plugin v28.1 - https:\/\/yoast.com\/product\/yoast-seo-wordpress\/ -->\n<title>Con gran convocatoria en Capital, la Provincia despliega el programa \u201cVer para Ser Libres\u201d y \u201cCentros de Familia\u201d - Horizonte<\/title>\n<meta name=\"robots\" content=\"index, follow, max-snippet:-1, max-image-preview:large, max-video-preview:-1\" \/>\n<link rel=\"canonical\" href=\"https:\/\/www.radiohorizonte.fm\/radio\/2026\/09\/01\/con-gran-convocatoria-en-capital-la-provincia-despliega-el-programa-ver-para-ser-libres-y-centros-de-familia\/\" \/>\n<meta property=\"og:locale\" content=\"es_ES\" \/>\n<meta property=\"og:type\" content=\"article\" \/>\n<meta property=\"og:title\" content=\"Con gran convocatoria en Capital, la Provincia despliega el programa \u201cVer para Ser Libres\u201d y \u201cCentros de Familia\u201d - Horizonte\" \/>\n<meta property=\"og:description\" content=\"El Gobierno de Corrientes, a trav\u00e9s del Ministerio de Desarrollo Social y en articulaci\u00f3n con el Ministerio de Capital Humano Naci\u00f3n, puso en marcha este lunes en Corrientes un nuevo operativo de \u201cVer para Ser Libres\u201d junto a la propuesta \u201cCentros de Familia\u201d. La iniciativa conjunta, que cuenta con el acompa\u00f1amiento de la Universidad Nacional\" \/>\n<meta property=\"og:url\" content=\"https:\/\/www.radiohorizonte.fm\/radio\/2026\/09\/01\/con-gran-convocatoria-en-capital-la-provincia-despliega-el-programa-ver-para-ser-libres-y-centros-de-familia\/\" \/>\n<meta property=\"og:site_name\" content=\"Horizonte\" \/>\n<meta property=\"article:publisher\" content=\"http:\/\/www.facebook.com\/HORIZONTE106.1\" \/>\n<meta property=\"article:published_time\" content=\"2026-09-01T10:39:29+00:00\" \/>\n<meta property=\"article:modified_time\" content=\"2026-09-01T10:39:31+00:00\" \/>\n<meta property=\"og:image\" content=\"http:\/\/www.radiohorizonte.fm\/radio\/wp-content\/uploads\/2026\/09\/imagen-111968-scaled.jpg\" \/>\n\t<meta property=\"og:image:width\" content=\"2560\" \/>\n\t<meta property=\"og:image:height\" content=\"1707\" \/>\n\t<meta property=\"og:image:type\" content=\"image\/jpeg\" \/>\n<meta name=\"author\" content=\"Cristian Galarza\" \/>\n<meta name=\"twitter:card\" content=\"summary_large_image\" \/>\n<meta name=\"twitter:creator\" content=\"@fmhorizonte1061\" \/>\n<meta name=\"twitter:site\" content=\"@fmhorizonte1061\" \/>\n<meta name=\"twitter:label1\" content=\"Escrito por\" \/>\n\t<meta name=\"twitter:data1\" content=\"Cristian Galarza\" \/>\n\t<meta name=\"twitter:label2\" content=\"Tiempo de lectura\" \/>\n\t<meta name=\"twitter:data2\" content=\"3 minutos\" \/>\n<script type=\"application\/ld+json\" class=\"yoast-schema-graph\">{\"@context\":\"https:\\\/\\\/schema.org\",\"@graph\":[{\"@type\":\"Article\",\"@id\":\"https:\\\/\\\/www.radiohorizonte.fm\\\/radio\\\/2026\\\/09\\\/01\\\/con-gran-convocatoria-en-capital-la-provincia-despliega-el-programa-ver-para-ser-libres-y-centros-de-familia\\\/#article\",\"isPartOf\":{\"@id\":\"https:\\\/\\\/www.radiohorizonte.fm\\\/radio\\\/2026\\\/09\\\/01\\\/con-gran-convocatoria-en-capital-la-provincia-despliega-el-programa-ver-para-ser-libres-y-centros-de-familia\\\/\"},\"author\":{\"name\":\"Cristian Galarza\",\"@id\":\"http:\\\/\\\/www.radiohorizonte.fm\\\/radio\\\/#\\\/schema\\\/person\\\/f8fa003a405bb86729fd87d15d0ddafa\"},\"headline\":\"Con gran convocatoria en Capital, la Provincia despliega el programa \u201cVer para Ser Libres\u201d y \u201cCentros de Familia\u201d\",\"datePublished\":\"2026-09-01T10:39:29+00:00\",\"dateModified\":\"2026-09-01T10:39:31+00:00\",\"mainEntityOfPage\":{\"@id\":\"https:\\\/\\\/www.radiohorizonte.fm\\\/radio\\\/2026\\\/09\\\/01\\\/con-gran-convocatoria-en-capital-la-provincia-despliega-el-programa-ver-para-ser-libres-y-centros-de-familia\\\/\"},\"wordCount\":522,\"publisher\":{\"@id\":\"http:\\\/\\\/www.radiohorizonte.fm\\\/radio\\\/#organization\"},\"image\":{\"@id\":\"https:\\\/\\\/www.radiohorizonte.fm\\\/radio\\\/2026\\\/09\\\/01\\\/con-gran-convocatoria-en-capital-la-provincia-despliega-el-programa-ver-para-ser-libres-y-centros-de-familia\\\/#primaryimage\"},\"thumbnailUrl\":\"http:\\\/\\\/www.radiohorizonte.fm\\\/radio\\\/wp-content\\\/uploads\\\/2026\\\/09\\\/imagen-111968-scaled.jpg\",\"articleSection\":[\"Noticias\"],\"inLanguage\":\"es-AR\"},{\"@type\":\"WebPage\",\"@id\":\"https:\\\/\\\/www.radiohorizonte.fm\\\/radio\\\/2026\\\/09\\\/01\\\/con-gran-convocatoria-en-capital-la-provincia-despliega-el-programa-ver-para-ser-libres-y-centros-de-familia\\\/\",\"url\":\"https:\\\/\\\/www.radiohorizonte.fm\\\/radio\\\/2026\\\/09\\\/01\\\/con-gran-convocatoria-en-capital-la-provincia-despliega-el-programa-ver-para-ser-libres-y-centros-de-familia\\\/\",\"name\":\"Con gran convocatoria en Capital, la Provincia despliega el programa \u201cVer para Ser Libres\u201d y \u201cCentros de Familia\u201d - Horizonte\",\"isPartOf\":{\"@id\":\"http:\\\/\\\/www.radiohorizonte.fm\\\/radio\\\/#website\"},\"primaryImageOfPage\":{\"@id\":\"https:\\\/\\\/www.radiohorizonte.fm\\\/radio\\\/2026\\\/09\\\/01\\\/con-gran-convocatoria-en-capital-la-provincia-despliega-el-programa-ver-para-ser-libres-y-centros-de-familia\\\/#primaryimage\"},\"image\":{\"@id\":\"https:\\\/\\\/www.radiohorizonte.fm\\\/radio\\\/2026\\\/09\\\/01\\\/con-gran-convocatoria-en-capital-la-provincia-despliega-el-programa-ver-para-ser-libres-y-centros-de-familia\\\/#primaryimage\"},\"thumbnailUrl\":\"http:\\\/\\\/www.radiohorizonte.fm\\\/radio\\\/wp-content\\\/uploads\\\/2026\\\/09\\\/imagen-111968-scaled.jpg\",\"datePublished\":\"2026-09-01T10:39:29+00:00\",\"dateModified\":\"2026-09-01T10:39:31+00:00\",\"breadcrumb\":{\"@id\":\"https:\\\/\\\/www.radiohorizonte.fm\\\/radio\\\/2026\\\/09\\\/01\\\/con-gran-convocatoria-en-capital-la-provincia-despliega-el-programa-ver-para-ser-libres-y-centros-de-familia\\\/#breadcrumb\"},\"inLanguage\":\"es-AR\",\"potentialAction\":[{\"@type\":\"ReadAction\",\"target\":[\"https:\\\/\\\/www.radiohorizonte.fm\\\/radio\\\/2026\\\/09\\\/01\\\/con-gran-convocatoria-en-capital-la-provincia-despliega-el-programa-ver-para-ser-libres-y-centros-de-familia\\\/\"]}]},{\"@type\":\"ImageObject\",\"inLanguage\":\"es-AR\",\"@id\":\"https:\\\/\\\/www.radiohorizonte.fm\\\/radio\\\/2026\\\/09\\\/01\\\/con-gran-convocatoria-en-capital-la-provincia-despliega-el-programa-ver-para-ser-libres-y-centros-de-familia\\\/#primaryimage\",\"url\":\"http:\\\/\\\/www.radiohorizonte.fm\\\/radio\\\/wp-content\\\/uploads\\\/2026\\\/09\\\/imagen-111968-scaled.jpg\",\"contentUrl\":\"http:\\\/\\\/www.radiohorizonte.fm\\\/radio\\\/wp-content\\\/uploads\\\/2026\\\/09\\\/imagen-111968-scaled.jpg\",\"width\":2560,\"height\":1707},{\"@type\":\"BreadcrumbList\",\"@id\":\"https:\\\/\\\/www.radiohorizonte.fm\\\/radio\\\/2026\\\/09\\\/01\\\/con-gran-convocatoria-en-capital-la-provincia-despliega-el-programa-ver-para-ser-libres-y-centros-de-familia\\\/#breadcrumb\",\"itemListElement\":[{\"@type\":\"ListItem\",\"position\":1,\"name\":\"Home\",\"item\":\"http:\\\/\\\/www.radiohorizonte.fm\\\/radio\\\/\"},{\"@type\":\"ListItem\",\"position\":2,\"name\":\"Con gran convocatoria en Capital, la Provincia despliega el programa \u201cVer para Ser Libres\u201d y \u201cCentros de Familia\u201d\"}]},{\"@type\":\"WebSite\",\"@id\":\"http:\\\/\\\/www.radiohorizonte.fm\\\/radio\\\/#website\",\"url\":\"http:\\\/\\\/www.radiohorizonte.fm\\\/radio\\\/\",\"name\":\"Horizonte\",\"description\":\"Radio Horizonte 106.1 - Una radio de clasicos\",\"publisher\":{\"@id\":\"http:\\\/\\\/www.radiohorizonte.fm\\\/radio\\\/#organization\"},\"potentialAction\":[{\"@type\":\"SearchAction\",\"target\":{\"@type\":\"EntryPoint\",\"urlTemplate\":\"http:\\\/\\\/www.radiohorizonte.fm\\\/radio\\\/?s={search_term_string}\"},\"query-input\":{\"@type\":\"PropertyValueSpecification\",\"valueRequired\":true,\"valueName\":\"search_term_string\"}}],\"inLanguage\":\"es-AR\"},{\"@type\":\"Organization\",\"@id\":\"http:\\\/\\\/www.radiohorizonte.fm\\\/radio\\\/#organization\",\"name\":\"Horizonte\",\"url\":\"http:\\\/\\\/www.radiohorizonte.fm\\\/radio\\\/\",\"logo\":{\"@type\":\"ImageObject\",\"inLanguage\":\"es-AR\",\"@id\":\"http:\\\/\\\/www.radiohorizonte.fm\\\/radio\\\/#\\\/schema\\\/logo\\\/image\\\/\",\"url\":\"http:\\\/\\\/www.radiohorizonte.fm\\\/radio\\\/wp-content\\\/uploads\\\/2025\\\/06\\\/Portada-FM-Horizonte_modelo-imagen-scaled.jpg\",\"contentUrl\":\"http:\\\/\\\/www.radiohorizonte.fm\\\/radio\\\/wp-content\\\/uploads\\\/2025\\\/06\\\/Portada-FM-Horizonte_modelo-imagen-scaled.jpg\",\"width\":2560,\"height\":1056,\"caption\":\"Horizonte\"},\"image\":{\"@id\":\"http:\\\/\\\/www.radiohorizonte.fm\\\/radio\\\/#\\\/schema\\\/logo\\\/image\\\/\"},\"sameAs\":[\"http:\\\/\\\/www.facebook.com\\\/HORIZONTE106.1\",\"https:\\\/\\\/x.com\\\/fmhorizonte1061\"]},{\"@type\":\"Person\",\"@id\":\"http:\\\/\\\/www.radiohorizonte.fm\\\/radio\\\/#\\\/schema\\\/person\\\/f8fa003a405bb86729fd87d15d0ddafa\",\"name\":\"Cristian Galarza\",\"image\":{\"@type\":\"ImageObject\",\"inLanguage\":\"es-AR\",\"@id\":\"https:\\\/\\\/secure.gravatar.com\\\/avatar\\\/fad34bc2c773209c05d7d53b08a69b680eeb55f3be014e52b31643d20ab65925?s=96&d=mm&r=g\",\"url\":\"https:\\\/\\\/secure.gravatar.com\\\/avatar\\\/fad34bc2c773209c05d7d53b08a69b680eeb55f3be014e52b31643d20ab65925?s=96&d=mm&r=g\",\"contentUrl\":\"https:\\\/\\\/secure.gravatar.com\\\/avatar\\\/fad34bc2c773209c05d7d53b08a69b680eeb55f3be014e52b31643d20ab65925?s=96&d=mm&r=g\",\"caption\":\"Cristian Galarza\"},\"url\":\"http:\\\/\\\/www.radiohorizonte.fm\\\/radio\\\/author\\\/cristian\\\/\"}]}<\/script>\n<!-- \/ Yoast SEO plugin. -->","yoast_head_json":{"title":"Con gran convocatoria en Capital, la Provincia despliega el programa \u201cVer para Ser Libres\u201d y \u201cCentros de Familia\u201d - Horizonte","robots":{"index":"index","follow":"follow","max-snippet":"max-snippet:-1","max-image-preview":"max-image-preview:large","max-video-preview":"max-video-preview:-1"},"canonical":"https:\/\/www.radiohorizonte.fm\/radio\/2026\/09\/01\/con-gran-convocatoria-en-capital-la-provincia-despliega-el-programa-ver-para-ser-libres-y-centros-de-familia\/","og_locale":"es_ES","og_type":"article","og_title":"Con gran convocatoria en Capital, la Provincia despliega el programa \u201cVer para Ser Libres\u201d y \u201cCentros de Familia\u201d - Horizonte","og_description":"El Gobierno de Corrientes, a trav\u00e9s del Ministerio de Desarrollo Social y en articulaci\u00f3n con el Ministerio de Capital Humano Naci\u00f3n, puso en marcha este lunes en Corrientes un nuevo operativo de \u201cVer para Ser Libres\u201d junto a la propuesta \u201cCentros de Familia\u201d. La iniciativa conjunta, que cuenta con el acompa\u00f1amiento de la Universidad Nacional","og_url":"https:\/\/www.radiohorizonte.fm\/radio\/2026\/09\/01\/con-gran-convocatoria-en-capital-la-provincia-despliega-el-programa-ver-para-ser-libres-y-centros-de-familia\/","og_site_name":"Horizonte","article_publisher":"http:\/\/www.facebook.com\/HORIZONTE106.1","article_published_time":"2026-09-01T10:39:29+00:00","article_modified_time":"2026-09-01T10:39:31+00:00","og_image":[{"width":2560,"height":1707,"url":"http:\/\/www.radiohorizonte.fm\/radio\/wp-content\/uploads\/2026\/09\/imagen-111968-scaled.jpg","type":"image\/jpeg"}],"author":"Cristian Galarza","twitter_card":"summary_large_image","twitter_creator":"@fmhorizonte1061","twitter_site":"@fmhorizonte1061","twitter_misc":{"Escrito por":"Cristian Galarza","Tiempo de lectura":"3 minutos"},"schema":{"@context":"https:\/\/schema.org","@graph":[{"@type":"Article","@id":"https:\/\/www.radiohorizonte.fm\/radio\/2026\/09\/01\/con-gran-convocatoria-en-capital-la-provincia-despliega-el-programa-ver-para-ser-libres-y-centros-de-familia\/#article","isPartOf":{"@id":"https:\/\/www.radiohorizonte.fm\/radio\/2026\/09\/01\/con-gran-convocatoria-en-capital-la-provincia-despliega-el-programa-ver-para-ser-libres-y-centros-de-familia\/"},"author":{"name":"Cristian Galarza","@id":"http:\/\/www.radiohorizonte.fm\/radio\/#\/schema\/person\/f8fa003a405bb86729fd87d15d0ddafa"},"headline":"Con gran convocatoria en Capital, la Provincia despliega el programa \u201cVer para Ser Libres\u201d y \u201cCentros de Familia\u201d","datePublished":"2026-09-01T10:39:29+00:00","dateModified":"2026-09-01T10:39:31+00:00","mainEntityOfPage":{"@id":"https:\/\/www.radiohorizonte.fm\/radio\/2026\/09\/01\/con-gran-convocatoria-en-capital-la-provincia-despliega-el-programa-ver-para-ser-libres-y-centros-de-familia\/"},"wordCount":522,"publisher":{"@id":"http:\/\/www.radiohorizonte.fm\/radio\/#organization"},"image":{"@id":"https:\/\/www.radiohorizonte.fm\/radio\/2026\/09\/01\/con-gran-convocatoria-en-capital-la-provincia-despliega-el-programa-ver-para-ser-libres-y-centros-de-familia\/#primaryimage"},"thumbnailUrl":"http:\/\/www.radiohorizonte.fm\/radio\/wp-content\/uploads\/2026\/09\/imagen-111968-scaled.jpg","articleSection":["Noticias"],"inLanguage":"es-AR"},{"@type":"WebPage","@id":"https:\/\/www.radiohorizonte.fm\/radio\/2026\/09\/01\/con-gran-convocatoria-en-capital-la-provincia-despliega-el-programa-ver-para-ser-libres-y-centros-de-familia\/","url":"https:\/\/www.radiohorizonte.fm\/radio\/2026\/09\/01\/con-gran-convocatoria-en-capital-la-provincia-despliega-el-programa-ver-para-ser-libres-y-centros-de-familia\/","name":"Con gran convocatoria en Capital, la Provincia despliega el programa \u201cVer para Ser Libres\u201d y \u201cCentros de Familia\u201d - Horizonte","isPartOf":{"@id":"http:\/\/www.radiohorizonte.fm\/radio\/#website"},"primaryImageOfPage":{"@id":"https:\/\/www.radiohorizonte.fm\/radio\/2026\/09\/01\/con-gran-convocatoria-en-capital-la-provincia-despliega-el-programa-ver-para-ser-libres-y-centros-de-familia\/#primaryimage"},"image":{"@id":"https:\/\/www.radiohorizonte.fm\/radio\/2026\/09\/01\/con-gran-convocatoria-en-capital-la-provincia-despliega-el-programa-ver-para-ser-libres-y-centros-de-familia\/#primaryimage"},"thumbnailUrl":"http:\/\/www.radiohorizonte.fm\/radio\/wp-content\/uploads\/2026\/09\/imagen-111968-scaled.jpg","datePublished":"2026-09-01T10:39:29+00:00","dateModified":"2026-09-01T10:39:31+00:00","breadcrumb":{"@id":"https:\/\/www.radiohorizonte.fm\/radio\/2026\/09\/01\/con-gran-convocatoria-en-capital-la-provincia-despliega-el-programa-ver-para-ser-libres-y-centros-de-familia\/#breadcrumb"},"inLanguage":"es-AR","potentialAction":[{"@type":"ReadAction","target":["https:\/\/www.radiohorizonte.fm\/radio\/2026\/09\/01\/con-gran-convocatoria-en-capital-la-provincia-despliega-el-programa-ver-para-ser-libres-y-centros-de-familia\/"]}]},{"@type":"ImageObject","inLanguage":"es-AR","@id":"https:\/\/www.radiohorizonte.fm\/radio\/2026\/09\/01\/con-gran-convocatoria-en-capital-la-provincia-despliega-el-programa-ver-para-ser-libres-y-centros-de-familia\/#primaryimage","url":"http:\/\/www.radiohorizonte.fm\/radio\/wp-content\/uploads\/2026\/09\/imagen-111968-scaled.jpg","contentUrl":"http:\/\/www.radiohorizonte.fm\/radio\/wp-content\/uploads\/2026\/09\/imagen-111968-scaled.jpg","width":2560,"height":1707},{"@type":"BreadcrumbList","@id":"https:\/\/www.radiohorizonte.fm\/radio\/2026\/09\/01\/con-gran-convocatoria-en-capital-la-provincia-despliega-el-programa-ver-para-ser-libres-y-centros-de-familia\/#breadcrumb","itemListElement":[{"@type":"ListItem","position":1,"name":"Home","item":"http:\/\/www.radiohorizonte.fm\/radio\/"},{"@type":"ListItem","position":2,"name":"Con gran convocatoria en Capital, la Provincia despliega el programa \u201cVer para Ser Libres\u201d y \u201cCentros de Familia\u201d"}]},{"@type":"WebSite","@id":"http:\/\/www.radiohorizonte.fm\/radio\/#website","url":"http:\/\/www.radiohorizonte.fm\/radio\/","name":"Horizonte","description":"Radio Horizonte 106.1 - Una radio de clasicos","publisher":{"@id":"http:\/\/www.radiohorizonte.fm\/radio\/#organization"},"potentialAction":[{"@type":"SearchAction","target":{"@type":"EntryPoint","urlTemplate":"http:\/\/www.radiohorizonte.fm\/radio\/?s={search_term_string}"},"query-input":{"@type":"PropertyValueSpecification","valueRequired":true,"valueName":"search_term_string"}}],"inLanguage":"es-AR"},{"@type":"Organization","@id":"http:\/\/www.radiohorizonte.fm\/radio\/#organization","name":"Horizonte","url":"http:\/\/www.radiohorizonte.fm\/radio\/","logo":{"@type":"ImageObject","inLanguage":"es-AR","@id":"http:\/\/www.radiohorizonte.fm\/radio\/#\/schema\/logo\/image\/","url":"http:\/\/www.radiohorizonte.fm\/radio\/wp-content\/uploads\/2025\/06\/Portada-FM-Horizonte_modelo-imagen-scaled.jpg","contentUrl":"http:\/\/www.radiohorizonte.fm\/radio\/wp-content\/uploads\/2025\/06\/Portada-FM-Horizonte_modelo-imagen-scaled.jpg","width":2560,"height":1056,"caption":"Horizonte"},"image":{"@id":"http:\/\/www.radiohorizonte.fm\/radio\/#\/schema\/logo\/image\/"},"sameAs":["http:\/\/www.facebook.com\/HORIZONTE106.1","https:\/\/x.com\/fmhorizonte1061"]},{"@type":"Person","@id":"http:\/\/www.radiohorizonte.fm\/radio\/#\/schema\/person\/f8fa003a405bb86729fd87d15d0ddafa","name":"Cristian Galarza","image":{"@type":"ImageObject","inLanguage":"es-AR","@id":"https:\/\/secure.gravatar.com\/avatar\/fad34bc2c773209c05d7d53b08a69b680eeb55f3be014e52b31643d20ab65925?s=96&d=mm&r=g","url":"https:\/\/secure.gravatar.com\/avatar\/fad34bc2c773209c05d7d53b08a69b680eeb55f3be014e52b31643d20ab65925?s=96&d=mm&r=g","contentUrl":"https:\/\/secure.gravatar.com\/avatar\/fad34bc2c773209c05d7d53b08a69b680eeb55f3be014e52b31643d20ab65925?s=96&d=mm&r=g","caption":"Cristian Galarza"},"url":"http:\/\/www.radiohorizonte.fm\/radio\/author\/cristian\/"}]}},"_links":{"self":[{"href":"http:\/\/www.radiohorizonte.fm\/radio\/wp-json\/wp\/v2\/posts\/52206","targetHints":{"allow":["GET"]}}],"collection":[{"href":"http:\/\/www.radiohorizonte.fm\/radio\/wp-json\/wp\/v2\/posts"}],"about":[{"href":"http:\/\/www.radiohorizonte.fm\/radio\/wp-json\/wp\/v2\/types\/post"}],"author":[{"embeddable":true,"href":"http:\/\/www.radiohorizonte.fm\/radio\/wp-json\/wp\/v2\/users\/2"}],"replies":[{"embeddable":true,"href":"http:\/\/www.radiohorizonte.fm\/radio\/wp-json\/wp\/v2\/comments?post=52206"}],"version-history":[{"count":1,"href":"http:\/\/www.radiohorizonte.fm\/radio\/wp-json\/wp\/v2\/posts\/52206\/revisions"}],"predecessor-version":[{"id":52210,"href":"http:\/\/www.radiohorizonte.fm\/radio\/wp-json\/wp\/v2\/posts\/52206\/revisions\/52210"}],"wp:featuredmedia":[{"embeddable":true,"href":"http:\/\/www.radiohorizonte.fm\/radio\/wp-json\/wp\/v2\/media\/52208"}],"wp:attachment":[{"href":"http:\/\/www.radiohorizonte.fm\/radio\/wp-json\/wp\/v2\/media?parent=52206"}],"wp:term":[{"taxonomy":"category","embeddable":true,"href":"http:\/\/www.radiohorizonte.fm\/radio\/wp-json\/wp\/v2\/categories?post=52206"},{"taxonomy":"post_tag","embeddable":true,"href":"http:\/\/www.radiohorizonte.fm\/radio\/wp-json\/wp\/v2\/tags?post=52206"}],"curies":[{"name":"wp","href":"https:\/\/api.w.org\/{rel}","templated":true}]}}