{"id":52216,"date":"2026-09-02T07:41:05","date_gmt":"2026-09-02T10:41:05","guid":{"rendered":"https:\/\/www.radiohorizonte.fm\/radio\/?p=52216"},"modified":"2026-09-02T07:41:06","modified_gmt":"2026-09-02T10:41:06","slug":"salud-publica-insiste-en-que-las-vacunas-para-el-ingreso-escolar-deben-colocarse-a-los-5-anos","status":"publish","type":"post","link":"http:\/\/www.radiohorizonte.fm\/radio\/2026\/09\/02\/salud-publica-insiste-en-que-las-vacunas-para-el-ingreso-escolar-deben-colocarse-a-los-5-anos\/","title":{"rendered":"Salud P\u00fablica insiste en que las vacunas para el ingreso escolar deben colocarse a los 5 a\u00f1os"},"content":{"rendered":"\n<p class=\"wp-block-paragraph\"><em>Son 4 aplicaciones que previenen ocho enfermedades, entre estas est\u00e1 Sarampi\u00f3n. Las dosis est\u00e1n disponibles en los vacunatorios de la provincia.<\/em><\/p>\n\n\n\n<figure class=\"wp-block-image size-large\"><img loading=\"lazy\" decoding=\"async\" width=\"1024\" height=\"682\" src=\"https:\/\/www.radiohorizonte.fm\/radio\/wp-content\/uploads\/2026\/09\/imagen-111989-1024x682.jpg\" alt=\"\" class=\"wp-image-52217\" srcset=\"http:\/\/www.radiohorizonte.fm\/radio\/wp-content\/uploads\/2026\/09\/imagen-111989-1024x682.jpg 1024w, http:\/\/www.radiohorizonte.fm\/radio\/wp-content\/uploads\/2026\/09\/imagen-111989-300x200.jpg 300w, http:\/\/www.radiohorizonte.fm\/radio\/wp-content\/uploads\/2026\/09\/imagen-111989-768x512.jpg 768w, http:\/\/www.radiohorizonte.fm\/radio\/wp-content\/uploads\/2026\/09\/imagen-111989-1536x1023.jpg 1536w, http:\/\/www.radiohorizonte.fm\/radio\/wp-content\/uploads\/2026\/09\/imagen-111989-640x426.jpg 640w, http:\/\/www.radiohorizonte.fm\/radio\/wp-content\/uploads\/2026\/09\/imagen-111989.jpg 1600w\" sizes=\"auto, (max-width: 1024px) 100vw, 1024px\" \/><\/figure>\n\n\n\n<p class=\"wp-block-paragraph\">El Ministerio de Salud P\u00fablica recuerda que las vacunas para el ingreso escolar deben colocarse a los 5 a\u00f1os. Los tutores, tienen que controlar el Calendario Obligatorio y completar en el tiempo que se le indica.<\/p>\n\n\n\n<p class=\"wp-block-paragraph\">Las 4 vacunas, son recomendable poner en el nivel inicial. Estas son: Poliomielitis (IPV \/ Salk), refuerzo; Triple viral (SRP) que protege contra Sarampi\u00f3n, Rub\u00e9ola y Paperas (segunda dosis); Triple bacteriana celular (DPT), protege contra Difteria, T\u00e9tanos y Tos Convulsa y, Varicela (segunda dosis).<\/p>\n\n\n\n<p class=\"wp-block-paragraph\">Las dosis est\u00e1n disponibles en los vacunatorios de la provincia. Solicitan, concurrir con DNI y carnet de vacunaci\u00f3n.<\/p>\n\n\n\n<p class=\"wp-block-paragraph\">\u201cEs importante reforzar el mensaje, tienen que vacunar a los chicos a los 5 a\u00f1os. Estas vacunas previenen enfermedades que est\u00e1n circulando en el mundo. Hubo casos de muerte por Sarampi\u00f3n en Estados Unidos\u201d, dijo la directora de Inmunizaciones, Marina Cantero.<\/p>\n\n\n\n<p class=\"wp-block-paragraph\">El Sarampi\u00f3n es una enfermedad viral febril exantem\u00e1tica que puede presentarse en todas las edades, siendo de mayor gravedad en menores de 5 a\u00f1os, personas con desnutrici\u00f3n o con inmunocompromiso, en los cuales puede causar graves complicaciones respiratorias como neumon\u00eda, enfermedades del sistema nervioso central como convulsiones, meningoencefalitis, ceguera y enfermedades tard\u00edas con complicaciones cr\u00f3nicas, en algunas ocasiones generando la muerte.<\/p>\n\n\n\n<p class=\"wp-block-paragraph\"><strong>Cronograma Calendario\/Covid-19\/Dengue\/Ant<wbr>igripal Capital<\/strong><\/p>\n\n\n\n<p class=\"wp-block-paragraph\">Puntos de vacunaci\u00f3n<\/p>\n\n\n\n<p class=\"wp-block-paragraph\">De lunes a viernes de 8 a 12 y de 14 a 18.<\/p>\n\n\n\n<p class=\"wp-block-paragraph\">-Estaci\u00f3n Saludable Plaza Cabral<\/p>\n\n\n\n<p class=\"wp-block-paragraph\">-Hospital de Campa\u00f1a Escuela Hogar (a partir de 15 a\u00f1os de edad).<\/p>\n\n\n\n<p class=\"wp-block-paragraph\">Asistir con DNI y carnet de vacunaci\u00f3n.<\/p>\n\n\n\n<p class=\"wp-block-paragraph\"><\/p>\n","protected":false},"excerpt":{"rendered":"<div class=\"post-excerpt\"><p>Son 4 aplicaciones que previenen ocho enfermedades, entre estas est\u00e1 Sarampi\u00f3n. Las dosis est\u00e1n disponibles en los vacunatorios de la provincia. El Ministerio de Salud P\u00fablica recuerda que las vacunas para el ingreso escolar deben colocarse a los 5 a\u00f1os. Los tutores, tienen que controlar el Calendario Obligatorio y completar en el tiempo que se<\/p>\n<\/div>","protected":false},"author":2,"featured_media":52217,"comment_status":"closed","ping_status":"closed","sticky":false,"template":"","format":"standard","meta":{"_acf_changed":false,"footnotes":""},"categories":[2],"tags":[],"class_list":["post-52216","post","type-post","status-publish","format-standard","has-post-thumbnail","hentry","category-noticias"],"acf":[],"yoast_head":"<!-- This site is optimized with the Yoast SEO plugin v28.1 - https:\/\/yoast.com\/product\/yoast-seo-wordpress\/ -->\n<title>Salud P\u00fablica insiste en que las vacunas para el ingreso escolar deben colocarse a los 5 a\u00f1os - Horizonte<\/title>\n<meta name=\"robots\" content=\"index, follow, max-snippet:-1, max-image-preview:large, max-video-preview:-1\" \/>\n<link rel=\"canonical\" href=\"https:\/\/www.radiohorizonte.fm\/radio\/2026\/09\/02\/salud-publica-insiste-en-que-las-vacunas-para-el-ingreso-escolar-deben-colocarse-a-los-5-anos\/\" \/>\n<meta property=\"og:locale\" content=\"es_ES\" \/>\n<meta property=\"og:type\" content=\"article\" \/>\n<meta property=\"og:title\" content=\"Salud P\u00fablica insiste en que las vacunas para el ingreso escolar deben colocarse a los 5 a\u00f1os - Horizonte\" \/>\n<meta property=\"og:description\" content=\"Son 4 aplicaciones que previenen ocho enfermedades, entre estas est\u00e1 Sarampi\u00f3n. Las dosis est\u00e1n disponibles en los vacunatorios de la provincia. El Ministerio de Salud P\u00fablica recuerda que las vacunas para el ingreso escolar deben colocarse a los 5 a\u00f1os. Los tutores, tienen que controlar el Calendario Obligatorio y completar en el tiempo que se\" \/>\n<meta property=\"og:url\" content=\"https:\/\/www.radiohorizonte.fm\/radio\/2026\/09\/02\/salud-publica-insiste-en-que-las-vacunas-para-el-ingreso-escolar-deben-colocarse-a-los-5-anos\/\" \/>\n<meta property=\"og:site_name\" content=\"Horizonte\" \/>\n<meta property=\"article:publisher\" content=\"http:\/\/www.facebook.com\/HORIZONTE106.1\" \/>\n<meta property=\"article:published_time\" content=\"2026-09-02T10:41:05+00:00\" \/>\n<meta property=\"article:modified_time\" content=\"2026-09-02T10:41:06+00:00\" \/>\n<meta property=\"og:image\" content=\"http:\/\/www.radiohorizonte.fm\/radio\/wp-content\/uploads\/2026\/09\/imagen-111989.jpg\" \/>\n\t<meta property=\"og:image:width\" content=\"1600\" \/>\n\t<meta property=\"og:image:height\" content=\"1066\" \/>\n\t<meta property=\"og:image:type\" content=\"image\/jpeg\" \/>\n<meta name=\"author\" content=\"Cristian Galarza\" \/>\n<meta name=\"twitter:card\" content=\"summary_large_image\" \/>\n<meta name=\"twitter:creator\" content=\"@fmhorizonte1061\" \/>\n<meta name=\"twitter:site\" content=\"@fmhorizonte1061\" \/>\n<meta name=\"twitter:label1\" content=\"Escrito por\" \/>\n\t<meta name=\"twitter:data1\" content=\"Cristian Galarza\" \/>\n\t<meta name=\"twitter:label2\" content=\"Tiempo de lectura\" \/>\n\t<meta name=\"twitter:data2\" content=\"2 minutos\" \/>\n<script type=\"application\/ld+json\" class=\"yoast-schema-graph\">{\"@context\":\"https:\\\/\\\/schema.org\",\"@graph\":[{\"@type\":\"Article\",\"@id\":\"https:\\\/\\\/www.radiohorizonte.fm\\\/radio\\\/2026\\\/09\\\/02\\\/salud-publica-insiste-en-que-las-vacunas-para-el-ingreso-escolar-deben-colocarse-a-los-5-anos\\\/#article\",\"isPartOf\":{\"@id\":\"https:\\\/\\\/www.radiohorizonte.fm\\\/radio\\\/2026\\\/09\\\/02\\\/salud-publica-insiste-en-que-las-vacunas-para-el-ingreso-escolar-deben-colocarse-a-los-5-anos\\\/\"},\"author\":{\"name\":\"Cristian Galarza\",\"@id\":\"http:\\\/\\\/www.radiohorizonte.fm\\\/radio\\\/#\\\/schema\\\/person\\\/f8fa003a405bb86729fd87d15d0ddafa\"},\"headline\":\"Salud P\u00fablica insiste en que las vacunas para el ingreso escolar deben colocarse a los 5 a\u00f1os\",\"datePublished\":\"2026-09-02T10:41:05+00:00\",\"dateModified\":\"2026-09-02T10:41:06+00:00\",\"mainEntityOfPage\":{\"@id\":\"https:\\\/\\\/www.radiohorizonte.fm\\\/radio\\\/2026\\\/09\\\/02\\\/salud-publica-insiste-en-que-las-vacunas-para-el-ingreso-escolar-deben-colocarse-a-los-5-anos\\\/\"},\"wordCount\":297,\"publisher\":{\"@id\":\"http:\\\/\\\/www.radiohorizonte.fm\\\/radio\\\/#organization\"},\"image\":{\"@id\":\"https:\\\/\\\/www.radiohorizonte.fm\\\/radio\\\/2026\\\/09\\\/02\\\/salud-publica-insiste-en-que-las-vacunas-para-el-ingreso-escolar-deben-colocarse-a-los-5-anos\\\/#primaryimage\"},\"thumbnailUrl\":\"http:\\\/\\\/www.radiohorizonte.fm\\\/radio\\\/wp-content\\\/uploads\\\/2026\\\/09\\\/imagen-111989.jpg\",\"articleSection\":[\"Noticias\"],\"inLanguage\":\"es-AR\"},{\"@type\":\"WebPage\",\"@id\":\"https:\\\/\\\/www.radiohorizonte.fm\\\/radio\\\/2026\\\/09\\\/02\\\/salud-publica-insiste-en-que-las-vacunas-para-el-ingreso-escolar-deben-colocarse-a-los-5-anos\\\/\",\"url\":\"https:\\\/\\\/www.radiohorizonte.fm\\\/radio\\\/2026\\\/09\\\/02\\\/salud-publica-insiste-en-que-las-vacunas-para-el-ingreso-escolar-deben-colocarse-a-los-5-anos\\\/\",\"name\":\"Salud P\u00fablica insiste en que las vacunas para el ingreso escolar deben colocarse a los 5 a\u00f1os - Horizonte\",\"isPartOf\":{\"@id\":\"http:\\\/\\\/www.radiohorizonte.fm\\\/radio\\\/#website\"},\"primaryImageOfPage\":{\"@id\":\"https:\\\/\\\/www.radiohorizonte.fm\\\/radio\\\/2026\\\/09\\\/02\\\/salud-publica-insiste-en-que-las-vacunas-para-el-ingreso-escolar-deben-colocarse-a-los-5-anos\\\/#primaryimage\"},\"image\":{\"@id\":\"https:\\\/\\\/www.radiohorizonte.fm\\\/radio\\\/2026\\\/09\\\/02\\\/salud-publica-insiste-en-que-las-vacunas-para-el-ingreso-escolar-deben-colocarse-a-los-5-anos\\\/#primaryimage\"},\"thumbnailUrl\":\"http:\\\/\\\/www.radiohorizonte.fm\\\/radio\\\/wp-content\\\/uploads\\\/2026\\\/09\\\/imagen-111989.jpg\",\"datePublished\":\"2026-09-02T10:41:05+00:00\",\"dateModified\":\"2026-09-02T10:41:06+00:00\",\"breadcrumb\":{\"@id\":\"https:\\\/\\\/www.radiohorizonte.fm\\\/radio\\\/2026\\\/09\\\/02\\\/salud-publica-insiste-en-que-las-vacunas-para-el-ingreso-escolar-deben-colocarse-a-los-5-anos\\\/#breadcrumb\"},\"inLanguage\":\"es-AR\",\"potentialAction\":[{\"@type\":\"ReadAction\",\"target\":[\"https:\\\/\\\/www.radiohorizonte.fm\\\/radio\\\/2026\\\/09\\\/02\\\/salud-publica-insiste-en-que-las-vacunas-para-el-ingreso-escolar-deben-colocarse-a-los-5-anos\\\/\"]}]},{\"@type\":\"ImageObject\",\"inLanguage\":\"es-AR\",\"@id\":\"https:\\\/\\\/www.radiohorizonte.fm\\\/radio\\\/2026\\\/09\\\/02\\\/salud-publica-insiste-en-que-las-vacunas-para-el-ingreso-escolar-deben-colocarse-a-los-5-anos\\\/#primaryimage\",\"url\":\"http:\\\/\\\/www.radiohorizonte.fm\\\/radio\\\/wp-content\\\/uploads\\\/2026\\\/09\\\/imagen-111989.jpg\",\"contentUrl\":\"http:\\\/\\\/www.radiohorizonte.fm\\\/radio\\\/wp-content\\\/uploads\\\/2026\\\/09\\\/imagen-111989.jpg\",\"width\":1600,\"height\":1066},{\"@type\":\"BreadcrumbList\",\"@id\":\"https:\\\/\\\/www.radiohorizonte.fm\\\/radio\\\/2026\\\/09\\\/02\\\/salud-publica-insiste-en-que-las-vacunas-para-el-ingreso-escolar-deben-colocarse-a-los-5-anos\\\/#breadcrumb\",\"itemListElement\":[{\"@type\":\"ListItem\",\"position\":1,\"name\":\"Home\",\"item\":\"http:\\\/\\\/www.radiohorizonte.fm\\\/radio\\\/\"},{\"@type\":\"ListItem\",\"position\":2,\"name\":\"Salud P\u00fablica insiste en que las vacunas para el ingreso escolar deben colocarse a los 5 a\u00f1os\"}]},{\"@type\":\"WebSite\",\"@id\":\"http:\\\/\\\/www.radiohorizonte.fm\\\/radio\\\/#website\",\"url\":\"http:\\\/\\\/www.radiohorizonte.fm\\\/radio\\\/\",\"name\":\"Horizonte\",\"description\":\"Radio Horizonte 106.1 - Una radio de clasicos\",\"publisher\":{\"@id\":\"http:\\\/\\\/www.radiohorizonte.fm\\\/radio\\\/#organization\"},\"potentialAction\":[{\"@type\":\"SearchAction\",\"target\":{\"@type\":\"EntryPoint\",\"urlTemplate\":\"http:\\\/\\\/www.radiohorizonte.fm\\\/radio\\\/?s={search_term_string}\"},\"query-input\":{\"@type\":\"PropertyValueSpecification\",\"valueRequired\":true,\"valueName\":\"search_term_string\"}}],\"inLanguage\":\"es-AR\"},{\"@type\":\"Organization\",\"@id\":\"http:\\\/\\\/www.radiohorizonte.fm\\\/radio\\\/#organization\",\"name\":\"Horizonte\",\"url\":\"http:\\\/\\\/www.radiohorizonte.fm\\\/radio\\\/\",\"logo\":{\"@type\":\"ImageObject\",\"inLanguage\":\"es-AR\",\"@id\":\"http:\\\/\\\/www.radiohorizonte.fm\\\/radio\\\/#\\\/schema\\\/logo\\\/image\\\/\",\"url\":\"http:\\\/\\\/www.radiohorizonte.fm\\\/radio\\\/wp-content\\\/uploads\\\/2025\\\/06\\\/Portada-FM-Horizonte_modelo-imagen-scaled.jpg\",\"contentUrl\":\"http:\\\/\\\/www.radiohorizonte.fm\\\/radio\\\/wp-content\\\/uploads\\\/2025\\\/06\\\/Portada-FM-Horizonte_modelo-imagen-scaled.jpg\",\"width\":2560,\"height\":1056,\"caption\":\"Horizonte\"},\"image\":{\"@id\":\"http:\\\/\\\/www.radiohorizonte.fm\\\/radio\\\/#\\\/schema\\\/logo\\\/image\\\/\"},\"sameAs\":[\"http:\\\/\\\/www.facebook.com\\\/HORIZONTE106.1\",\"https:\\\/\\\/x.com\\\/fmhorizonte1061\"]},{\"@type\":\"Person\",\"@id\":\"http:\\\/\\\/www.radiohorizonte.fm\\\/radio\\\/#\\\/schema\\\/person\\\/f8fa003a405bb86729fd87d15d0ddafa\",\"name\":\"Cristian Galarza\",\"image\":{\"@type\":\"ImageObject\",\"inLanguage\":\"es-AR\",\"@id\":\"https:\\\/\\\/secure.gravatar.com\\\/avatar\\\/fad34bc2c773209c05d7d53b08a69b680eeb55f3be014e52b31643d20ab65925?s=96&d=mm&r=g\",\"url\":\"https:\\\/\\\/secure.gravatar.com\\\/avatar\\\/fad34bc2c773209c05d7d53b08a69b680eeb55f3be014e52b31643d20ab65925?s=96&d=mm&r=g\",\"contentUrl\":\"https:\\\/\\\/secure.gravatar.com\\\/avatar\\\/fad34bc2c773209c05d7d53b08a69b680eeb55f3be014e52b31643d20ab65925?s=96&d=mm&r=g\",\"caption\":\"Cristian Galarza\"},\"url\":\"http:\\\/\\\/www.radiohorizonte.fm\\\/radio\\\/author\\\/cristian\\\/\"}]}<\/script>\n<!-- \/ Yoast SEO plugin. -->","yoast_head_json":{"title":"Salud P\u00fablica insiste en que las vacunas para el ingreso escolar deben colocarse a los 5 a\u00f1os - Horizonte","robots":{"index":"index","follow":"follow","max-snippet":"max-snippet:-1","max-image-preview":"max-image-preview:large","max-video-preview":"max-video-preview:-1"},"canonical":"https:\/\/www.radiohorizonte.fm\/radio\/2026\/09\/02\/salud-publica-insiste-en-que-las-vacunas-para-el-ingreso-escolar-deben-colocarse-a-los-5-anos\/","og_locale":"es_ES","og_type":"article","og_title":"Salud P\u00fablica insiste en que las vacunas para el ingreso escolar deben colocarse a los 5 a\u00f1os - Horizonte","og_description":"Son 4 aplicaciones que previenen ocho enfermedades, entre estas est\u00e1 Sarampi\u00f3n. Las dosis est\u00e1n disponibles en los vacunatorios de la provincia. El Ministerio de Salud P\u00fablica recuerda que las vacunas para el ingreso escolar deben colocarse a los 5 a\u00f1os. Los tutores, tienen que controlar el Calendario Obligatorio y completar en el tiempo que se","og_url":"https:\/\/www.radiohorizonte.fm\/radio\/2026\/09\/02\/salud-publica-insiste-en-que-las-vacunas-para-el-ingreso-escolar-deben-colocarse-a-los-5-anos\/","og_site_name":"Horizonte","article_publisher":"http:\/\/www.facebook.com\/HORIZONTE106.1","article_published_time":"2026-09-02T10:41:05+00:00","article_modified_time":"2026-09-02T10:41:06+00:00","og_image":[{"width":1600,"height":1066,"url":"http:\/\/www.radiohorizonte.fm\/radio\/wp-content\/uploads\/2026\/09\/imagen-111989.jpg","type":"image\/jpeg"}],"author":"Cristian Galarza","twitter_card":"summary_large_image","twitter_creator":"@fmhorizonte1061","twitter_site":"@fmhorizonte1061","twitter_misc":{"Escrito por":"Cristian Galarza","Tiempo de lectura":"2 minutos"},"schema":{"@context":"https:\/\/schema.org","@graph":[{"@type":"Article","@id":"https:\/\/www.radiohorizonte.fm\/radio\/2026\/09\/02\/salud-publica-insiste-en-que-las-vacunas-para-el-ingreso-escolar-deben-colocarse-a-los-5-anos\/#article","isPartOf":{"@id":"https:\/\/www.radiohorizonte.fm\/radio\/2026\/09\/02\/salud-publica-insiste-en-que-las-vacunas-para-el-ingreso-escolar-deben-colocarse-a-los-5-anos\/"},"author":{"name":"Cristian Galarza","@id":"http:\/\/www.radiohorizonte.fm\/radio\/#\/schema\/person\/f8fa003a405bb86729fd87d15d0ddafa"},"headline":"Salud P\u00fablica insiste en que las vacunas para el ingreso escolar deben colocarse a los 5 a\u00f1os","datePublished":"2026-09-02T10:41:05+00:00","dateModified":"2026-09-02T10:41:06+00:00","mainEntityOfPage":{"@id":"https:\/\/www.radiohorizonte.fm\/radio\/2026\/09\/02\/salud-publica-insiste-en-que-las-vacunas-para-el-ingreso-escolar-deben-colocarse-a-los-5-anos\/"},"wordCount":297,"publisher":{"@id":"http:\/\/www.radiohorizonte.fm\/radio\/#organization"},"image":{"@id":"https:\/\/www.radiohorizonte.fm\/radio\/2026\/09\/02\/salud-publica-insiste-en-que-las-vacunas-para-el-ingreso-escolar-deben-colocarse-a-los-5-anos\/#primaryimage"},"thumbnailUrl":"http:\/\/www.radiohorizonte.fm\/radio\/wp-content\/uploads\/2026\/09\/imagen-111989.jpg","articleSection":["Noticias"],"inLanguage":"es-AR"},{"@type":"WebPage","@id":"https:\/\/www.radiohorizonte.fm\/radio\/2026\/09\/02\/salud-publica-insiste-en-que-las-vacunas-para-el-ingreso-escolar-deben-colocarse-a-los-5-anos\/","url":"https:\/\/www.radiohorizonte.fm\/radio\/2026\/09\/02\/salud-publica-insiste-en-que-las-vacunas-para-el-ingreso-escolar-deben-colocarse-a-los-5-anos\/","name":"Salud P\u00fablica insiste en que las vacunas para el ingreso escolar deben colocarse a los 5 a\u00f1os - Horizonte","isPartOf":{"@id":"http:\/\/www.radiohorizonte.fm\/radio\/#website"},"primaryImageOfPage":{"@id":"https:\/\/www.radiohorizonte.fm\/radio\/2026\/09\/02\/salud-publica-insiste-en-que-las-vacunas-para-el-ingreso-escolar-deben-colocarse-a-los-5-anos\/#primaryimage"},"image":{"@id":"https:\/\/www.radiohorizonte.fm\/radio\/2026\/09\/02\/salud-publica-insiste-en-que-las-vacunas-para-el-ingreso-escolar-deben-colocarse-a-los-5-anos\/#primaryimage"},"thumbnailUrl":"http:\/\/www.radiohorizonte.fm\/radio\/wp-content\/uploads\/2026\/09\/imagen-111989.jpg","datePublished":"2026-09-02T10:41:05+00:00","dateModified":"2026-09-02T10:41:06+00:00","breadcrumb":{"@id":"https:\/\/www.radiohorizonte.fm\/radio\/2026\/09\/02\/salud-publica-insiste-en-que-las-vacunas-para-el-ingreso-escolar-deben-colocarse-a-los-5-anos\/#breadcrumb"},"inLanguage":"es-AR","potentialAction":[{"@type":"ReadAction","target":["https:\/\/www.radiohorizonte.fm\/radio\/2026\/09\/02\/salud-publica-insiste-en-que-las-vacunas-para-el-ingreso-escolar-deben-colocarse-a-los-5-anos\/"]}]},{"@type":"ImageObject","inLanguage":"es-AR","@id":"https:\/\/www.radiohorizonte.fm\/radio\/2026\/09\/02\/salud-publica-insiste-en-que-las-vacunas-para-el-ingreso-escolar-deben-colocarse-a-los-5-anos\/#primaryimage","url":"http:\/\/www.radiohorizonte.fm\/radio\/wp-content\/uploads\/2026\/09\/imagen-111989.jpg","contentUrl":"http:\/\/www.radiohorizonte.fm\/radio\/wp-content\/uploads\/2026\/09\/imagen-111989.jpg","width":1600,"height":1066},{"@type":"BreadcrumbList","@id":"https:\/\/www.radiohorizonte.fm\/radio\/2026\/09\/02\/salud-publica-insiste-en-que-las-vacunas-para-el-ingreso-escolar-deben-colocarse-a-los-5-anos\/#breadcrumb","itemListElement":[{"@type":"ListItem","position":1,"name":"Home","item":"http:\/\/www.radiohorizonte.fm\/radio\/"},{"@type":"ListItem","position":2,"name":"Salud P\u00fablica insiste en que las vacunas para el ingreso escolar deben colocarse a los 5 a\u00f1os"}]},{"@type":"WebSite","@id":"http:\/\/www.radiohorizonte.fm\/radio\/#website","url":"http:\/\/www.radiohorizonte.fm\/radio\/","name":"Horizonte","description":"Radio Horizonte 106.1 - Una radio de clasicos","publisher":{"@id":"http:\/\/www.radiohorizonte.fm\/radio\/#organization"},"potentialAction":[{"@type":"SearchAction","target":{"@type":"EntryPoint","urlTemplate":"http:\/\/www.radiohorizonte.fm\/radio\/?s={search_term_string}"},"query-input":{"@type":"PropertyValueSpecification","valueRequired":true,"valueName":"search_term_string"}}],"inLanguage":"es-AR"},{"@type":"Organization","@id":"http:\/\/www.radiohorizonte.fm\/radio\/#organization","name":"Horizonte","url":"http:\/\/www.radiohorizonte.fm\/radio\/","logo":{"@type":"ImageObject","inLanguage":"es-AR","@id":"http:\/\/www.radiohorizonte.fm\/radio\/#\/schema\/logo\/image\/","url":"http:\/\/www.radiohorizonte.fm\/radio\/wp-content\/uploads\/2025\/06\/Portada-FM-Horizonte_modelo-imagen-scaled.jpg","contentUrl":"http:\/\/www.radiohorizonte.fm\/radio\/wp-content\/uploads\/2025\/06\/Portada-FM-Horizonte_modelo-imagen-scaled.jpg","width":2560,"height":1056,"caption":"Horizonte"},"image":{"@id":"http:\/\/www.radiohorizonte.fm\/radio\/#\/schema\/logo\/image\/"},"sameAs":["http:\/\/www.facebook.com\/HORIZONTE106.1","https:\/\/x.com\/fmhorizonte1061"]},{"@type":"Person","@id":"http:\/\/www.radiohorizonte.fm\/radio\/#\/schema\/person\/f8fa003a405bb86729fd87d15d0ddafa","name":"Cristian Galarza","image":{"@type":"ImageObject","inLanguage":"es-AR","@id":"https:\/\/secure.gravatar.com\/avatar\/fad34bc2c773209c05d7d53b08a69b680eeb55f3be014e52b31643d20ab65925?s=96&d=mm&r=g","url":"https:\/\/secure.gravatar.com\/avatar\/fad34bc2c773209c05d7d53b08a69b680eeb55f3be014e52b31643d20ab65925?s=96&d=mm&r=g","contentUrl":"https:\/\/secure.gravatar.com\/avatar\/fad34bc2c773209c05d7d53b08a69b680eeb55f3be014e52b31643d20ab65925?s=96&d=mm&r=g","caption":"Cristian Galarza"},"url":"http:\/\/www.radiohorizonte.fm\/radio\/author\/cristian\/"}]}},"_links":{"self":[{"href":"http:\/\/www.radiohorizonte.fm\/radio\/wp-json\/wp\/v2\/posts\/52216","targetHints":{"allow":["GET"]}}],"collection":[{"href":"http:\/\/www.radiohorizonte.fm\/radio\/wp-json\/wp\/v2\/posts"}],"about":[{"href":"http:\/\/www.radiohorizonte.fm\/radio\/wp-json\/wp\/v2\/types\/post"}],"author":[{"embeddable":true,"href":"http:\/\/www.radiohorizonte.fm\/radio\/wp-json\/wp\/v2\/users\/2"}],"replies":[{"embeddable":true,"href":"http:\/\/www.radiohorizonte.fm\/radio\/wp-json\/wp\/v2\/comments?post=52216"}],"version-history":[{"count":1,"href":"http:\/\/www.radiohorizonte.fm\/radio\/wp-json\/wp\/v2\/posts\/52216\/revisions"}],"predecessor-version":[{"id":52218,"href":"http:\/\/www.radiohorizonte.fm\/radio\/wp-json\/wp\/v2\/posts\/52216\/revisions\/52218"}],"wp:featuredmedia":[{"embeddable":true,"href":"http:\/\/www.radiohorizonte.fm\/radio\/wp-json\/wp\/v2\/media\/52217"}],"wp:attachment":[{"href":"http:\/\/www.radiohorizonte.fm\/radio\/wp-json\/wp\/v2\/media?parent=52216"}],"wp:term":[{"taxonomy":"category","embeddable":true,"href":"http:\/\/www.radiohorizonte.fm\/radio\/wp-json\/wp\/v2\/categories?post=52216"},{"taxonomy":"post_tag","embeddable":true,"href":"http:\/\/www.radiohorizonte.fm\/radio\/wp-json\/wp\/v2\/tags?post=52216"}],"curies":[{"name":"wp","href":"https:\/\/api.w.org\/{rel}","templated":true}]}}