{"id":52219,"date":"2026-09-02T07:43:20","date_gmt":"2026-09-02T10:43:20","guid":{"rendered":"https:\/\/www.radiohorizonte.fm\/radio\/?p=52219"},"modified":"2026-09-02T07:43:43","modified_gmt":"2026-09-02T10:43:43","slug":"megaoperativo-se-inicia-hoy-el-traslado-del-equipamiento-para-la-primera-planta-de-clt-del-pais","status":"publish","type":"post","link":"http:\/\/www.radiohorizonte.fm\/radio\/2026\/09\/02\/megaoperativo-se-inicia-hoy-el-traslado-del-equipamiento-para-la-primera-planta-de-clt-del-pais\/","title":{"rendered":"Megaoperativo: Se inicia hoy el traslado del equipamiento para la primera planta de CLT del pa\u00eds"},"content":{"rendered":"\n<p class=\"wp-block-paragraph\">Los contenedores llegaron ayer al puerto local y hoy partir\u00e1n en 50 camiones hacia Virasoro, con la maquinaria destinada a Cambium Timber. &nbsp;<\/p>\n\n\n\n<figure class=\"wp-block-image size-full\"><img loading=\"lazy\" decoding=\"async\" width=\"850\" height=\"478\" src=\"https:\/\/www.radiohorizonte.fm\/radio\/wp-content\/uploads\/2026\/09\/85334w850h478c.png.webp\" alt=\"\" class=\"wp-image-52220\" srcset=\"http:\/\/www.radiohorizonte.fm\/radio\/wp-content\/uploads\/2026\/09\/85334w850h478c.png.webp 850w, http:\/\/www.radiohorizonte.fm\/radio\/wp-content\/uploads\/2026\/09\/85334w850h478c.png-300x169.webp 300w, http:\/\/www.radiohorizonte.fm\/radio\/wp-content\/uploads\/2026\/09\/85334w850h478c.png-768x432.webp 768w, http:\/\/www.radiohorizonte.fm\/radio\/wp-content\/uploads\/2026\/09\/85334w850h478c.png-640x360.webp 640w\" sizes=\"auto, (max-width: 850px) 100vw, 850px\" \/><\/figure>\n\n\n\n<p class=\"wp-block-paragraph\">El puerto de Corrientes recibi\u00f3 ayer un convoy con equipamiento para la primera planta industrial de madera contralaminada (CLT) y Mass Timber del pa\u00eds, que se instalar\u00e1 en Virasoro. Hoy, los contenedores partir\u00e1n hacia esa ciudad en 50 camiones.&nbsp;<\/p>\n\n\n\n<p class=\"wp-block-paragraph\">As\u00ed lo confirm\u00f3 ayer el gobernador Juan Pablo Vald\u00e9s. &#8220;Estamos muy contentos por este hito que se va a dar el d\u00eda de ma\u00f1ana (por hoy). Hoy (por ayer) est\u00e1n llegando 50 contenedores, que es la industria de CLT que ha sido importada por la empresa Cambium Timber y, de esta manera, ma\u00f1ana (hoy), vamos a estar teniendo en el puerto de Corrientes un gran operativo para que esta planta y estos inversores, que han elegido el puerto de Corrientes y no el de Buenos Aires o el de Rosario, est\u00e9n retirando esta carga, que va a ser destinada a la primera planta de CLT del pa\u00eds.\u2008Esto generar\u00e1 m\u00e1s mano de obra para la provincia con esta empresa de madera contralaminada&#8221;, remarc\u00f3.<\/p>\n\n\n\n<p class=\"wp-block-paragraph\">En la edici\u00f3n del lunes,&nbsp;<strong>Rep\u00fablica de Corrientes<\/strong>&nbsp;anticip\u00f3 este hecho con la llegada del convoy al puerto local. &#8220;El puerto de Corrientes ser\u00e1 escenario este martes de una operaci\u00f3n que trasciende ampliamente el movimiento habitual de cargas. Est\u00e1 prevista la llegada del convoy que transporta contenedores con equipamiento destinado a Cambium Timber, que avanza con la instalaci\u00f3n de la primera planta industrial de madera contralaminada (CLT) y Mass Timber del pa\u00eds&#8221;, indic\u00f3 el director de Transporte Fluvial y Puertos, Adolfo Escobar Dam\u00fas, en la previa al arribo de la barcaza.<\/p>\n\n\n\n<p class=\"wp-block-paragraph\">&#8220;No est\u00e1n llegando solamente contenedores. Est\u00e1 ingresando por el r\u00edo la tecnolog\u00eda que permitir\u00e1 desarrollar una nueva industria en la Argentina&#8221;, remarc\u00f3 el funcionario.<\/p>\n\n\n\n<p class=\"wp-block-paragraph\">La operaci\u00f3n adquiere especial relevancia por lo que representa para la cadena forestoindustrial. Corrientes posee una de las principales bases forestales del pa\u00eds y el desaf\u00edo estrat\u00e9gico pasa por avanzar hacia una mayor industrializaci\u00f3n, incorporando tecnolog\u00eda, conocimiento y valor agregado en origen.<\/p>\n\n\n\n<blockquote class=\"wp-block-quote is-layout-flow wp-block-quote-is-layout-flow\">\n<p class=\"wp-block-paragraph\">&#8220;Vamos a estar teniendo en el puerto de Corrientes un gran operativo para que esta planta y estos inversores est\u00e9n&nbsp;<br>retirando esta carga, que va a ser destinada a la primera planta<br>de CLT del pa\u00eds&#8221;<\/p>\n\n\n\n<p class=\"wp-block-paragraph\">JUAN PABLO VALD\u00c9S<br>GOBERNADOR DE CORRIENTES<\/p>\n<\/blockquote>\n\n\n\n<p class=\"wp-block-paragraph\">La tecnolog\u00eda CLT (Cross Laminated Timber) y el concepto Mass Timber forman parte de una transformaci\u00f3n internacional de la construcci\u00f3n basada en productos de madera de ingenier\u00eda capaces de ser utilizados como componentes estructurales de edificios y proyectos de diferentes escalas.<\/p>\n\n\n\n<p class=\"wp-block-paragraph\">&#8220;La instalaci\u00f3n de esta primera planta industrial abre as\u00ed una nueva etapa: transformar un recurso que Corrientes produce competitivamente en productos con mayor desarrollo tecnol\u00f3gico y potencial de inserci\u00f3n en mercados de alto valor&#8221;, dijo Escobar Dam\u00fas.<\/p>\n\n\n\n<p class=\"wp-block-paragraph\">La llegada del convoy tambi\u00e9n permite observar el papel que puede desempe\u00f1ar la infraestructura portuaria dentro de una estrategia de desarrollo productivo.<\/p>\n\n\n\n<p class=\"wp-block-paragraph\">&#8220;Un puerto moderno no debe ser entendido \u00fanicamente como un lugar de carga y descarga. Es una plataforma log\u00edstica que conecta producci\u00f3n, inversi\u00f3n, industria y mercados&#8221;, explic\u00f3 el funcionario y agreg\u00f3: &#8220;La industrializaci\u00f3n no comienza cuando se enciende una m\u00e1quina. Comienza cuando existe la infraestructura capaz de hacer que esa inversi\u00f3n llegue al territorio&#8221;.<\/p>\n\n\n\n<p class=\"wp-block-paragraph\">En ese esquema, el puerto de Corrientes y la hidrov\u00eda Paran\u00e1\u2013Paraguay constituyen herramientas estrat\u00e9gicas para una provincia cuya producci\u00f3n necesita integrarse de manera cada vez m\u00e1s eficiente con las cadenas nacionales e internacionales de abastecimiento y comercio.<\/p>\n\n\n\n<p class=\"wp-block-paragraph\">&#8220;La posibilidad de que equipamiento industrial destinado a una inversi\u00f3n de estas caracter\u00edsticas ingrese mediante transporte fluvial demuestra adem\u00e1s que la log\u00edstica puede transformarse en un factor concreto de competitividad para las econom\u00edas regionales&#8221;, afirm\u00f3 Escobar Dam\u00fas.<\/p>\n\n\n\n<p class=\"wp-block-paragraph\">Durante d\u00e9cadas, buena parte de la discusi\u00f3n sobre el desarrollo forestal argentino estuvo centrada en la disponibilidad del recurso. El desaf\u00edo actual es diferente: industrializarlo, agregar conocimiento y generar mayor valor antes de que salga de la regi\u00f3n.<\/p>\n\n\n\n<p class=\"wp-block-paragraph\">La futura planta de Cambium Timber representa precisamente ese cambio de paradigma. &#8220;El verdadero salto de una provincia forestal ocurre cuando deja de medir \u00fanicamente cu\u00e1nta madera produce y comienza a medir cu\u00e1nto valor es capaz de generar con ella&#8221;, asegur\u00f3.<\/p>\n\n\n\n<p class=\"wp-block-paragraph\">&#8220;Cada contenedor que sea descargado contendr\u00e1 parte del equipamiento de una f\u00e1brica, pero detr\u00e1s de esa carga existe una cadena mucho m\u00e1s amplia: inversi\u00f3n, innovaci\u00f3n tecnol\u00f3gica, empleo, log\u00edstica, infraestructura y nuevas posibilidades para la industria forestal&#8221;, explic\u00f3.<\/p>\n\n\n\n<p class=\"wp-block-paragraph\">La planta permitir\u00e1 producir en el pa\u00eds madera de ingenier\u00eda de alto valor agregado, entre ellas, madera contralaminada (CLT) y otros componentes estructurales destinados a la construcci\u00f3n sostenible.<\/p>\n\n\n\n<p class=\"wp-block-paragraph\"><\/p>\n","protected":false},"excerpt":{"rendered":"<div class=\"post-excerpt\"><p>Los contenedores llegaron ayer al puerto local y hoy partir\u00e1n en 50 camiones hacia Virasoro, con la maquinaria destinada a Cambium Timber. &nbsp; El puerto de Corrientes recibi\u00f3 ayer un convoy con equipamiento para la primera planta industrial de madera contralaminada (CLT) y Mass Timber del pa\u00eds, que se instalar\u00e1 en Virasoro. Hoy, los contenedores<\/p>\n<\/div>","protected":false},"author":2,"featured_media":52220,"comment_status":"closed","ping_status":"closed","sticky":false,"template":"","format":"standard","meta":{"_acf_changed":false,"footnotes":""},"categories":[2],"tags":[],"class_list":["post-52219","post","type-post","status-publish","format-standard","has-post-thumbnail","hentry","category-noticias"],"acf":[],"yoast_head":"<!-- This site is optimized with the Yoast SEO plugin v28.1 - https:\/\/yoast.com\/product\/yoast-seo-wordpress\/ -->\n<title>Megaoperativo: Se inicia hoy el traslado del equipamiento para la primera planta de CLT del pa\u00eds - Horizonte<\/title>\n<meta name=\"robots\" content=\"index, follow, max-snippet:-1, max-image-preview:large, max-video-preview:-1\" \/>\n<link rel=\"canonical\" href=\"https:\/\/www.radiohorizonte.fm\/radio\/2026\/09\/02\/megaoperativo-se-inicia-hoy-el-traslado-del-equipamiento-para-la-primera-planta-de-clt-del-pais\/\" \/>\n<meta property=\"og:locale\" content=\"es_ES\" \/>\n<meta property=\"og:type\" content=\"article\" \/>\n<meta property=\"og:title\" content=\"Megaoperativo: Se inicia hoy el traslado del equipamiento para la primera planta de CLT del pa\u00eds - Horizonte\" \/>\n<meta property=\"og:description\" content=\"Los contenedores llegaron ayer al puerto local y hoy partir\u00e1n en 50 camiones hacia Virasoro, con la maquinaria destinada a Cambium Timber. &nbsp; El puerto de Corrientes recibi\u00f3 ayer un convoy con equipamiento para la primera planta industrial de madera contralaminada (CLT) y Mass Timber del pa\u00eds, que se instalar\u00e1 en Virasoro. Hoy, los contenedores\" \/>\n<meta property=\"og:url\" content=\"https:\/\/www.radiohorizonte.fm\/radio\/2026\/09\/02\/megaoperativo-se-inicia-hoy-el-traslado-del-equipamiento-para-la-primera-planta-de-clt-del-pais\/\" \/>\n<meta property=\"og:site_name\" content=\"Horizonte\" \/>\n<meta property=\"article:publisher\" content=\"http:\/\/www.facebook.com\/HORIZONTE106.1\" \/>\n<meta property=\"article:published_time\" content=\"2026-09-02T10:43:20+00:00\" \/>\n<meta property=\"article:modified_time\" content=\"2026-09-02T10:43:43+00:00\" \/>\n<meta property=\"og:image\" content=\"http:\/\/www.radiohorizonte.fm\/radio\/wp-content\/uploads\/2026\/09\/85334w850h478c.png.webp\" \/>\n\t<meta property=\"og:image:width\" content=\"850\" \/>\n\t<meta property=\"og:image:height\" content=\"478\" \/>\n\t<meta property=\"og:image:type\" content=\"image\/webp\" \/>\n<meta name=\"author\" content=\"Cristian Galarza\" \/>\n<meta name=\"twitter:card\" content=\"summary_large_image\" \/>\n<meta name=\"twitter:creator\" content=\"@fmhorizonte1061\" \/>\n<meta name=\"twitter:site\" content=\"@fmhorizonte1061\" \/>\n<meta name=\"twitter:label1\" content=\"Escrito por\" \/>\n\t<meta name=\"twitter:data1\" content=\"Cristian Galarza\" \/>\n\t<meta name=\"twitter:label2\" content=\"Tiempo de lectura\" \/>\n\t<meta name=\"twitter:data2\" content=\"4 minutos\" \/>\n<script type=\"application\/ld+json\" class=\"yoast-schema-graph\">{\"@context\":\"https:\\\/\\\/schema.org\",\"@graph\":[{\"@type\":\"Article\",\"@id\":\"https:\\\/\\\/www.radiohorizonte.fm\\\/radio\\\/2026\\\/09\\\/02\\\/megaoperativo-se-inicia-hoy-el-traslado-del-equipamiento-para-la-primera-planta-de-clt-del-pais\\\/#article\",\"isPartOf\":{\"@id\":\"https:\\\/\\\/www.radiohorizonte.fm\\\/radio\\\/2026\\\/09\\\/02\\\/megaoperativo-se-inicia-hoy-el-traslado-del-equipamiento-para-la-primera-planta-de-clt-del-pais\\\/\"},\"author\":{\"name\":\"Cristian Galarza\",\"@id\":\"http:\\\/\\\/www.radiohorizonte.fm\\\/radio\\\/#\\\/schema\\\/person\\\/f8fa003a405bb86729fd87d15d0ddafa\"},\"headline\":\"Megaoperativo: Se inicia hoy el traslado del equipamiento para la primera planta de CLT del pa\u00eds\",\"datePublished\":\"2026-09-02T10:43:20+00:00\",\"dateModified\":\"2026-09-02T10:43:43+00:00\",\"mainEntityOfPage\":{\"@id\":\"https:\\\/\\\/www.radiohorizonte.fm\\\/radio\\\/2026\\\/09\\\/02\\\/megaoperativo-se-inicia-hoy-el-traslado-del-equipamiento-para-la-primera-planta-de-clt-del-pais\\\/\"},\"wordCount\":844,\"publisher\":{\"@id\":\"http:\\\/\\\/www.radiohorizonte.fm\\\/radio\\\/#organization\"},\"image\":{\"@id\":\"https:\\\/\\\/www.radiohorizonte.fm\\\/radio\\\/2026\\\/09\\\/02\\\/megaoperativo-se-inicia-hoy-el-traslado-del-equipamiento-para-la-primera-planta-de-clt-del-pais\\\/#primaryimage\"},\"thumbnailUrl\":\"http:\\\/\\\/www.radiohorizonte.fm\\\/radio\\\/wp-content\\\/uploads\\\/2026\\\/09\\\/85334w850h478c.png.webp\",\"articleSection\":[\"Noticias\"],\"inLanguage\":\"es-AR\"},{\"@type\":\"WebPage\",\"@id\":\"https:\\\/\\\/www.radiohorizonte.fm\\\/radio\\\/2026\\\/09\\\/02\\\/megaoperativo-se-inicia-hoy-el-traslado-del-equipamiento-para-la-primera-planta-de-clt-del-pais\\\/\",\"url\":\"https:\\\/\\\/www.radiohorizonte.fm\\\/radio\\\/2026\\\/09\\\/02\\\/megaoperativo-se-inicia-hoy-el-traslado-del-equipamiento-para-la-primera-planta-de-clt-del-pais\\\/\",\"name\":\"Megaoperativo: Se inicia hoy el traslado del equipamiento para la primera planta de CLT del pa\u00eds - Horizonte\",\"isPartOf\":{\"@id\":\"http:\\\/\\\/www.radiohorizonte.fm\\\/radio\\\/#website\"},\"primaryImageOfPage\":{\"@id\":\"https:\\\/\\\/www.radiohorizonte.fm\\\/radio\\\/2026\\\/09\\\/02\\\/megaoperativo-se-inicia-hoy-el-traslado-del-equipamiento-para-la-primera-planta-de-clt-del-pais\\\/#primaryimage\"},\"image\":{\"@id\":\"https:\\\/\\\/www.radiohorizonte.fm\\\/radio\\\/2026\\\/09\\\/02\\\/megaoperativo-se-inicia-hoy-el-traslado-del-equipamiento-para-la-primera-planta-de-clt-del-pais\\\/#primaryimage\"},\"thumbnailUrl\":\"http:\\\/\\\/www.radiohorizonte.fm\\\/radio\\\/wp-content\\\/uploads\\\/2026\\\/09\\\/85334w850h478c.png.webp\",\"datePublished\":\"2026-09-02T10:43:20+00:00\",\"dateModified\":\"2026-09-02T10:43:43+00:00\",\"breadcrumb\":{\"@id\":\"https:\\\/\\\/www.radiohorizonte.fm\\\/radio\\\/2026\\\/09\\\/02\\\/megaoperativo-se-inicia-hoy-el-traslado-del-equipamiento-para-la-primera-planta-de-clt-del-pais\\\/#breadcrumb\"},\"inLanguage\":\"es-AR\",\"potentialAction\":[{\"@type\":\"ReadAction\",\"target\":[\"https:\\\/\\\/www.radiohorizonte.fm\\\/radio\\\/2026\\\/09\\\/02\\\/megaoperativo-se-inicia-hoy-el-traslado-del-equipamiento-para-la-primera-planta-de-clt-del-pais\\\/\"]}]},{\"@type\":\"ImageObject\",\"inLanguage\":\"es-AR\",\"@id\":\"https:\\\/\\\/www.radiohorizonte.fm\\\/radio\\\/2026\\\/09\\\/02\\\/megaoperativo-se-inicia-hoy-el-traslado-del-equipamiento-para-la-primera-planta-de-clt-del-pais\\\/#primaryimage\",\"url\":\"http:\\\/\\\/www.radiohorizonte.fm\\\/radio\\\/wp-content\\\/uploads\\\/2026\\\/09\\\/85334w850h478c.png.webp\",\"contentUrl\":\"http:\\\/\\\/www.radiohorizonte.fm\\\/radio\\\/wp-content\\\/uploads\\\/2026\\\/09\\\/85334w850h478c.png.webp\",\"width\":850,\"height\":478},{\"@type\":\"BreadcrumbList\",\"@id\":\"https:\\\/\\\/www.radiohorizonte.fm\\\/radio\\\/2026\\\/09\\\/02\\\/megaoperativo-se-inicia-hoy-el-traslado-del-equipamiento-para-la-primera-planta-de-clt-del-pais\\\/#breadcrumb\",\"itemListElement\":[{\"@type\":\"ListItem\",\"position\":1,\"name\":\"Home\",\"item\":\"http:\\\/\\\/www.radiohorizonte.fm\\\/radio\\\/\"},{\"@type\":\"ListItem\",\"position\":2,\"name\":\"Megaoperativo: Se inicia hoy el traslado del equipamiento para la primera planta de CLT del pa\u00eds\"}]},{\"@type\":\"WebSite\",\"@id\":\"http:\\\/\\\/www.radiohorizonte.fm\\\/radio\\\/#website\",\"url\":\"http:\\\/\\\/www.radiohorizonte.fm\\\/radio\\\/\",\"name\":\"Horizonte\",\"description\":\"Radio Horizonte 106.1 - Una radio de clasicos\",\"publisher\":{\"@id\":\"http:\\\/\\\/www.radiohorizonte.fm\\\/radio\\\/#organization\"},\"potentialAction\":[{\"@type\":\"SearchAction\",\"target\":{\"@type\":\"EntryPoint\",\"urlTemplate\":\"http:\\\/\\\/www.radiohorizonte.fm\\\/radio\\\/?s={search_term_string}\"},\"query-input\":{\"@type\":\"PropertyValueSpecification\",\"valueRequired\":true,\"valueName\":\"search_term_string\"}}],\"inLanguage\":\"es-AR\"},{\"@type\":\"Organization\",\"@id\":\"http:\\\/\\\/www.radiohorizonte.fm\\\/radio\\\/#organization\",\"name\":\"Horizonte\",\"url\":\"http:\\\/\\\/www.radiohorizonte.fm\\\/radio\\\/\",\"logo\":{\"@type\":\"ImageObject\",\"inLanguage\":\"es-AR\",\"@id\":\"http:\\\/\\\/www.radiohorizonte.fm\\\/radio\\\/#\\\/schema\\\/logo\\\/image\\\/\",\"url\":\"http:\\\/\\\/www.radiohorizonte.fm\\\/radio\\\/wp-content\\\/uploads\\\/2025\\\/06\\\/Portada-FM-Horizonte_modelo-imagen-scaled.jpg\",\"contentUrl\":\"http:\\\/\\\/www.radiohorizonte.fm\\\/radio\\\/wp-content\\\/uploads\\\/2025\\\/06\\\/Portada-FM-Horizonte_modelo-imagen-scaled.jpg\",\"width\":2560,\"height\":1056,\"caption\":\"Horizonte\"},\"image\":{\"@id\":\"http:\\\/\\\/www.radiohorizonte.fm\\\/radio\\\/#\\\/schema\\\/logo\\\/image\\\/\"},\"sameAs\":[\"http:\\\/\\\/www.facebook.com\\\/HORIZONTE106.1\",\"https:\\\/\\\/x.com\\\/fmhorizonte1061\"]},{\"@type\":\"Person\",\"@id\":\"http:\\\/\\\/www.radiohorizonte.fm\\\/radio\\\/#\\\/schema\\\/person\\\/f8fa003a405bb86729fd87d15d0ddafa\",\"name\":\"Cristian Galarza\",\"image\":{\"@type\":\"ImageObject\",\"inLanguage\":\"es-AR\",\"@id\":\"https:\\\/\\\/secure.gravatar.com\\\/avatar\\\/fad34bc2c773209c05d7d53b08a69b680eeb55f3be014e52b31643d20ab65925?s=96&d=mm&r=g\",\"url\":\"https:\\\/\\\/secure.gravatar.com\\\/avatar\\\/fad34bc2c773209c05d7d53b08a69b680eeb55f3be014e52b31643d20ab65925?s=96&d=mm&r=g\",\"contentUrl\":\"https:\\\/\\\/secure.gravatar.com\\\/avatar\\\/fad34bc2c773209c05d7d53b08a69b680eeb55f3be014e52b31643d20ab65925?s=96&d=mm&r=g\",\"caption\":\"Cristian Galarza\"},\"url\":\"http:\\\/\\\/www.radiohorizonte.fm\\\/radio\\\/author\\\/cristian\\\/\"}]}<\/script>\n<!-- \/ Yoast SEO plugin. -->","yoast_head_json":{"title":"Megaoperativo: Se inicia hoy el traslado del equipamiento para la primera planta de CLT del pa\u00eds - Horizonte","robots":{"index":"index","follow":"follow","max-snippet":"max-snippet:-1","max-image-preview":"max-image-preview:large","max-video-preview":"max-video-preview:-1"},"canonical":"https:\/\/www.radiohorizonte.fm\/radio\/2026\/09\/02\/megaoperativo-se-inicia-hoy-el-traslado-del-equipamiento-para-la-primera-planta-de-clt-del-pais\/","og_locale":"es_ES","og_type":"article","og_title":"Megaoperativo: Se inicia hoy el traslado del equipamiento para la primera planta de CLT del pa\u00eds - Horizonte","og_description":"Los contenedores llegaron ayer al puerto local y hoy partir\u00e1n en 50 camiones hacia Virasoro, con la maquinaria destinada a Cambium Timber. &nbsp; El puerto de Corrientes recibi\u00f3 ayer un convoy con equipamiento para la primera planta industrial de madera contralaminada (CLT) y Mass Timber del pa\u00eds, que se instalar\u00e1 en Virasoro. Hoy, los contenedores","og_url":"https:\/\/www.radiohorizonte.fm\/radio\/2026\/09\/02\/megaoperativo-se-inicia-hoy-el-traslado-del-equipamiento-para-la-primera-planta-de-clt-del-pais\/","og_site_name":"Horizonte","article_publisher":"http:\/\/www.facebook.com\/HORIZONTE106.1","article_published_time":"2026-09-02T10:43:20+00:00","article_modified_time":"2026-09-02T10:43:43+00:00","og_image":[{"width":850,"height":478,"url":"http:\/\/www.radiohorizonte.fm\/radio\/wp-content\/uploads\/2026\/09\/85334w850h478c.png.webp","type":"image\/webp"}],"author":"Cristian Galarza","twitter_card":"summary_large_image","twitter_creator":"@fmhorizonte1061","twitter_site":"@fmhorizonte1061","twitter_misc":{"Escrito por":"Cristian Galarza","Tiempo de lectura":"4 minutos"},"schema":{"@context":"https:\/\/schema.org","@graph":[{"@type":"Article","@id":"https:\/\/www.radiohorizonte.fm\/radio\/2026\/09\/02\/megaoperativo-se-inicia-hoy-el-traslado-del-equipamiento-para-la-primera-planta-de-clt-del-pais\/#article","isPartOf":{"@id":"https:\/\/www.radiohorizonte.fm\/radio\/2026\/09\/02\/megaoperativo-se-inicia-hoy-el-traslado-del-equipamiento-para-la-primera-planta-de-clt-del-pais\/"},"author":{"name":"Cristian Galarza","@id":"http:\/\/www.radiohorizonte.fm\/radio\/#\/schema\/person\/f8fa003a405bb86729fd87d15d0ddafa"},"headline":"Megaoperativo: Se inicia hoy el traslado del equipamiento para la primera planta de CLT del pa\u00eds","datePublished":"2026-09-02T10:43:20+00:00","dateModified":"2026-09-02T10:43:43+00:00","mainEntityOfPage":{"@id":"https:\/\/www.radiohorizonte.fm\/radio\/2026\/09\/02\/megaoperativo-se-inicia-hoy-el-traslado-del-equipamiento-para-la-primera-planta-de-clt-del-pais\/"},"wordCount":844,"publisher":{"@id":"http:\/\/www.radiohorizonte.fm\/radio\/#organization"},"image":{"@id":"https:\/\/www.radiohorizonte.fm\/radio\/2026\/09\/02\/megaoperativo-se-inicia-hoy-el-traslado-del-equipamiento-para-la-primera-planta-de-clt-del-pais\/#primaryimage"},"thumbnailUrl":"http:\/\/www.radiohorizonte.fm\/radio\/wp-content\/uploads\/2026\/09\/85334w850h478c.png.webp","articleSection":["Noticias"],"inLanguage":"es-AR"},{"@type":"WebPage","@id":"https:\/\/www.radiohorizonte.fm\/radio\/2026\/09\/02\/megaoperativo-se-inicia-hoy-el-traslado-del-equipamiento-para-la-primera-planta-de-clt-del-pais\/","url":"https:\/\/www.radiohorizonte.fm\/radio\/2026\/09\/02\/megaoperativo-se-inicia-hoy-el-traslado-del-equipamiento-para-la-primera-planta-de-clt-del-pais\/","name":"Megaoperativo: Se inicia hoy el traslado del equipamiento para la primera planta de CLT del pa\u00eds - Horizonte","isPartOf":{"@id":"http:\/\/www.radiohorizonte.fm\/radio\/#website"},"primaryImageOfPage":{"@id":"https:\/\/www.radiohorizonte.fm\/radio\/2026\/09\/02\/megaoperativo-se-inicia-hoy-el-traslado-del-equipamiento-para-la-primera-planta-de-clt-del-pais\/#primaryimage"},"image":{"@id":"https:\/\/www.radiohorizonte.fm\/radio\/2026\/09\/02\/megaoperativo-se-inicia-hoy-el-traslado-del-equipamiento-para-la-primera-planta-de-clt-del-pais\/#primaryimage"},"thumbnailUrl":"http:\/\/www.radiohorizonte.fm\/radio\/wp-content\/uploads\/2026\/09\/85334w850h478c.png.webp","datePublished":"2026-09-02T10:43:20+00:00","dateModified":"2026-09-02T10:43:43+00:00","breadcrumb":{"@id":"https:\/\/www.radiohorizonte.fm\/radio\/2026\/09\/02\/megaoperativo-se-inicia-hoy-el-traslado-del-equipamiento-para-la-primera-planta-de-clt-del-pais\/#breadcrumb"},"inLanguage":"es-AR","potentialAction":[{"@type":"ReadAction","target":["https:\/\/www.radiohorizonte.fm\/radio\/2026\/09\/02\/megaoperativo-se-inicia-hoy-el-traslado-del-equipamiento-para-la-primera-planta-de-clt-del-pais\/"]}]},{"@type":"ImageObject","inLanguage":"es-AR","@id":"https:\/\/www.radiohorizonte.fm\/radio\/2026\/09\/02\/megaoperativo-se-inicia-hoy-el-traslado-del-equipamiento-para-la-primera-planta-de-clt-del-pais\/#primaryimage","url":"http:\/\/www.radiohorizonte.fm\/radio\/wp-content\/uploads\/2026\/09\/85334w850h478c.png.webp","contentUrl":"http:\/\/www.radiohorizonte.fm\/radio\/wp-content\/uploads\/2026\/09\/85334w850h478c.png.webp","width":850,"height":478},{"@type":"BreadcrumbList","@id":"https:\/\/www.radiohorizonte.fm\/radio\/2026\/09\/02\/megaoperativo-se-inicia-hoy-el-traslado-del-equipamiento-para-la-primera-planta-de-clt-del-pais\/#breadcrumb","itemListElement":[{"@type":"ListItem","position":1,"name":"Home","item":"http:\/\/www.radiohorizonte.fm\/radio\/"},{"@type":"ListItem","position":2,"name":"Megaoperativo: Se inicia hoy el traslado del equipamiento para la primera planta de CLT del pa\u00eds"}]},{"@type":"WebSite","@id":"http:\/\/www.radiohorizonte.fm\/radio\/#website","url":"http:\/\/www.radiohorizonte.fm\/radio\/","name":"Horizonte","description":"Radio Horizonte 106.1 - Una radio de clasicos","publisher":{"@id":"http:\/\/www.radiohorizonte.fm\/radio\/#organization"},"potentialAction":[{"@type":"SearchAction","target":{"@type":"EntryPoint","urlTemplate":"http:\/\/www.radiohorizonte.fm\/radio\/?s={search_term_string}"},"query-input":{"@type":"PropertyValueSpecification","valueRequired":true,"valueName":"search_term_string"}}],"inLanguage":"es-AR"},{"@type":"Organization","@id":"http:\/\/www.radiohorizonte.fm\/radio\/#organization","name":"Horizonte","url":"http:\/\/www.radiohorizonte.fm\/radio\/","logo":{"@type":"ImageObject","inLanguage":"es-AR","@id":"http:\/\/www.radiohorizonte.fm\/radio\/#\/schema\/logo\/image\/","url":"http:\/\/www.radiohorizonte.fm\/radio\/wp-content\/uploads\/2025\/06\/Portada-FM-Horizonte_modelo-imagen-scaled.jpg","contentUrl":"http:\/\/www.radiohorizonte.fm\/radio\/wp-content\/uploads\/2025\/06\/Portada-FM-Horizonte_modelo-imagen-scaled.jpg","width":2560,"height":1056,"caption":"Horizonte"},"image":{"@id":"http:\/\/www.radiohorizonte.fm\/radio\/#\/schema\/logo\/image\/"},"sameAs":["http:\/\/www.facebook.com\/HORIZONTE106.1","https:\/\/x.com\/fmhorizonte1061"]},{"@type":"Person","@id":"http:\/\/www.radiohorizonte.fm\/radio\/#\/schema\/person\/f8fa003a405bb86729fd87d15d0ddafa","name":"Cristian Galarza","image":{"@type":"ImageObject","inLanguage":"es-AR","@id":"https:\/\/secure.gravatar.com\/avatar\/fad34bc2c773209c05d7d53b08a69b680eeb55f3be014e52b31643d20ab65925?s=96&d=mm&r=g","url":"https:\/\/secure.gravatar.com\/avatar\/fad34bc2c773209c05d7d53b08a69b680eeb55f3be014e52b31643d20ab65925?s=96&d=mm&r=g","contentUrl":"https:\/\/secure.gravatar.com\/avatar\/fad34bc2c773209c05d7d53b08a69b680eeb55f3be014e52b31643d20ab65925?s=96&d=mm&r=g","caption":"Cristian Galarza"},"url":"http:\/\/www.radiohorizonte.fm\/radio\/author\/cristian\/"}]}},"_links":{"self":[{"href":"http:\/\/www.radiohorizonte.fm\/radio\/wp-json\/wp\/v2\/posts\/52219","targetHints":{"allow":["GET"]}}],"collection":[{"href":"http:\/\/www.radiohorizonte.fm\/radio\/wp-json\/wp\/v2\/posts"}],"about":[{"href":"http:\/\/www.radiohorizonte.fm\/radio\/wp-json\/wp\/v2\/types\/post"}],"author":[{"embeddable":true,"href":"http:\/\/www.radiohorizonte.fm\/radio\/wp-json\/wp\/v2\/users\/2"}],"replies":[{"embeddable":true,"href":"http:\/\/www.radiohorizonte.fm\/radio\/wp-json\/wp\/v2\/comments?post=52219"}],"version-history":[{"count":2,"href":"http:\/\/www.radiohorizonte.fm\/radio\/wp-json\/wp\/v2\/posts\/52219\/revisions"}],"predecessor-version":[{"id":52222,"href":"http:\/\/www.radiohorizonte.fm\/radio\/wp-json\/wp\/v2\/posts\/52219\/revisions\/52222"}],"wp:featuredmedia":[{"embeddable":true,"href":"http:\/\/www.radiohorizonte.fm\/radio\/wp-json\/wp\/v2\/media\/52220"}],"wp:attachment":[{"href":"http:\/\/www.radiohorizonte.fm\/radio\/wp-json\/wp\/v2\/media?parent=52219"}],"wp:term":[{"taxonomy":"category","embeddable":true,"href":"http:\/\/www.radiohorizonte.fm\/radio\/wp-json\/wp\/v2\/categories?post=52219"},{"taxonomy":"post_tag","embeddable":true,"href":"http:\/\/www.radiohorizonte.fm\/radio\/wp-json\/wp\/v2\/tags?post=52219"}],"curies":[{"name":"wp","href":"https:\/\/api.w.org\/{rel}","templated":true}]}}