{"id":52226,"date":"2026-09-02T07:00:00","date_gmt":"2026-09-02T10:00:00","guid":{"rendered":"https:\/\/www.radiohorizonte.fm\/radio\/?p=52226"},"modified":"2026-09-02T07:53:22","modified_gmt":"2026-09-02T10:53:22","slug":"nuevo-monto-del-salario-minimo-vital-y-movil-desde-septiembre-como-aumentara-mes-a-mes-hasta-abril-de-2027","status":"publish","type":"post","link":"http:\/\/www.radiohorizonte.fm\/radio\/2026\/09\/02\/nuevo-monto-del-salario-minimo-vital-y-movil-desde-septiembre-como-aumentara-mes-a-mes-hasta-abril-de-2027\/","title":{"rendered":"Nuevo monto del Salario M\u00ednimo Vital y M\u00f3vil desde septiembre: c\u00f3mo aumentar\u00e1, mes a mes, hasta abril de 2027"},"content":{"rendered":"\n<p class=\"wp-block-paragraph\"><strong>1\u00b0 de septiembre de 2026<\/strong>, el Salario M\u00ednimo, Vital y M\u00f3vil (SMVM) en Argentina se fij\u00f3 en <mark><strong>$383.800<\/strong> mensuales<\/mark> para los trabajadores que cumplen la jornada legal completa. <\/p>\n\n\n\n<figure class=\"wp-block-image size-large\"><img loading=\"lazy\" decoding=\"async\" width=\"1024\" height=\"576\" src=\"http:\/\/www.radiohorizonte.fm\/radio\/wp-content\/uploads\/2023\/03\/salario-billetera-plata-pesos-1024x576.jpg\" alt=\"\" class=\"wp-image-40433\" srcset=\"http:\/\/www.radiohorizonte.fm\/radio\/wp-content\/uploads\/2023\/03\/salario-billetera-plata-pesos-1024x576.jpg 1024w, http:\/\/www.radiohorizonte.fm\/radio\/wp-content\/uploads\/2023\/03\/salario-billetera-plata-pesos-300x169.jpg 300w, http:\/\/www.radiohorizonte.fm\/radio\/wp-content\/uploads\/2023\/03\/salario-billetera-plata-pesos-768x432.jpg 768w, http:\/\/www.radiohorizonte.fm\/radio\/wp-content\/uploads\/2023\/03\/salario-billetera-plata-pesos-65x37.jpg 65w, http:\/\/www.radiohorizonte.fm\/radio\/wp-content\/uploads\/2023\/03\/salario-billetera-plata-pesos-320x180.jpg 320w, http:\/\/www.radiohorizonte.fm\/radio\/wp-content\/uploads\/2023\/03\/salario-billetera-plata-pesos-85x48.jpg 85w, http:\/\/www.radiohorizonte.fm\/radio\/wp-content\/uploads\/2023\/03\/salario-billetera-plata-pesos-220x125.jpg 220w, http:\/\/www.radiohorizonte.fm\/radio\/wp-content\/uploads\/2023\/03\/salario-billetera-plata-pesos-90x51.jpg 90w, http:\/\/www.radiohorizonte.fm\/radio\/wp-content\/uploads\/2023\/03\/salario-billetera-plata-pesos.jpg 1200w\" sizes=\"auto, (max-width: 1024px) 100vw, 1024px\" \/><\/figure>\n\n\n\n<p class=\"wp-block-paragraph\">El Gobierno estableci\u00f3 un nuevo esquema de aumentos escalonados mensuales mediante un laudo tras la falta de acuerdo en el Consejo del Salario: <\/p>\n\n\n\n<p class=\"wp-block-paragraph\">Cronograma de aumentos (2026 &#8211; 2027)<\/p>\n\n\n\n<ul class=\"wp-block-list\">\n<li><strong>Septiembre 2026:<\/strong> $383.800 mensual \/ $1.919 por hora (aproximado)<\/li>\n\n\n\n<li><strong>Octubre 2026:<\/strong> $391.200 mensual \/ $1.956 por hora<\/li>\n\n\n\n<li><strong>Noviembre 2026:<\/strong> $398.800 mensual \/ $1.994 por hora<\/li>\n\n\n\n<li><strong>Diciembre 2026:<\/strong> $406.400 mensual<\/li>\n\n\n\n<li><strong>Enero 2027:<\/strong> $414.200 mensual<\/li>\n\n\n\n<li><strong>Febrero 2027:<\/strong> $422.000 mensual<\/li>\n\n\n\n<li><strong>Marzo 2027:<\/strong> $429.600 mensual<\/li>\n\n\n\n<li><strong>Abril 2027:<\/strong> $437.000 mensual \/ $2.185 por hora<\/li>\n<\/ul>\n\n\n\n<p class=\"wp-block-paragraph\">A qui\u00e9nes alcanza<\/p>\n\n\n\n<ul class=\"wp-block-list\">\n<li>Trabajadores mensualizados bajo la Ley de Contrato de Trabajo N\u00b0 20.744.<\/li>\n\n\n\n<li>R\u00e9gimen de Trabajo Agrario.<\/li>\n\n\n\n<li>Administraci\u00f3n P\u00fablica Nacional y organismos del Estado nacional. <\/li>\n<\/ul>\n\n\n\n<p class=\"wp-block-paragraph\">Para m\u00e1s detalles institucionales y normativas vigentes, se puede consultar el sitio oficial del Ministerio de Capital Humano \/ Trabajo<\/p>\n\n\n\n<p class=\"wp-block-paragraph\"><\/p>\n","protected":false},"excerpt":{"rendered":"<div class=\"post-excerpt\"><p>1\u00b0 de septiembre de 2026, el Salario M\u00ednimo, Vital y M\u00f3vil (SMVM) en Argentina se fij\u00f3 en $383.800 mensuales para los trabajadores que cumplen la jornada legal completa. El Gobierno estableci\u00f3 un nuevo esquema de aumentos escalonados mensuales mediante un laudo tras la falta de acuerdo en el Consejo del Salario: Cronograma de aumentos (2026<\/p>\n<\/div>","protected":false},"author":2,"featured_media":40433,"comment_status":"closed","ping_status":"closed","sticky":false,"template":"","format":"standard","meta":{"_acf_changed":false,"footnotes":""},"categories":[2],"tags":[],"class_list":["post-52226","post","type-post","status-publish","format-standard","has-post-thumbnail","hentry","category-noticias"],"acf":[],"yoast_head":"<!-- This site is optimized with the Yoast SEO plugin v28.1 - https:\/\/yoast.com\/product\/yoast-seo-wordpress\/ -->\n<title>Nuevo monto del Salario M\u00ednimo Vital y M\u00f3vil desde septiembre: c\u00f3mo aumentar\u00e1, mes a mes, hasta abril de 2027 - Horizonte<\/title>\n<meta name=\"robots\" content=\"index, follow, max-snippet:-1, max-image-preview:large, max-video-preview:-1\" \/>\n<link rel=\"canonical\" href=\"https:\/\/www.radiohorizonte.fm\/radio\/2026\/09\/02\/nuevo-monto-del-salario-minimo-vital-y-movil-desde-septiembre-como-aumentara-mes-a-mes-hasta-abril-de-2027\/\" \/>\n<meta property=\"og:locale\" content=\"es_ES\" \/>\n<meta property=\"og:type\" content=\"article\" \/>\n<meta property=\"og:title\" content=\"Nuevo monto del Salario M\u00ednimo Vital y M\u00f3vil desde septiembre: c\u00f3mo aumentar\u00e1, mes a mes, hasta abril de 2027 - Horizonte\" \/>\n<meta property=\"og:description\" content=\"1\u00b0 de septiembre de 2026, el Salario M\u00ednimo, Vital y M\u00f3vil (SMVM) en Argentina se fij\u00f3 en $383.800 mensuales para los trabajadores que cumplen la jornada legal completa. El Gobierno estableci\u00f3 un nuevo esquema de aumentos escalonados mensuales mediante un laudo tras la falta de acuerdo en el Consejo del Salario: Cronograma de aumentos (2026\" \/>\n<meta property=\"og:url\" content=\"https:\/\/www.radiohorizonte.fm\/radio\/2026\/09\/02\/nuevo-monto-del-salario-minimo-vital-y-movil-desde-septiembre-como-aumentara-mes-a-mes-hasta-abril-de-2027\/\" \/>\n<meta property=\"og:site_name\" content=\"Horizonte\" \/>\n<meta property=\"article:publisher\" content=\"http:\/\/www.facebook.com\/HORIZONTE106.1\" \/>\n<meta property=\"article:published_time\" content=\"2026-09-02T10:00:00+00:00\" \/>\n<meta property=\"article:modified_time\" content=\"2026-09-02T10:53:22+00:00\" \/>\n<meta property=\"og:image\" content=\"http:\/\/www.radiohorizonte.fm\/radio\/wp-content\/uploads\/2023\/03\/salario-billetera-plata-pesos.jpg\" \/>\n\t<meta property=\"og:image:width\" content=\"1200\" \/>\n\t<meta property=\"og:image:height\" content=\"675\" \/>\n\t<meta property=\"og:image:type\" content=\"image\/jpeg\" \/>\n<meta name=\"author\" content=\"Cristian Galarza\" \/>\n<meta name=\"twitter:card\" content=\"summary_large_image\" \/>\n<meta name=\"twitter:creator\" content=\"@fmhorizonte1061\" \/>\n<meta name=\"twitter:site\" content=\"@fmhorizonte1061\" \/>\n<meta name=\"twitter:label1\" content=\"Escrito por\" \/>\n\t<meta name=\"twitter:data1\" content=\"Cristian Galarza\" \/>\n\t<meta name=\"twitter:label2\" content=\"Tiempo de lectura\" \/>\n\t<meta name=\"twitter:data2\" content=\"2 minutos\" \/>\n<script type=\"application\/ld+json\" class=\"yoast-schema-graph\">{\"@context\":\"https:\\\/\\\/schema.org\",\"@graph\":[{\"@type\":\"Article\",\"@id\":\"https:\\\/\\\/www.radiohorizonte.fm\\\/radio\\\/2026\\\/09\\\/02\\\/nuevo-monto-del-salario-minimo-vital-y-movil-desde-septiembre-como-aumentara-mes-a-mes-hasta-abril-de-2027\\\/#article\",\"isPartOf\":{\"@id\":\"https:\\\/\\\/www.radiohorizonte.fm\\\/radio\\\/2026\\\/09\\\/02\\\/nuevo-monto-del-salario-minimo-vital-y-movil-desde-septiembre-como-aumentara-mes-a-mes-hasta-abril-de-2027\\\/\"},\"author\":{\"name\":\"Cristian Galarza\",\"@id\":\"http:\\\/\\\/www.radiohorizonte.fm\\\/radio\\\/#\\\/schema\\\/person\\\/f8fa003a405bb86729fd87d15d0ddafa\"},\"headline\":\"Nuevo monto del Salario M\u00ednimo Vital y M\u00f3vil desde septiembre: c\u00f3mo aumentar\u00e1, mes a mes, hasta abril de 2027\",\"datePublished\":\"2026-09-02T10:00:00+00:00\",\"dateModified\":\"2026-09-02T10:53:22+00:00\",\"mainEntityOfPage\":{\"@id\":\"https:\\\/\\\/www.radiohorizonte.fm\\\/radio\\\/2026\\\/09\\\/02\\\/nuevo-monto-del-salario-minimo-vital-y-movil-desde-septiembre-como-aumentara-mes-a-mes-hasta-abril-de-2027\\\/\"},\"wordCount\":149,\"publisher\":{\"@id\":\"http:\\\/\\\/www.radiohorizonte.fm\\\/radio\\\/#organization\"},\"image\":{\"@id\":\"https:\\\/\\\/www.radiohorizonte.fm\\\/radio\\\/2026\\\/09\\\/02\\\/nuevo-monto-del-salario-minimo-vital-y-movil-desde-septiembre-como-aumentara-mes-a-mes-hasta-abril-de-2027\\\/#primaryimage\"},\"thumbnailUrl\":\"http:\\\/\\\/www.radiohorizonte.fm\\\/radio\\\/wp-content\\\/uploads\\\/2023\\\/03\\\/salario-billetera-plata-pesos.jpg\",\"articleSection\":[\"Noticias\"],\"inLanguage\":\"es-AR\"},{\"@type\":\"WebPage\",\"@id\":\"https:\\\/\\\/www.radiohorizonte.fm\\\/radio\\\/2026\\\/09\\\/02\\\/nuevo-monto-del-salario-minimo-vital-y-movil-desde-septiembre-como-aumentara-mes-a-mes-hasta-abril-de-2027\\\/\",\"url\":\"https:\\\/\\\/www.radiohorizonte.fm\\\/radio\\\/2026\\\/09\\\/02\\\/nuevo-monto-del-salario-minimo-vital-y-movil-desde-septiembre-como-aumentara-mes-a-mes-hasta-abril-de-2027\\\/\",\"name\":\"Nuevo monto del Salario M\u00ednimo Vital y M\u00f3vil desde septiembre: c\u00f3mo aumentar\u00e1, mes a mes, hasta abril de 2027 - Horizonte\",\"isPartOf\":{\"@id\":\"http:\\\/\\\/www.radiohorizonte.fm\\\/radio\\\/#website\"},\"primaryImageOfPage\":{\"@id\":\"https:\\\/\\\/www.radiohorizonte.fm\\\/radio\\\/2026\\\/09\\\/02\\\/nuevo-monto-del-salario-minimo-vital-y-movil-desde-septiembre-como-aumentara-mes-a-mes-hasta-abril-de-2027\\\/#primaryimage\"},\"image\":{\"@id\":\"https:\\\/\\\/www.radiohorizonte.fm\\\/radio\\\/2026\\\/09\\\/02\\\/nuevo-monto-del-salario-minimo-vital-y-movil-desde-septiembre-como-aumentara-mes-a-mes-hasta-abril-de-2027\\\/#primaryimage\"},\"thumbnailUrl\":\"http:\\\/\\\/www.radiohorizonte.fm\\\/radio\\\/wp-content\\\/uploads\\\/2023\\\/03\\\/salario-billetera-plata-pesos.jpg\",\"datePublished\":\"2026-09-02T10:00:00+00:00\",\"dateModified\":\"2026-09-02T10:53:22+00:00\",\"breadcrumb\":{\"@id\":\"https:\\\/\\\/www.radiohorizonte.fm\\\/radio\\\/2026\\\/09\\\/02\\\/nuevo-monto-del-salario-minimo-vital-y-movil-desde-septiembre-como-aumentara-mes-a-mes-hasta-abril-de-2027\\\/#breadcrumb\"},\"inLanguage\":\"es-AR\",\"potentialAction\":[{\"@type\":\"ReadAction\",\"target\":[\"https:\\\/\\\/www.radiohorizonte.fm\\\/radio\\\/2026\\\/09\\\/02\\\/nuevo-monto-del-salario-minimo-vital-y-movil-desde-septiembre-como-aumentara-mes-a-mes-hasta-abril-de-2027\\\/\"]}]},{\"@type\":\"ImageObject\",\"inLanguage\":\"es-AR\",\"@id\":\"https:\\\/\\\/www.radiohorizonte.fm\\\/radio\\\/2026\\\/09\\\/02\\\/nuevo-monto-del-salario-minimo-vital-y-movil-desde-septiembre-como-aumentara-mes-a-mes-hasta-abril-de-2027\\\/#primaryimage\",\"url\":\"http:\\\/\\\/www.radiohorizonte.fm\\\/radio\\\/wp-content\\\/uploads\\\/2023\\\/03\\\/salario-billetera-plata-pesos.jpg\",\"contentUrl\":\"http:\\\/\\\/www.radiohorizonte.fm\\\/radio\\\/wp-content\\\/uploads\\\/2023\\\/03\\\/salario-billetera-plata-pesos.jpg\",\"width\":1200,\"height\":675},{\"@type\":\"BreadcrumbList\",\"@id\":\"https:\\\/\\\/www.radiohorizonte.fm\\\/radio\\\/2026\\\/09\\\/02\\\/nuevo-monto-del-salario-minimo-vital-y-movil-desde-septiembre-como-aumentara-mes-a-mes-hasta-abril-de-2027\\\/#breadcrumb\",\"itemListElement\":[{\"@type\":\"ListItem\",\"position\":1,\"name\":\"Home\",\"item\":\"http:\\\/\\\/www.radiohorizonte.fm\\\/radio\\\/\"},{\"@type\":\"ListItem\",\"position\":2,\"name\":\"Nuevo monto del Salario M\u00ednimo Vital y M\u00f3vil desde septiembre: c\u00f3mo aumentar\u00e1, mes a mes, hasta abril de 2027\"}]},{\"@type\":\"WebSite\",\"@id\":\"http:\\\/\\\/www.radiohorizonte.fm\\\/radio\\\/#website\",\"url\":\"http:\\\/\\\/www.radiohorizonte.fm\\\/radio\\\/\",\"name\":\"Horizonte\",\"description\":\"Radio Horizonte 106.1 - Una radio de clasicos\",\"publisher\":{\"@id\":\"http:\\\/\\\/www.radiohorizonte.fm\\\/radio\\\/#organization\"},\"potentialAction\":[{\"@type\":\"SearchAction\",\"target\":{\"@type\":\"EntryPoint\",\"urlTemplate\":\"http:\\\/\\\/www.radiohorizonte.fm\\\/radio\\\/?s={search_term_string}\"},\"query-input\":{\"@type\":\"PropertyValueSpecification\",\"valueRequired\":true,\"valueName\":\"search_term_string\"}}],\"inLanguage\":\"es-AR\"},{\"@type\":\"Organization\",\"@id\":\"http:\\\/\\\/www.radiohorizonte.fm\\\/radio\\\/#organization\",\"name\":\"Horizonte\",\"url\":\"http:\\\/\\\/www.radiohorizonte.fm\\\/radio\\\/\",\"logo\":{\"@type\":\"ImageObject\",\"inLanguage\":\"es-AR\",\"@id\":\"http:\\\/\\\/www.radiohorizonte.fm\\\/radio\\\/#\\\/schema\\\/logo\\\/image\\\/\",\"url\":\"http:\\\/\\\/www.radiohorizonte.fm\\\/radio\\\/wp-content\\\/uploads\\\/2025\\\/06\\\/Portada-FM-Horizonte_modelo-imagen-scaled.jpg\",\"contentUrl\":\"http:\\\/\\\/www.radiohorizonte.fm\\\/radio\\\/wp-content\\\/uploads\\\/2025\\\/06\\\/Portada-FM-Horizonte_modelo-imagen-scaled.jpg\",\"width\":2560,\"height\":1056,\"caption\":\"Horizonte\"},\"image\":{\"@id\":\"http:\\\/\\\/www.radiohorizonte.fm\\\/radio\\\/#\\\/schema\\\/logo\\\/image\\\/\"},\"sameAs\":[\"http:\\\/\\\/www.facebook.com\\\/HORIZONTE106.1\",\"https:\\\/\\\/x.com\\\/fmhorizonte1061\"]},{\"@type\":\"Person\",\"@id\":\"http:\\\/\\\/www.radiohorizonte.fm\\\/radio\\\/#\\\/schema\\\/person\\\/f8fa003a405bb86729fd87d15d0ddafa\",\"name\":\"Cristian Galarza\",\"image\":{\"@type\":\"ImageObject\",\"inLanguage\":\"es-AR\",\"@id\":\"https:\\\/\\\/secure.gravatar.com\\\/avatar\\\/fad34bc2c773209c05d7d53b08a69b680eeb55f3be014e52b31643d20ab65925?s=96&d=mm&r=g\",\"url\":\"https:\\\/\\\/secure.gravatar.com\\\/avatar\\\/fad34bc2c773209c05d7d53b08a69b680eeb55f3be014e52b31643d20ab65925?s=96&d=mm&r=g\",\"contentUrl\":\"https:\\\/\\\/secure.gravatar.com\\\/avatar\\\/fad34bc2c773209c05d7d53b08a69b680eeb55f3be014e52b31643d20ab65925?s=96&d=mm&r=g\",\"caption\":\"Cristian Galarza\"},\"url\":\"http:\\\/\\\/www.radiohorizonte.fm\\\/radio\\\/author\\\/cristian\\\/\"}]}<\/script>\n<!-- \/ Yoast SEO plugin. -->","yoast_head_json":{"title":"Nuevo monto del Salario M\u00ednimo Vital y M\u00f3vil desde septiembre: c\u00f3mo aumentar\u00e1, mes a mes, hasta abril de 2027 - Horizonte","robots":{"index":"index","follow":"follow","max-snippet":"max-snippet:-1","max-image-preview":"max-image-preview:large","max-video-preview":"max-video-preview:-1"},"canonical":"https:\/\/www.radiohorizonte.fm\/radio\/2026\/09\/02\/nuevo-monto-del-salario-minimo-vital-y-movil-desde-septiembre-como-aumentara-mes-a-mes-hasta-abril-de-2027\/","og_locale":"es_ES","og_type":"article","og_title":"Nuevo monto del Salario M\u00ednimo Vital y M\u00f3vil desde septiembre: c\u00f3mo aumentar\u00e1, mes a mes, hasta abril de 2027 - Horizonte","og_description":"1\u00b0 de septiembre de 2026, el Salario M\u00ednimo, Vital y M\u00f3vil (SMVM) en Argentina se fij\u00f3 en $383.800 mensuales para los trabajadores que cumplen la jornada legal completa. El Gobierno estableci\u00f3 un nuevo esquema de aumentos escalonados mensuales mediante un laudo tras la falta de acuerdo en el Consejo del Salario: Cronograma de aumentos (2026","og_url":"https:\/\/www.radiohorizonte.fm\/radio\/2026\/09\/02\/nuevo-monto-del-salario-minimo-vital-y-movil-desde-septiembre-como-aumentara-mes-a-mes-hasta-abril-de-2027\/","og_site_name":"Horizonte","article_publisher":"http:\/\/www.facebook.com\/HORIZONTE106.1","article_published_time":"2026-09-02T10:00:00+00:00","article_modified_time":"2026-09-02T10:53:22+00:00","og_image":[{"width":1200,"height":675,"url":"http:\/\/www.radiohorizonte.fm\/radio\/wp-content\/uploads\/2023\/03\/salario-billetera-plata-pesos.jpg","type":"image\/jpeg"}],"author":"Cristian Galarza","twitter_card":"summary_large_image","twitter_creator":"@fmhorizonte1061","twitter_site":"@fmhorizonte1061","twitter_misc":{"Escrito por":"Cristian Galarza","Tiempo de lectura":"2 minutos"},"schema":{"@context":"https:\/\/schema.org","@graph":[{"@type":"Article","@id":"https:\/\/www.radiohorizonte.fm\/radio\/2026\/09\/02\/nuevo-monto-del-salario-minimo-vital-y-movil-desde-septiembre-como-aumentara-mes-a-mes-hasta-abril-de-2027\/#article","isPartOf":{"@id":"https:\/\/www.radiohorizonte.fm\/radio\/2026\/09\/02\/nuevo-monto-del-salario-minimo-vital-y-movil-desde-septiembre-como-aumentara-mes-a-mes-hasta-abril-de-2027\/"},"author":{"name":"Cristian Galarza","@id":"http:\/\/www.radiohorizonte.fm\/radio\/#\/schema\/person\/f8fa003a405bb86729fd87d15d0ddafa"},"headline":"Nuevo monto del Salario M\u00ednimo Vital y M\u00f3vil desde septiembre: c\u00f3mo aumentar\u00e1, mes a mes, hasta abril de 2027","datePublished":"2026-09-02T10:00:00+00:00","dateModified":"2026-09-02T10:53:22+00:00","mainEntityOfPage":{"@id":"https:\/\/www.radiohorizonte.fm\/radio\/2026\/09\/02\/nuevo-monto-del-salario-minimo-vital-y-movil-desde-septiembre-como-aumentara-mes-a-mes-hasta-abril-de-2027\/"},"wordCount":149,"publisher":{"@id":"http:\/\/www.radiohorizonte.fm\/radio\/#organization"},"image":{"@id":"https:\/\/www.radiohorizonte.fm\/radio\/2026\/09\/02\/nuevo-monto-del-salario-minimo-vital-y-movil-desde-septiembre-como-aumentara-mes-a-mes-hasta-abril-de-2027\/#primaryimage"},"thumbnailUrl":"http:\/\/www.radiohorizonte.fm\/radio\/wp-content\/uploads\/2023\/03\/salario-billetera-plata-pesos.jpg","articleSection":["Noticias"],"inLanguage":"es-AR"},{"@type":"WebPage","@id":"https:\/\/www.radiohorizonte.fm\/radio\/2026\/09\/02\/nuevo-monto-del-salario-minimo-vital-y-movil-desde-septiembre-como-aumentara-mes-a-mes-hasta-abril-de-2027\/","url":"https:\/\/www.radiohorizonte.fm\/radio\/2026\/09\/02\/nuevo-monto-del-salario-minimo-vital-y-movil-desde-septiembre-como-aumentara-mes-a-mes-hasta-abril-de-2027\/","name":"Nuevo monto del Salario M\u00ednimo Vital y M\u00f3vil desde septiembre: c\u00f3mo aumentar\u00e1, mes a mes, hasta abril de 2027 - Horizonte","isPartOf":{"@id":"http:\/\/www.radiohorizonte.fm\/radio\/#website"},"primaryImageOfPage":{"@id":"https:\/\/www.radiohorizonte.fm\/radio\/2026\/09\/02\/nuevo-monto-del-salario-minimo-vital-y-movil-desde-septiembre-como-aumentara-mes-a-mes-hasta-abril-de-2027\/#primaryimage"},"image":{"@id":"https:\/\/www.radiohorizonte.fm\/radio\/2026\/09\/02\/nuevo-monto-del-salario-minimo-vital-y-movil-desde-septiembre-como-aumentara-mes-a-mes-hasta-abril-de-2027\/#primaryimage"},"thumbnailUrl":"http:\/\/www.radiohorizonte.fm\/radio\/wp-content\/uploads\/2023\/03\/salario-billetera-plata-pesos.jpg","datePublished":"2026-09-02T10:00:00+00:00","dateModified":"2026-09-02T10:53:22+00:00","breadcrumb":{"@id":"https:\/\/www.radiohorizonte.fm\/radio\/2026\/09\/02\/nuevo-monto-del-salario-minimo-vital-y-movil-desde-septiembre-como-aumentara-mes-a-mes-hasta-abril-de-2027\/#breadcrumb"},"inLanguage":"es-AR","potentialAction":[{"@type":"ReadAction","target":["https:\/\/www.radiohorizonte.fm\/radio\/2026\/09\/02\/nuevo-monto-del-salario-minimo-vital-y-movil-desde-septiembre-como-aumentara-mes-a-mes-hasta-abril-de-2027\/"]}]},{"@type":"ImageObject","inLanguage":"es-AR","@id":"https:\/\/www.radiohorizonte.fm\/radio\/2026\/09\/02\/nuevo-monto-del-salario-minimo-vital-y-movil-desde-septiembre-como-aumentara-mes-a-mes-hasta-abril-de-2027\/#primaryimage","url":"http:\/\/www.radiohorizonte.fm\/radio\/wp-content\/uploads\/2023\/03\/salario-billetera-plata-pesos.jpg","contentUrl":"http:\/\/www.radiohorizonte.fm\/radio\/wp-content\/uploads\/2023\/03\/salario-billetera-plata-pesos.jpg","width":1200,"height":675},{"@type":"BreadcrumbList","@id":"https:\/\/www.radiohorizonte.fm\/radio\/2026\/09\/02\/nuevo-monto-del-salario-minimo-vital-y-movil-desde-septiembre-como-aumentara-mes-a-mes-hasta-abril-de-2027\/#breadcrumb","itemListElement":[{"@type":"ListItem","position":1,"name":"Home","item":"http:\/\/www.radiohorizonte.fm\/radio\/"},{"@type":"ListItem","position":2,"name":"Nuevo monto del Salario M\u00ednimo Vital y M\u00f3vil desde septiembre: c\u00f3mo aumentar\u00e1, mes a mes, hasta abril de 2027"}]},{"@type":"WebSite","@id":"http:\/\/www.radiohorizonte.fm\/radio\/#website","url":"http:\/\/www.radiohorizonte.fm\/radio\/","name":"Horizonte","description":"Radio Horizonte 106.1 - Una radio de clasicos","publisher":{"@id":"http:\/\/www.radiohorizonte.fm\/radio\/#organization"},"potentialAction":[{"@type":"SearchAction","target":{"@type":"EntryPoint","urlTemplate":"http:\/\/www.radiohorizonte.fm\/radio\/?s={search_term_string}"},"query-input":{"@type":"PropertyValueSpecification","valueRequired":true,"valueName":"search_term_string"}}],"inLanguage":"es-AR"},{"@type":"Organization","@id":"http:\/\/www.radiohorizonte.fm\/radio\/#organization","name":"Horizonte","url":"http:\/\/www.radiohorizonte.fm\/radio\/","logo":{"@type":"ImageObject","inLanguage":"es-AR","@id":"http:\/\/www.radiohorizonte.fm\/radio\/#\/schema\/logo\/image\/","url":"http:\/\/www.radiohorizonte.fm\/radio\/wp-content\/uploads\/2025\/06\/Portada-FM-Horizonte_modelo-imagen-scaled.jpg","contentUrl":"http:\/\/www.radiohorizonte.fm\/radio\/wp-content\/uploads\/2025\/06\/Portada-FM-Horizonte_modelo-imagen-scaled.jpg","width":2560,"height":1056,"caption":"Horizonte"},"image":{"@id":"http:\/\/www.radiohorizonte.fm\/radio\/#\/schema\/logo\/image\/"},"sameAs":["http:\/\/www.facebook.com\/HORIZONTE106.1","https:\/\/x.com\/fmhorizonte1061"]},{"@type":"Person","@id":"http:\/\/www.radiohorizonte.fm\/radio\/#\/schema\/person\/f8fa003a405bb86729fd87d15d0ddafa","name":"Cristian Galarza","image":{"@type":"ImageObject","inLanguage":"es-AR","@id":"https:\/\/secure.gravatar.com\/avatar\/fad34bc2c773209c05d7d53b08a69b680eeb55f3be014e52b31643d20ab65925?s=96&d=mm&r=g","url":"https:\/\/secure.gravatar.com\/avatar\/fad34bc2c773209c05d7d53b08a69b680eeb55f3be014e52b31643d20ab65925?s=96&d=mm&r=g","contentUrl":"https:\/\/secure.gravatar.com\/avatar\/fad34bc2c773209c05d7d53b08a69b680eeb55f3be014e52b31643d20ab65925?s=96&d=mm&r=g","caption":"Cristian Galarza"},"url":"http:\/\/www.radiohorizonte.fm\/radio\/author\/cristian\/"}]}},"_links":{"self":[{"href":"http:\/\/www.radiohorizonte.fm\/radio\/wp-json\/wp\/v2\/posts\/52226","targetHints":{"allow":["GET"]}}],"collection":[{"href":"http:\/\/www.radiohorizonte.fm\/radio\/wp-json\/wp\/v2\/posts"}],"about":[{"href":"http:\/\/www.radiohorizonte.fm\/radio\/wp-json\/wp\/v2\/types\/post"}],"author":[{"embeddable":true,"href":"http:\/\/www.radiohorizonte.fm\/radio\/wp-json\/wp\/v2\/users\/2"}],"replies":[{"embeddable":true,"href":"http:\/\/www.radiohorizonte.fm\/radio\/wp-json\/wp\/v2\/comments?post=52226"}],"version-history":[{"count":1,"href":"http:\/\/www.radiohorizonte.fm\/radio\/wp-json\/wp\/v2\/posts\/52226\/revisions"}],"predecessor-version":[{"id":52227,"href":"http:\/\/www.radiohorizonte.fm\/radio\/wp-json\/wp\/v2\/posts\/52226\/revisions\/52227"}],"wp:featuredmedia":[{"embeddable":true,"href":"http:\/\/www.radiohorizonte.fm\/radio\/wp-json\/wp\/v2\/media\/40433"}],"wp:attachment":[{"href":"http:\/\/www.radiohorizonte.fm\/radio\/wp-json\/wp\/v2\/media?parent=52226"}],"wp:term":[{"taxonomy":"category","embeddable":true,"href":"http:\/\/www.radiohorizonte.fm\/radio\/wp-json\/wp\/v2\/categories?post=52226"},{"taxonomy":"post_tag","embeddable":true,"href":"http:\/\/www.radiohorizonte.fm\/radio\/wp-json\/wp\/v2\/tags?post=52226"}],"curies":[{"name":"wp","href":"https:\/\/api.w.org\/{rel}","templated":true}]}}