{"id":52235,"date":"2026-09-03T07:00:00","date_gmt":"2026-09-03T10:00:00","guid":{"rendered":"https:\/\/www.radiohorizonte.fm\/radio\/?p=52235"},"modified":"2026-09-03T07:38:10","modified_gmt":"2026-09-03T10:38:10","slug":"carolina-rinde-tributo-a-sus-agricultores-en-la-42o-edicion-de-su-fiesta-provincial","status":"publish","type":"post","link":"http:\/\/www.radiohorizonte.fm\/radio\/2026\/09\/03\/carolina-rinde-tributo-a-sus-agricultores-en-la-42o-edicion-de-su-fiesta-provincial\/","title":{"rendered":"Carolina rinde tributo a sus agricultores en la 42\u00ba edici\u00f3n de su fiesta provincial"},"content":{"rendered":"\n<p class=\"wp-block-paragraph\">Con el respaldo del Gobierno provincial, el Municipio lanz\u00f3 formalmente el tradicional festejo que pone en valor las ra\u00edces, la identidad productiva y el esfuerzo del trabajador rural. Se realizar\u00e1 el 12 y 13 de septiembre con acceso gratuito a la expo y festivales.<\/p>\n\n\n\n<figure class=\"wp-block-image size-large\"><img loading=\"lazy\" decoding=\"async\" width=\"1024\" height=\"683\" src=\"https:\/\/www.radiohorizonte.fm\/radio\/wp-content\/uploads\/2026\/09\/imagen-112000-1024x683.jpg\" alt=\"\" class=\"wp-image-52236\" srcset=\"http:\/\/www.radiohorizonte.fm\/radio\/wp-content\/uploads\/2026\/09\/imagen-112000-1024x683.jpg 1024w, http:\/\/www.radiohorizonte.fm\/radio\/wp-content\/uploads\/2026\/09\/imagen-112000-300x200.jpg 300w, http:\/\/www.radiohorizonte.fm\/radio\/wp-content\/uploads\/2026\/09\/imagen-112000-768x512.jpg 768w, http:\/\/www.radiohorizonte.fm\/radio\/wp-content\/uploads\/2026\/09\/imagen-112000-1536x1024.jpg 1536w, http:\/\/www.radiohorizonte.fm\/radio\/wp-content\/uploads\/2026\/09\/imagen-112000-2048x1366.jpg 2048w, http:\/\/www.radiohorizonte.fm\/radio\/wp-content\/uploads\/2026\/09\/imagen-112000-640x427.jpg 640w\" sizes=\"auto, (max-width: 1024px) 100vw, 1024px\" \/><\/figure>\n\n\n\n<p class=\"wp-block-paragraph\">Para reivindicar sus ra\u00edces e identidad vinculadas a los inmigrantes que fundaron a fines del 1800 la localidad en base al esfuerzo, el trabajo de la tierra y el desarrollo productivo de la regi\u00f3n, Carolina se alista para celebrar el 12 y 13 de septiembre su 42\u00ba Fiesta Provincial del Agricultor.<\/p>\n\n\n\n<p class=\"wp-block-paragraph\">Con el sal\u00f3n Verde de Casa de Gobierno como sitio para el lanzamiento, autoridades provinciales y municipales dieron detalles del programa de actividades, que tiene este a\u00f1o el compromiso de ofrecer las entradas a la expo y a los festivales de manera gratuita para los asistentes. Con muestras de tabaco, tomates, chauchas y varios frascos de dulces regionales elaborados en la zona, y el acompa\u00f1amiento de las reinas de la Fiesta Provincial, la localidad invit\u00f3 a todos los correntinos a visitar su tierra durante las distintas jornadas del evento.<\/p>\n\n\n\n<figure class=\"wp-block-image size-large\"><img loading=\"lazy\" decoding=\"async\" width=\"1024\" height=\"683\" src=\"https:\/\/www.radiohorizonte.fm\/radio\/wp-content\/uploads\/2026\/09\/imagen-112001-1024x683.jpg\" alt=\"\" class=\"wp-image-52237\" srcset=\"http:\/\/www.radiohorizonte.fm\/radio\/wp-content\/uploads\/2026\/09\/imagen-112001-1024x683.jpg 1024w, http:\/\/www.radiohorizonte.fm\/radio\/wp-content\/uploads\/2026\/09\/imagen-112001-300x200.jpg 300w, http:\/\/www.radiohorizonte.fm\/radio\/wp-content\/uploads\/2026\/09\/imagen-112001-768x512.jpg 768w, http:\/\/www.radiohorizonte.fm\/radio\/wp-content\/uploads\/2026\/09\/imagen-112001-1536x1024.jpg 1536w, http:\/\/www.radiohorizonte.fm\/radio\/wp-content\/uploads\/2026\/09\/imagen-112001-2048x1366.jpg 2048w, http:\/\/www.radiohorizonte.fm\/radio\/wp-content\/uploads\/2026\/09\/imagen-112001-640x427.jpg 640w\" sizes=\"auto, (max-width: 1024px) 100vw, 1024px\" \/><\/figure>\n\n\n\n<p class=\"wp-block-paragraph\"><strong>Homenaje al esfuerzo<\/strong><\/p>\n\n\n\n<p class=\"wp-block-paragraph\">Durante la presentaci\u00f3n, la intendente de Carolina, Andrea Alarc\u00f3n, destac\u00f3 el rol central de la labor agr\u00edcola y el acompa\u00f1amiento del Ejecutivo provincial: &#8220;Vamos a celebrar nuestra identidad, al que labura la tierra con gran esfuerzo&#8221;, subray\u00f3. Asimismo, agreg\u00f3: &#8220;Agradecemos al Gobierno de la Provincia por el apoyo, el acompa\u00f1amiento y el gran aporte que nos brinda el gobernador para que esto sea posible y para homenajear a quienes, adem\u00e1s de cultivar la tierra, cultivan esperanza&#8221;.<\/p>\n\n\n\n<p class=\"wp-block-paragraph\">Por su parte, el subsecretario de Desarrollo Tur\u00edstico Regional, Oscar Mac\u00edas, remarc\u00f3 el respaldo institucional a la producci\u00f3n y al evento: &#8220;Es una fiesta que honra al productor y a esa gente que hizo tan grande esta regi\u00f3n&#8221;. Adem\u00e1s, enfatiz\u00f3: &#8220;Existe un esfuerzo y un trabajo constante de la Provincia en apoyo a los productores y emprendedores para sostener estos eventos en un contexto econ\u00f3mico dif\u00edcil&#8221;.<\/p>\n\n\n\n<p class=\"wp-block-paragraph\">En tanto, el presidente de la Comisi\u00f3n Organizadora, Gerardo Storti, valor\u00f3 el esfuerzo de los emprendedores y la adaptaci\u00f3n del evento al escenario socioecon\u00f3mico: &#8220;Vamos a realizar este a\u00f1o una fiesta siendo austeros, conociendo la situaci\u00f3n econ\u00f3mica que estamos atravesando&#8221;. En ese sentido, puntualiz\u00f3 que se pens\u00f3 en un esquema accesible para el trabajador rural. &#8220;Conociendo las situaciones complejas del campo por la ca\u00edda de los precios de la producci\u00f3n, definimos que la entrada sea libre y gratuita a la expo y festivales, y fijamos un costo m\u00ednimo de 25 mil pesos para la tarjeta del almuerzo, sin cobro para menores de 6 a\u00f1os&#8221;, anunci\u00f3.<\/p>\n\n\n\n<p class=\"wp-block-paragraph\"><strong>Programa de actividades<\/strong><\/p>\n\n\n\n<p class=\"wp-block-paragraph\">La agenda oficial contempla instancias institucionales, recreativas y de exposici\u00f3n:<\/p>\n\n\n\n<p class=\"wp-block-paragraph\">* Martes 8 de septiembre: Acto central en homenaje a los agricultores con entrega de reconocimientos en la plazoleta local.<\/p>\n\n\n\n<p class=\"wp-block-paragraph\">* S\u00e1bado 12 de septiembre: Apertura de la Expo Agricultor a las 14, inauguraci\u00f3n oficial a las 20:30 y posterior festival con la elecci\u00f3n de la reina y cierre bailable.<\/p>\n\n\n\n<p class=\"wp-block-paragraph\">* Domingo 13 de septiembre: Apertura del predio por la ma\u00f1ana, almuerzo comunitario (con tarjeta) y festival de sobremesa. El cierre vespertino incluir\u00e1 shows en vivo, con la actuaci\u00f3n destacada de La Nueva Luna.<\/p>\n\n\n\n<p class=\"wp-block-paragraph\"><\/p>\n","protected":false},"excerpt":{"rendered":"<div class=\"post-excerpt\"><p>Con el respaldo del Gobierno provincial, el Municipio lanz\u00f3 formalmente el tradicional festejo que pone en valor las ra\u00edces, la identidad productiva y el esfuerzo del trabajador rural. Se realizar\u00e1 el 12 y 13 de septiembre con acceso gratuito a la expo y festivales. Para reivindicar sus ra\u00edces e identidad vinculadas a los inmigrantes que<\/p>\n<\/div>","protected":false},"author":2,"featured_media":52236,"comment_status":"closed","ping_status":"closed","sticky":false,"template":"","format":"standard","meta":{"_acf_changed":false,"footnotes":""},"categories":[2],"tags":[],"class_list":["post-52235","post","type-post","status-publish","format-standard","has-post-thumbnail","hentry","category-noticias"],"acf":[],"yoast_head":"<!-- This site is optimized with the Yoast SEO plugin v28.1 - https:\/\/yoast.com\/product\/yoast-seo-wordpress\/ -->\n<title>Carolina rinde tributo a sus agricultores en la 42\u00ba edici\u00f3n de su fiesta provincial - Horizonte<\/title>\n<meta name=\"robots\" content=\"index, follow, max-snippet:-1, max-image-preview:large, max-video-preview:-1\" \/>\n<link rel=\"canonical\" href=\"https:\/\/www.radiohorizonte.fm\/radio\/2026\/09\/03\/carolina-rinde-tributo-a-sus-agricultores-en-la-42o-edicion-de-su-fiesta-provincial\/\" \/>\n<meta property=\"og:locale\" content=\"es_ES\" \/>\n<meta property=\"og:type\" content=\"article\" \/>\n<meta property=\"og:title\" content=\"Carolina rinde tributo a sus agricultores en la 42\u00ba edici\u00f3n de su fiesta provincial - Horizonte\" \/>\n<meta property=\"og:description\" content=\"Con el respaldo del Gobierno provincial, el Municipio lanz\u00f3 formalmente el tradicional festejo que pone en valor las ra\u00edces, la identidad productiva y el esfuerzo del trabajador rural. Se realizar\u00e1 el 12 y 13 de septiembre con acceso gratuito a la expo y festivales. Para reivindicar sus ra\u00edces e identidad vinculadas a los inmigrantes que\" \/>\n<meta property=\"og:url\" content=\"https:\/\/www.radiohorizonte.fm\/radio\/2026\/09\/03\/carolina-rinde-tributo-a-sus-agricultores-en-la-42o-edicion-de-su-fiesta-provincial\/\" \/>\n<meta property=\"og:site_name\" content=\"Horizonte\" \/>\n<meta property=\"article:publisher\" content=\"http:\/\/www.facebook.com\/HORIZONTE106.1\" \/>\n<meta property=\"article:published_time\" content=\"2026-09-03T10:00:00+00:00\" \/>\n<meta property=\"article:modified_time\" content=\"2026-09-03T10:38:10+00:00\" \/>\n<meta property=\"og:image\" content=\"http:\/\/www.radiohorizonte.fm\/radio\/wp-content\/uploads\/2026\/09\/imagen-112000-scaled.jpg\" \/>\n\t<meta property=\"og:image:width\" content=\"2560\" \/>\n\t<meta property=\"og:image:height\" content=\"1707\" \/>\n\t<meta property=\"og:image:type\" content=\"image\/jpeg\" \/>\n<meta name=\"author\" content=\"Cristian Galarza\" \/>\n<meta name=\"twitter:card\" content=\"summary_large_image\" \/>\n<meta name=\"twitter:creator\" content=\"@fmhorizonte1061\" \/>\n<meta name=\"twitter:site\" content=\"@fmhorizonte1061\" \/>\n<meta name=\"twitter:label1\" content=\"Escrito por\" \/>\n\t<meta name=\"twitter:data1\" content=\"Cristian Galarza\" \/>\n\t<meta name=\"twitter:label2\" content=\"Tiempo de lectura\" \/>\n\t<meta name=\"twitter:data2\" content=\"4 minutos\" \/>\n<script type=\"application\/ld+json\" class=\"yoast-schema-graph\">{\"@context\":\"https:\\\/\\\/schema.org\",\"@graph\":[{\"@type\":\"Article\",\"@id\":\"https:\\\/\\\/www.radiohorizonte.fm\\\/radio\\\/2026\\\/09\\\/03\\\/carolina-rinde-tributo-a-sus-agricultores-en-la-42o-edicion-de-su-fiesta-provincial\\\/#article\",\"isPartOf\":{\"@id\":\"https:\\\/\\\/www.radiohorizonte.fm\\\/radio\\\/2026\\\/09\\\/03\\\/carolina-rinde-tributo-a-sus-agricultores-en-la-42o-edicion-de-su-fiesta-provincial\\\/\"},\"author\":{\"name\":\"Cristian Galarza\",\"@id\":\"http:\\\/\\\/www.radiohorizonte.fm\\\/radio\\\/#\\\/schema\\\/person\\\/f8fa003a405bb86729fd87d15d0ddafa\"},\"headline\":\"Carolina rinde tributo a sus agricultores en la 42\u00ba edici\u00f3n de su fiesta provincial\",\"datePublished\":\"2026-09-03T10:00:00+00:00\",\"dateModified\":\"2026-09-03T10:38:10+00:00\",\"mainEntityOfPage\":{\"@id\":\"https:\\\/\\\/www.radiohorizonte.fm\\\/radio\\\/2026\\\/09\\\/03\\\/carolina-rinde-tributo-a-sus-agricultores-en-la-42o-edicion-de-su-fiesta-provincial\\\/\"},\"wordCount\":564,\"publisher\":{\"@id\":\"http:\\\/\\\/www.radiohorizonte.fm\\\/radio\\\/#organization\"},\"image\":{\"@id\":\"https:\\\/\\\/www.radiohorizonte.fm\\\/radio\\\/2026\\\/09\\\/03\\\/carolina-rinde-tributo-a-sus-agricultores-en-la-42o-edicion-de-su-fiesta-provincial\\\/#primaryimage\"},\"thumbnailUrl\":\"http:\\\/\\\/www.radiohorizonte.fm\\\/radio\\\/wp-content\\\/uploads\\\/2026\\\/09\\\/imagen-112000-scaled.jpg\",\"articleSection\":[\"Noticias\"],\"inLanguage\":\"es-AR\"},{\"@type\":\"WebPage\",\"@id\":\"https:\\\/\\\/www.radiohorizonte.fm\\\/radio\\\/2026\\\/09\\\/03\\\/carolina-rinde-tributo-a-sus-agricultores-en-la-42o-edicion-de-su-fiesta-provincial\\\/\",\"url\":\"https:\\\/\\\/www.radiohorizonte.fm\\\/radio\\\/2026\\\/09\\\/03\\\/carolina-rinde-tributo-a-sus-agricultores-en-la-42o-edicion-de-su-fiesta-provincial\\\/\",\"name\":\"Carolina rinde tributo a sus agricultores en la 42\u00ba edici\u00f3n de su fiesta provincial - Horizonte\",\"isPartOf\":{\"@id\":\"http:\\\/\\\/www.radiohorizonte.fm\\\/radio\\\/#website\"},\"primaryImageOfPage\":{\"@id\":\"https:\\\/\\\/www.radiohorizonte.fm\\\/radio\\\/2026\\\/09\\\/03\\\/carolina-rinde-tributo-a-sus-agricultores-en-la-42o-edicion-de-su-fiesta-provincial\\\/#primaryimage\"},\"image\":{\"@id\":\"https:\\\/\\\/www.radiohorizonte.fm\\\/radio\\\/2026\\\/09\\\/03\\\/carolina-rinde-tributo-a-sus-agricultores-en-la-42o-edicion-de-su-fiesta-provincial\\\/#primaryimage\"},\"thumbnailUrl\":\"http:\\\/\\\/www.radiohorizonte.fm\\\/radio\\\/wp-content\\\/uploads\\\/2026\\\/09\\\/imagen-112000-scaled.jpg\",\"datePublished\":\"2026-09-03T10:00:00+00:00\",\"dateModified\":\"2026-09-03T10:38:10+00:00\",\"breadcrumb\":{\"@id\":\"https:\\\/\\\/www.radiohorizonte.fm\\\/radio\\\/2026\\\/09\\\/03\\\/carolina-rinde-tributo-a-sus-agricultores-en-la-42o-edicion-de-su-fiesta-provincial\\\/#breadcrumb\"},\"inLanguage\":\"es-AR\",\"potentialAction\":[{\"@type\":\"ReadAction\",\"target\":[\"https:\\\/\\\/www.radiohorizonte.fm\\\/radio\\\/2026\\\/09\\\/03\\\/carolina-rinde-tributo-a-sus-agricultores-en-la-42o-edicion-de-su-fiesta-provincial\\\/\"]}]},{\"@type\":\"ImageObject\",\"inLanguage\":\"es-AR\",\"@id\":\"https:\\\/\\\/www.radiohorizonte.fm\\\/radio\\\/2026\\\/09\\\/03\\\/carolina-rinde-tributo-a-sus-agricultores-en-la-42o-edicion-de-su-fiesta-provincial\\\/#primaryimage\",\"url\":\"http:\\\/\\\/www.radiohorizonte.fm\\\/radio\\\/wp-content\\\/uploads\\\/2026\\\/09\\\/imagen-112000-scaled.jpg\",\"contentUrl\":\"http:\\\/\\\/www.radiohorizonte.fm\\\/radio\\\/wp-content\\\/uploads\\\/2026\\\/09\\\/imagen-112000-scaled.jpg\",\"width\":2560,\"height\":1707},{\"@type\":\"BreadcrumbList\",\"@id\":\"https:\\\/\\\/www.radiohorizonte.fm\\\/radio\\\/2026\\\/09\\\/03\\\/carolina-rinde-tributo-a-sus-agricultores-en-la-42o-edicion-de-su-fiesta-provincial\\\/#breadcrumb\",\"itemListElement\":[{\"@type\":\"ListItem\",\"position\":1,\"name\":\"Home\",\"item\":\"http:\\\/\\\/www.radiohorizonte.fm\\\/radio\\\/\"},{\"@type\":\"ListItem\",\"position\":2,\"name\":\"Carolina rinde tributo a sus agricultores en la 42\u00ba edici\u00f3n de su fiesta provincial\"}]},{\"@type\":\"WebSite\",\"@id\":\"http:\\\/\\\/www.radiohorizonte.fm\\\/radio\\\/#website\",\"url\":\"http:\\\/\\\/www.radiohorizonte.fm\\\/radio\\\/\",\"name\":\"Horizonte\",\"description\":\"Radio Horizonte 106.1 - Una radio de clasicos\",\"publisher\":{\"@id\":\"http:\\\/\\\/www.radiohorizonte.fm\\\/radio\\\/#organization\"},\"potentialAction\":[{\"@type\":\"SearchAction\",\"target\":{\"@type\":\"EntryPoint\",\"urlTemplate\":\"http:\\\/\\\/www.radiohorizonte.fm\\\/radio\\\/?s={search_term_string}\"},\"query-input\":{\"@type\":\"PropertyValueSpecification\",\"valueRequired\":true,\"valueName\":\"search_term_string\"}}],\"inLanguage\":\"es-AR\"},{\"@type\":\"Organization\",\"@id\":\"http:\\\/\\\/www.radiohorizonte.fm\\\/radio\\\/#organization\",\"name\":\"Horizonte\",\"url\":\"http:\\\/\\\/www.radiohorizonte.fm\\\/radio\\\/\",\"logo\":{\"@type\":\"ImageObject\",\"inLanguage\":\"es-AR\",\"@id\":\"http:\\\/\\\/www.radiohorizonte.fm\\\/radio\\\/#\\\/schema\\\/logo\\\/image\\\/\",\"url\":\"http:\\\/\\\/www.radiohorizonte.fm\\\/radio\\\/wp-content\\\/uploads\\\/2025\\\/06\\\/Portada-FM-Horizonte_modelo-imagen-scaled.jpg\",\"contentUrl\":\"http:\\\/\\\/www.radiohorizonte.fm\\\/radio\\\/wp-content\\\/uploads\\\/2025\\\/06\\\/Portada-FM-Horizonte_modelo-imagen-scaled.jpg\",\"width\":2560,\"height\":1056,\"caption\":\"Horizonte\"},\"image\":{\"@id\":\"http:\\\/\\\/www.radiohorizonte.fm\\\/radio\\\/#\\\/schema\\\/logo\\\/image\\\/\"},\"sameAs\":[\"http:\\\/\\\/www.facebook.com\\\/HORIZONTE106.1\",\"https:\\\/\\\/x.com\\\/fmhorizonte1061\"]},{\"@type\":\"Person\",\"@id\":\"http:\\\/\\\/www.radiohorizonte.fm\\\/radio\\\/#\\\/schema\\\/person\\\/f8fa003a405bb86729fd87d15d0ddafa\",\"name\":\"Cristian Galarza\",\"image\":{\"@type\":\"ImageObject\",\"inLanguage\":\"es-AR\",\"@id\":\"https:\\\/\\\/secure.gravatar.com\\\/avatar\\\/fad34bc2c773209c05d7d53b08a69b680eeb55f3be014e52b31643d20ab65925?s=96&d=mm&r=g\",\"url\":\"https:\\\/\\\/secure.gravatar.com\\\/avatar\\\/fad34bc2c773209c05d7d53b08a69b680eeb55f3be014e52b31643d20ab65925?s=96&d=mm&r=g\",\"contentUrl\":\"https:\\\/\\\/secure.gravatar.com\\\/avatar\\\/fad34bc2c773209c05d7d53b08a69b680eeb55f3be014e52b31643d20ab65925?s=96&d=mm&r=g\",\"caption\":\"Cristian Galarza\"},\"url\":\"http:\\\/\\\/www.radiohorizonte.fm\\\/radio\\\/author\\\/cristian\\\/\"}]}<\/script>\n<!-- \/ Yoast SEO plugin. -->","yoast_head_json":{"title":"Carolina rinde tributo a sus agricultores en la 42\u00ba edici\u00f3n de su fiesta provincial - Horizonte","robots":{"index":"index","follow":"follow","max-snippet":"max-snippet:-1","max-image-preview":"max-image-preview:large","max-video-preview":"max-video-preview:-1"},"canonical":"https:\/\/www.radiohorizonte.fm\/radio\/2026\/09\/03\/carolina-rinde-tributo-a-sus-agricultores-en-la-42o-edicion-de-su-fiesta-provincial\/","og_locale":"es_ES","og_type":"article","og_title":"Carolina rinde tributo a sus agricultores en la 42\u00ba edici\u00f3n de su fiesta provincial - Horizonte","og_description":"Con el respaldo del Gobierno provincial, el Municipio lanz\u00f3 formalmente el tradicional festejo que pone en valor las ra\u00edces, la identidad productiva y el esfuerzo del trabajador rural. Se realizar\u00e1 el 12 y 13 de septiembre con acceso gratuito a la expo y festivales. Para reivindicar sus ra\u00edces e identidad vinculadas a los inmigrantes que","og_url":"https:\/\/www.radiohorizonte.fm\/radio\/2026\/09\/03\/carolina-rinde-tributo-a-sus-agricultores-en-la-42o-edicion-de-su-fiesta-provincial\/","og_site_name":"Horizonte","article_publisher":"http:\/\/www.facebook.com\/HORIZONTE106.1","article_published_time":"2026-09-03T10:00:00+00:00","article_modified_time":"2026-09-03T10:38:10+00:00","og_image":[{"width":2560,"height":1707,"url":"http:\/\/www.radiohorizonte.fm\/radio\/wp-content\/uploads\/2026\/09\/imagen-112000-scaled.jpg","type":"image\/jpeg"}],"author":"Cristian Galarza","twitter_card":"summary_large_image","twitter_creator":"@fmhorizonte1061","twitter_site":"@fmhorizonte1061","twitter_misc":{"Escrito por":"Cristian Galarza","Tiempo de lectura":"4 minutos"},"schema":{"@context":"https:\/\/schema.org","@graph":[{"@type":"Article","@id":"https:\/\/www.radiohorizonte.fm\/radio\/2026\/09\/03\/carolina-rinde-tributo-a-sus-agricultores-en-la-42o-edicion-de-su-fiesta-provincial\/#article","isPartOf":{"@id":"https:\/\/www.radiohorizonte.fm\/radio\/2026\/09\/03\/carolina-rinde-tributo-a-sus-agricultores-en-la-42o-edicion-de-su-fiesta-provincial\/"},"author":{"name":"Cristian Galarza","@id":"http:\/\/www.radiohorizonte.fm\/radio\/#\/schema\/person\/f8fa003a405bb86729fd87d15d0ddafa"},"headline":"Carolina rinde tributo a sus agricultores en la 42\u00ba edici\u00f3n de su fiesta provincial","datePublished":"2026-09-03T10:00:00+00:00","dateModified":"2026-09-03T10:38:10+00:00","mainEntityOfPage":{"@id":"https:\/\/www.radiohorizonte.fm\/radio\/2026\/09\/03\/carolina-rinde-tributo-a-sus-agricultores-en-la-42o-edicion-de-su-fiesta-provincial\/"},"wordCount":564,"publisher":{"@id":"http:\/\/www.radiohorizonte.fm\/radio\/#organization"},"image":{"@id":"https:\/\/www.radiohorizonte.fm\/radio\/2026\/09\/03\/carolina-rinde-tributo-a-sus-agricultores-en-la-42o-edicion-de-su-fiesta-provincial\/#primaryimage"},"thumbnailUrl":"http:\/\/www.radiohorizonte.fm\/radio\/wp-content\/uploads\/2026\/09\/imagen-112000-scaled.jpg","articleSection":["Noticias"],"inLanguage":"es-AR"},{"@type":"WebPage","@id":"https:\/\/www.radiohorizonte.fm\/radio\/2026\/09\/03\/carolina-rinde-tributo-a-sus-agricultores-en-la-42o-edicion-de-su-fiesta-provincial\/","url":"https:\/\/www.radiohorizonte.fm\/radio\/2026\/09\/03\/carolina-rinde-tributo-a-sus-agricultores-en-la-42o-edicion-de-su-fiesta-provincial\/","name":"Carolina rinde tributo a sus agricultores en la 42\u00ba edici\u00f3n de su fiesta provincial - Horizonte","isPartOf":{"@id":"http:\/\/www.radiohorizonte.fm\/radio\/#website"},"primaryImageOfPage":{"@id":"https:\/\/www.radiohorizonte.fm\/radio\/2026\/09\/03\/carolina-rinde-tributo-a-sus-agricultores-en-la-42o-edicion-de-su-fiesta-provincial\/#primaryimage"},"image":{"@id":"https:\/\/www.radiohorizonte.fm\/radio\/2026\/09\/03\/carolina-rinde-tributo-a-sus-agricultores-en-la-42o-edicion-de-su-fiesta-provincial\/#primaryimage"},"thumbnailUrl":"http:\/\/www.radiohorizonte.fm\/radio\/wp-content\/uploads\/2026\/09\/imagen-112000-scaled.jpg","datePublished":"2026-09-03T10:00:00+00:00","dateModified":"2026-09-03T10:38:10+00:00","breadcrumb":{"@id":"https:\/\/www.radiohorizonte.fm\/radio\/2026\/09\/03\/carolina-rinde-tributo-a-sus-agricultores-en-la-42o-edicion-de-su-fiesta-provincial\/#breadcrumb"},"inLanguage":"es-AR","potentialAction":[{"@type":"ReadAction","target":["https:\/\/www.radiohorizonte.fm\/radio\/2026\/09\/03\/carolina-rinde-tributo-a-sus-agricultores-en-la-42o-edicion-de-su-fiesta-provincial\/"]}]},{"@type":"ImageObject","inLanguage":"es-AR","@id":"https:\/\/www.radiohorizonte.fm\/radio\/2026\/09\/03\/carolina-rinde-tributo-a-sus-agricultores-en-la-42o-edicion-de-su-fiesta-provincial\/#primaryimage","url":"http:\/\/www.radiohorizonte.fm\/radio\/wp-content\/uploads\/2026\/09\/imagen-112000-scaled.jpg","contentUrl":"http:\/\/www.radiohorizonte.fm\/radio\/wp-content\/uploads\/2026\/09\/imagen-112000-scaled.jpg","width":2560,"height":1707},{"@type":"BreadcrumbList","@id":"https:\/\/www.radiohorizonte.fm\/radio\/2026\/09\/03\/carolina-rinde-tributo-a-sus-agricultores-en-la-42o-edicion-de-su-fiesta-provincial\/#breadcrumb","itemListElement":[{"@type":"ListItem","position":1,"name":"Home","item":"http:\/\/www.radiohorizonte.fm\/radio\/"},{"@type":"ListItem","position":2,"name":"Carolina rinde tributo a sus agricultores en la 42\u00ba edici\u00f3n de su fiesta provincial"}]},{"@type":"WebSite","@id":"http:\/\/www.radiohorizonte.fm\/radio\/#website","url":"http:\/\/www.radiohorizonte.fm\/radio\/","name":"Horizonte","description":"Radio Horizonte 106.1 - Una radio de clasicos","publisher":{"@id":"http:\/\/www.radiohorizonte.fm\/radio\/#organization"},"potentialAction":[{"@type":"SearchAction","target":{"@type":"EntryPoint","urlTemplate":"http:\/\/www.radiohorizonte.fm\/radio\/?s={search_term_string}"},"query-input":{"@type":"PropertyValueSpecification","valueRequired":true,"valueName":"search_term_string"}}],"inLanguage":"es-AR"},{"@type":"Organization","@id":"http:\/\/www.radiohorizonte.fm\/radio\/#organization","name":"Horizonte","url":"http:\/\/www.radiohorizonte.fm\/radio\/","logo":{"@type":"ImageObject","inLanguage":"es-AR","@id":"http:\/\/www.radiohorizonte.fm\/radio\/#\/schema\/logo\/image\/","url":"http:\/\/www.radiohorizonte.fm\/radio\/wp-content\/uploads\/2025\/06\/Portada-FM-Horizonte_modelo-imagen-scaled.jpg","contentUrl":"http:\/\/www.radiohorizonte.fm\/radio\/wp-content\/uploads\/2025\/06\/Portada-FM-Horizonte_modelo-imagen-scaled.jpg","width":2560,"height":1056,"caption":"Horizonte"},"image":{"@id":"http:\/\/www.radiohorizonte.fm\/radio\/#\/schema\/logo\/image\/"},"sameAs":["http:\/\/www.facebook.com\/HORIZONTE106.1","https:\/\/x.com\/fmhorizonte1061"]},{"@type":"Person","@id":"http:\/\/www.radiohorizonte.fm\/radio\/#\/schema\/person\/f8fa003a405bb86729fd87d15d0ddafa","name":"Cristian Galarza","image":{"@type":"ImageObject","inLanguage":"es-AR","@id":"https:\/\/secure.gravatar.com\/avatar\/fad34bc2c773209c05d7d53b08a69b680eeb55f3be014e52b31643d20ab65925?s=96&d=mm&r=g","url":"https:\/\/secure.gravatar.com\/avatar\/fad34bc2c773209c05d7d53b08a69b680eeb55f3be014e52b31643d20ab65925?s=96&d=mm&r=g","contentUrl":"https:\/\/secure.gravatar.com\/avatar\/fad34bc2c773209c05d7d53b08a69b680eeb55f3be014e52b31643d20ab65925?s=96&d=mm&r=g","caption":"Cristian Galarza"},"url":"http:\/\/www.radiohorizonte.fm\/radio\/author\/cristian\/"}]}},"_links":{"self":[{"href":"http:\/\/www.radiohorizonte.fm\/radio\/wp-json\/wp\/v2\/posts\/52235","targetHints":{"allow":["GET"]}}],"collection":[{"href":"http:\/\/www.radiohorizonte.fm\/radio\/wp-json\/wp\/v2\/posts"}],"about":[{"href":"http:\/\/www.radiohorizonte.fm\/radio\/wp-json\/wp\/v2\/types\/post"}],"author":[{"embeddable":true,"href":"http:\/\/www.radiohorizonte.fm\/radio\/wp-json\/wp\/v2\/users\/2"}],"replies":[{"embeddable":true,"href":"http:\/\/www.radiohorizonte.fm\/radio\/wp-json\/wp\/v2\/comments?post=52235"}],"version-history":[{"count":1,"href":"http:\/\/www.radiohorizonte.fm\/radio\/wp-json\/wp\/v2\/posts\/52235\/revisions"}],"predecessor-version":[{"id":52238,"href":"http:\/\/www.radiohorizonte.fm\/radio\/wp-json\/wp\/v2\/posts\/52235\/revisions\/52238"}],"wp:featuredmedia":[{"embeddable":true,"href":"http:\/\/www.radiohorizonte.fm\/radio\/wp-json\/wp\/v2\/media\/52236"}],"wp:attachment":[{"href":"http:\/\/www.radiohorizonte.fm\/radio\/wp-json\/wp\/v2\/media?parent=52235"}],"wp:term":[{"taxonomy":"category","embeddable":true,"href":"http:\/\/www.radiohorizonte.fm\/radio\/wp-json\/wp\/v2\/categories?post=52235"},{"taxonomy":"post_tag","embeddable":true,"href":"http:\/\/www.radiohorizonte.fm\/radio\/wp-json\/wp\/v2\/tags?post=52235"}],"curies":[{"name":"wp","href":"https:\/\/api.w.org\/{rel}","templated":true}]}}