{"id":52245,"date":"2026-09-04T07:37:16","date_gmt":"2026-09-04T10:37:16","guid":{"rendered":"https:\/\/www.radiohorizonte.fm\/radio\/?p=52245"},"modified":"2026-09-04T07:38:19","modified_gmt":"2026-09-04T10:38:19","slug":"milei-enviara-un-paquete-de-proyectos-para-resguardar-la-soberania-en-malvinas","status":"publish","type":"post","link":"http:\/\/www.radiohorizonte.fm\/radio\/2026\/09\/04\/milei-enviara-un-paquete-de-proyectos-para-resguardar-la-soberania-en-malvinas\/","title":{"rendered":"Milei enviar\u00e1 un paquete de proyectos para resguardar la soberan\u00eda en Malvinas"},"content":{"rendered":"\n<p class=\"wp-block-paragraph\">As\u00ed lo anunci\u00f3 el presidente anoche en cadena nacional. Estuvo acompa\u00f1ado por todo el gabinete al momento del discurso.<\/p>\n\n\n\n<p class=\"wp-block-paragraph\"><\/p>\n\n\n\n<figure class=\"wp-block-image size-full\"><img loading=\"lazy\" decoding=\"async\" width=\"790\" height=\"388\" src=\"https:\/\/www.radiohorizonte.fm\/radio\/wp-content\/uploads\/2026\/09\/85389w790h388c.jpg.webp\" alt=\"\" class=\"wp-image-52246\" srcset=\"http:\/\/www.radiohorizonte.fm\/radio\/wp-content\/uploads\/2026\/09\/85389w790h388c.jpg.webp 790w, http:\/\/www.radiohorizonte.fm\/radio\/wp-content\/uploads\/2026\/09\/85389w790h388c.jpg-300x147.webp 300w, http:\/\/www.radiohorizonte.fm\/radio\/wp-content\/uploads\/2026\/09\/85389w790h388c.jpg-768x377.webp 768w, http:\/\/www.radiohorizonte.fm\/radio\/wp-content\/uploads\/2026\/09\/85389w790h388c.jpg-640x314.webp 640w\" sizes=\"auto, (max-width: 790px) 100vw, 790px\" \/><\/figure>\n\n\n\n<p class=\"wp-block-paragraph\">El presidente Javier Milei anunci\u00f3 anoche, en cadena nacional, que enviar\u00e1 al Congreso un paquete de proyectos para resguardar la soberan\u00eda en las islas Malvinas.<\/p>\n\n\n\n<p class=\"wp-block-paragraph\">Adem\u00e1s, adelant\u00f3 la creaci\u00f3n de una base naval para resguardar la soberan\u00eda en la regi\u00f3n en Tierra del Fuego.<\/p>\n\n\n\n<p class=\"wp-block-paragraph\">Tambi\u00e9n un proyecto de ley para endurecer sanciones a empresas extranjeras que operan en el teritorio.<\/p>\n\n\n\n<p class=\"wp-block-paragraph\">&#8220;Las Malvinas son argentinas por historia y por derecho, no hay discusi\u00f3n al respecto&#8221;, indic\u00f3 Javier Milei al iniciar su comunicado.<\/p>\n\n\n\n<p class=\"wp-block-paragraph\">&#8220;Por eso, no alcanza con sostener nuestro reclamo: el Estado argentino tiene la obligaci\u00f3n de utilizar todas las herramientas diplom\u00e1ticas, econ\u00f3micas, judiciales y legales disponibles para defender nuestra soberan\u00eda y nuestros recursos&#8221;, indic\u00f3.<\/p>\n\n\n\n<p class=\"wp-block-paragraph\">&#8220;Eso exige leyes adecuadas, organismos del Estado coordinados y herramientas efectivas para avanzar en un objetivo que trasciende a cualquier gobierno&#8221;.<\/p>\n\n\n\n<p class=\"wp-block-paragraph\">&#8220;Por eso, no alcanza con sostener nuestro reclamo: el Estado argentino tiene la obligaci\u00f3n de utilizar todas las herramientas diplom\u00e1ticas, econ\u00f3micas, judiciales y legales disponibles para defender nuestra soberan\u00eda y nuestros recursos&#8221;, precis\u00f3 el presidente.<\/p>\n\n\n\n<p class=\"wp-block-paragraph\">&#8220;Eso exige leyes adecuadas, organismos del Estado coordinados y herramientas efectivas para avanzar en un objetivo que trasciende a cualquier gobierno&#8221;, agreg\u00f3.<\/p>\n\n\n\n<p class=\"wp-block-paragraph\">En su mensaje, el jefe de Estado nacional advirti\u00f3 que, desde hace 50 a\u00f1os, las Naciones Unidas solicitan a la Argentina y al Reino Unido no realizar acciones unilaterales sobre el territorio mientras se resuelve la controversia de soberan\u00eda, incluyendo la explotaci\u00f3n de sus recursos naturales. A pesar de eso, agreg\u00f3, &#8220;el proyecto Sea Lion implica algo especialmente grave que no hab\u00eda sucedido nunca: la extracci\u00f3n de un recurso no renovable que pertenece a los argentinos&#8221;. &#8220;Si no actuamos, en pocos meses tendr\u00e1n la capacidad material de apropiarse de las reservas de petr\u00f3leo que yacen bajo nuestro mar&#8221;, enfatiz\u00f3 Milei.<\/p>\n\n\n\n<p class=\"wp-block-paragraph\">&#8220;Adem\u00e1s, el avance de esta explotaci\u00f3n generar\u00e1 un incentivo para que el Reino Unido profundice la ocupaci\u00f3n de las Islas y contin\u00fae explotando nuestros recursos&#8221;, insisti\u00f3 en su mensaje.<\/p>\n\n\n\n<p class=\"wp-block-paragraph\">El tema Malvinas volvi\u00f3 a instalarse el 31 de agosto, cuando Donald Trump fue consultado en la Oficina Oval sobre una eventual revisi\u00f3n de la posici\u00f3n de neutralidad de Estados Unidos en la disputa de soberan\u00eda entre la Argentina y el Reino Unido. El presidente estadounidense respondi\u00f3 que revisa todas las posiciones y que esa era &#8220;solo una de muchas&#8221;, en un contexto de presiones de Washington a Londres para que incremente su inversi\u00f3n en defensa dentro de la Organizaci\u00f3n del Tratado del Atl\u00e1ntico Norte (OTAN).<\/p>\n\n\n\n<p class=\"wp-block-paragraph\">Sus dichos motivaron una respuesta del Reino Unido y de la administraci\u00f3n brit\u00e1nica de las islas, que ratificaron la soberan\u00eda brit\u00e1nica y el respaldo al derecho de autodeterminaci\u00f3n de los habitantes del archipi\u00e9lago.&nbsp;<\/p>\n\n\n\n<p class=\"wp-block-paragraph\">El debate coincidi\u00f3, adem\u00e1s, con la discusi\u00f3n en Londres sobre el acuerdo con Mauricio por el archipi\u00e9lago de Chagos, citado por la Argentina como antecedente de una controversia territorial resuelta por medios pac\u00edficos.<\/p>\n\n\n\n<p class=\"wp-block-paragraph\">La situaci\u00f3n se dio mientras avanzaba el proyecto petrolero Sea Lion, en la Cuenca Malvinas Norte. Navitas Petroleum y Rockhopper Exploration comunicaron en diciembre de 2025 la decisi\u00f3n final de inversi\u00f3n para la primera etapa del desarrollo.&nbsp;<\/p>\n\n\n\n<p class=\"wp-block-paragraph\">La Canciller\u00eda argentina rechaz\u00f3 esa iniciativa, a la que consider\u00f3 una explotaci\u00f3n unilateral de recursos en un \u00e1rea alcanzada por la disputa de soberan\u00eda.&nbsp;<\/p>\n\n\n\n<p class=\"wp-block-paragraph\">En ese escenario, Javier Milei anunci\u00f3 una cadena nacional para referirse a la cuesti\u00f3n Malvinas.<\/p>\n\n\n\n<p class=\"wp-block-paragraph\">La israel\u00ed Navitas Petroleum y la brit\u00e1nica Rockhopper Exploration avanzan en el desarrollo del yacimiento offshore Sea Lion, situado en la Cuenca Malvinas Norte, a unos 220 kil\u00f3metros al norte de las islas Malvinas y a aproximadamente 240 kil\u00f3metros de Puerto Argentino.&nbsp;<\/p>\n\n\n\n<p class=\"wp-block-paragraph\">El campo fue descubierto en 2010 por Rockhopper, que posee el 35 % del proyecto, mientras que Navitas controla el 65 por ciento.<\/p>\n\n\n\n<p class=\"wp-block-paragraph\">En diciembre de 2025, las compa\u00f1\u00edas comunicaron la decisi\u00f3n final de inversi\u00f3n para la primera fase de Sea Lion. Navitas inform\u00f3 entonces una inversi\u00f3n de USD 1.170 millones para esa etapa.&nbsp;<\/p>\n\n\n\n<p class=\"wp-block-paragraph\"><\/p>\n","protected":false},"excerpt":{"rendered":"<div class=\"post-excerpt\"><p>As\u00ed lo anunci\u00f3 el presidente anoche en cadena nacional. Estuvo acompa\u00f1ado por todo el gabinete al momento del discurso. El presidente Javier Milei anunci\u00f3 anoche, en cadena nacional, que enviar\u00e1 al Congreso un paquete de proyectos para resguardar la soberan\u00eda en las islas Malvinas. Adem\u00e1s, adelant\u00f3 la creaci\u00f3n de una base naval para resguardar la<\/p>\n<\/div>","protected":false},"author":2,"featured_media":52246,"comment_status":"closed","ping_status":"closed","sticky":false,"template":"","format":"standard","meta":{"_acf_changed":false,"footnotes":""},"categories":[2],"tags":[],"class_list":["post-52245","post","type-post","status-publish","format-standard","has-post-thumbnail","hentry","category-noticias"],"acf":[],"yoast_head":"<!-- This site is optimized with the Yoast SEO plugin v28.1 - https:\/\/yoast.com\/product\/yoast-seo-wordpress\/ -->\n<title>Milei enviar\u00e1 un paquete de proyectos para resguardar la soberan\u00eda en Malvinas - Horizonte<\/title>\n<meta name=\"robots\" content=\"index, follow, max-snippet:-1, max-image-preview:large, max-video-preview:-1\" \/>\n<link rel=\"canonical\" href=\"https:\/\/www.radiohorizonte.fm\/radio\/2026\/09\/04\/milei-enviara-un-paquete-de-proyectos-para-resguardar-la-soberania-en-malvinas\/\" \/>\n<meta property=\"og:locale\" content=\"es_ES\" \/>\n<meta property=\"og:type\" content=\"article\" \/>\n<meta property=\"og:title\" content=\"Milei enviar\u00e1 un paquete de proyectos para resguardar la soberan\u00eda en Malvinas - Horizonte\" \/>\n<meta property=\"og:description\" content=\"As\u00ed lo anunci\u00f3 el presidente anoche en cadena nacional. Estuvo acompa\u00f1ado por todo el gabinete al momento del discurso. El presidente Javier Milei anunci\u00f3 anoche, en cadena nacional, que enviar\u00e1 al Congreso un paquete de proyectos para resguardar la soberan\u00eda en las islas Malvinas. Adem\u00e1s, adelant\u00f3 la creaci\u00f3n de una base naval para resguardar la\" \/>\n<meta property=\"og:url\" content=\"https:\/\/www.radiohorizonte.fm\/radio\/2026\/09\/04\/milei-enviara-un-paquete-de-proyectos-para-resguardar-la-soberania-en-malvinas\/\" \/>\n<meta property=\"og:site_name\" content=\"Horizonte\" \/>\n<meta property=\"article:publisher\" content=\"http:\/\/www.facebook.com\/HORIZONTE106.1\" \/>\n<meta property=\"article:published_time\" content=\"2026-09-04T10:37:16+00:00\" \/>\n<meta property=\"article:modified_time\" content=\"2026-09-04T10:38:19+00:00\" \/>\n<meta property=\"og:image\" content=\"http:\/\/www.radiohorizonte.fm\/radio\/wp-content\/uploads\/2026\/09\/85389w790h388c.jpg.webp\" \/>\n\t<meta property=\"og:image:width\" content=\"790\" \/>\n\t<meta property=\"og:image:height\" content=\"388\" \/>\n\t<meta property=\"og:image:type\" content=\"image\/webp\" \/>\n<meta name=\"author\" content=\"Cristian Galarza\" \/>\n<meta name=\"twitter:card\" content=\"summary_large_image\" \/>\n<meta name=\"twitter:creator\" content=\"@fmhorizonte1061\" \/>\n<meta name=\"twitter:site\" content=\"@fmhorizonte1061\" \/>\n<meta name=\"twitter:label1\" content=\"Escrito por\" \/>\n\t<meta name=\"twitter:data1\" content=\"Cristian Galarza\" \/>\n\t<meta name=\"twitter:label2\" content=\"Tiempo de lectura\" \/>\n\t<meta name=\"twitter:data2\" content=\"4 minutos\" \/>\n<script type=\"application\/ld+json\" class=\"yoast-schema-graph\">{\"@context\":\"https:\\\/\\\/schema.org\",\"@graph\":[{\"@type\":\"Article\",\"@id\":\"https:\\\/\\\/www.radiohorizonte.fm\\\/radio\\\/2026\\\/09\\\/04\\\/milei-enviara-un-paquete-de-proyectos-para-resguardar-la-soberania-en-malvinas\\\/#article\",\"isPartOf\":{\"@id\":\"https:\\\/\\\/www.radiohorizonte.fm\\\/radio\\\/2026\\\/09\\\/04\\\/milei-enviara-un-paquete-de-proyectos-para-resguardar-la-soberania-en-malvinas\\\/\"},\"author\":{\"name\":\"Cristian Galarza\",\"@id\":\"http:\\\/\\\/www.radiohorizonte.fm\\\/radio\\\/#\\\/schema\\\/person\\\/f8fa003a405bb86729fd87d15d0ddafa\"},\"headline\":\"Milei enviar\u00e1 un paquete de proyectos para resguardar la soberan\u00eda en Malvinas\",\"datePublished\":\"2026-09-04T10:37:16+00:00\",\"dateModified\":\"2026-09-04T10:38:19+00:00\",\"mainEntityOfPage\":{\"@id\":\"https:\\\/\\\/www.radiohorizonte.fm\\\/radio\\\/2026\\\/09\\\/04\\\/milei-enviara-un-paquete-de-proyectos-para-resguardar-la-soberania-en-malvinas\\\/\"},\"wordCount\":728,\"publisher\":{\"@id\":\"http:\\\/\\\/www.radiohorizonte.fm\\\/radio\\\/#organization\"},\"image\":{\"@id\":\"https:\\\/\\\/www.radiohorizonte.fm\\\/radio\\\/2026\\\/09\\\/04\\\/milei-enviara-un-paquete-de-proyectos-para-resguardar-la-soberania-en-malvinas\\\/#primaryimage\"},\"thumbnailUrl\":\"http:\\\/\\\/www.radiohorizonte.fm\\\/radio\\\/wp-content\\\/uploads\\\/2026\\\/09\\\/85389w790h388c.jpg.webp\",\"articleSection\":[\"Noticias\"],\"inLanguage\":\"es-AR\"},{\"@type\":\"WebPage\",\"@id\":\"https:\\\/\\\/www.radiohorizonte.fm\\\/radio\\\/2026\\\/09\\\/04\\\/milei-enviara-un-paquete-de-proyectos-para-resguardar-la-soberania-en-malvinas\\\/\",\"url\":\"https:\\\/\\\/www.radiohorizonte.fm\\\/radio\\\/2026\\\/09\\\/04\\\/milei-enviara-un-paquete-de-proyectos-para-resguardar-la-soberania-en-malvinas\\\/\",\"name\":\"Milei enviar\u00e1 un paquete de proyectos para resguardar la soberan\u00eda en Malvinas - Horizonte\",\"isPartOf\":{\"@id\":\"http:\\\/\\\/www.radiohorizonte.fm\\\/radio\\\/#website\"},\"primaryImageOfPage\":{\"@id\":\"https:\\\/\\\/www.radiohorizonte.fm\\\/radio\\\/2026\\\/09\\\/04\\\/milei-enviara-un-paquete-de-proyectos-para-resguardar-la-soberania-en-malvinas\\\/#primaryimage\"},\"image\":{\"@id\":\"https:\\\/\\\/www.radiohorizonte.fm\\\/radio\\\/2026\\\/09\\\/04\\\/milei-enviara-un-paquete-de-proyectos-para-resguardar-la-soberania-en-malvinas\\\/#primaryimage\"},\"thumbnailUrl\":\"http:\\\/\\\/www.radiohorizonte.fm\\\/radio\\\/wp-content\\\/uploads\\\/2026\\\/09\\\/85389w790h388c.jpg.webp\",\"datePublished\":\"2026-09-04T10:37:16+00:00\",\"dateModified\":\"2026-09-04T10:38:19+00:00\",\"breadcrumb\":{\"@id\":\"https:\\\/\\\/www.radiohorizonte.fm\\\/radio\\\/2026\\\/09\\\/04\\\/milei-enviara-un-paquete-de-proyectos-para-resguardar-la-soberania-en-malvinas\\\/#breadcrumb\"},\"inLanguage\":\"es-AR\",\"potentialAction\":[{\"@type\":\"ReadAction\",\"target\":[\"https:\\\/\\\/www.radiohorizonte.fm\\\/radio\\\/2026\\\/09\\\/04\\\/milei-enviara-un-paquete-de-proyectos-para-resguardar-la-soberania-en-malvinas\\\/\"]}]},{\"@type\":\"ImageObject\",\"inLanguage\":\"es-AR\",\"@id\":\"https:\\\/\\\/www.radiohorizonte.fm\\\/radio\\\/2026\\\/09\\\/04\\\/milei-enviara-un-paquete-de-proyectos-para-resguardar-la-soberania-en-malvinas\\\/#primaryimage\",\"url\":\"http:\\\/\\\/www.radiohorizonte.fm\\\/radio\\\/wp-content\\\/uploads\\\/2026\\\/09\\\/85389w790h388c.jpg.webp\",\"contentUrl\":\"http:\\\/\\\/www.radiohorizonte.fm\\\/radio\\\/wp-content\\\/uploads\\\/2026\\\/09\\\/85389w790h388c.jpg.webp\",\"width\":790,\"height\":388},{\"@type\":\"BreadcrumbList\",\"@id\":\"https:\\\/\\\/www.radiohorizonte.fm\\\/radio\\\/2026\\\/09\\\/04\\\/milei-enviara-un-paquete-de-proyectos-para-resguardar-la-soberania-en-malvinas\\\/#breadcrumb\",\"itemListElement\":[{\"@type\":\"ListItem\",\"position\":1,\"name\":\"Home\",\"item\":\"http:\\\/\\\/www.radiohorizonte.fm\\\/radio\\\/\"},{\"@type\":\"ListItem\",\"position\":2,\"name\":\"Milei enviar\u00e1 un paquete de proyectos para resguardar la soberan\u00eda en Malvinas\"}]},{\"@type\":\"WebSite\",\"@id\":\"http:\\\/\\\/www.radiohorizonte.fm\\\/radio\\\/#website\",\"url\":\"http:\\\/\\\/www.radiohorizonte.fm\\\/radio\\\/\",\"name\":\"Horizonte\",\"description\":\"Radio Horizonte 106.1 - Una radio de clasicos\",\"publisher\":{\"@id\":\"http:\\\/\\\/www.radiohorizonte.fm\\\/radio\\\/#organization\"},\"potentialAction\":[{\"@type\":\"SearchAction\",\"target\":{\"@type\":\"EntryPoint\",\"urlTemplate\":\"http:\\\/\\\/www.radiohorizonte.fm\\\/radio\\\/?s={search_term_string}\"},\"query-input\":{\"@type\":\"PropertyValueSpecification\",\"valueRequired\":true,\"valueName\":\"search_term_string\"}}],\"inLanguage\":\"es-AR\"},{\"@type\":\"Organization\",\"@id\":\"http:\\\/\\\/www.radiohorizonte.fm\\\/radio\\\/#organization\",\"name\":\"Horizonte\",\"url\":\"http:\\\/\\\/www.radiohorizonte.fm\\\/radio\\\/\",\"logo\":{\"@type\":\"ImageObject\",\"inLanguage\":\"es-AR\",\"@id\":\"http:\\\/\\\/www.radiohorizonte.fm\\\/radio\\\/#\\\/schema\\\/logo\\\/image\\\/\",\"url\":\"http:\\\/\\\/www.radiohorizonte.fm\\\/radio\\\/wp-content\\\/uploads\\\/2025\\\/06\\\/Portada-FM-Horizonte_modelo-imagen-scaled.jpg\",\"contentUrl\":\"http:\\\/\\\/www.radiohorizonte.fm\\\/radio\\\/wp-content\\\/uploads\\\/2025\\\/06\\\/Portada-FM-Horizonte_modelo-imagen-scaled.jpg\",\"width\":2560,\"height\":1056,\"caption\":\"Horizonte\"},\"image\":{\"@id\":\"http:\\\/\\\/www.radiohorizonte.fm\\\/radio\\\/#\\\/schema\\\/logo\\\/image\\\/\"},\"sameAs\":[\"http:\\\/\\\/www.facebook.com\\\/HORIZONTE106.1\",\"https:\\\/\\\/x.com\\\/fmhorizonte1061\"]},{\"@type\":\"Person\",\"@id\":\"http:\\\/\\\/www.radiohorizonte.fm\\\/radio\\\/#\\\/schema\\\/person\\\/f8fa003a405bb86729fd87d15d0ddafa\",\"name\":\"Cristian Galarza\",\"image\":{\"@type\":\"ImageObject\",\"inLanguage\":\"es-AR\",\"@id\":\"https:\\\/\\\/secure.gravatar.com\\\/avatar\\\/fad34bc2c773209c05d7d53b08a69b680eeb55f3be014e52b31643d20ab65925?s=96&d=mm&r=g\",\"url\":\"https:\\\/\\\/secure.gravatar.com\\\/avatar\\\/fad34bc2c773209c05d7d53b08a69b680eeb55f3be014e52b31643d20ab65925?s=96&d=mm&r=g\",\"contentUrl\":\"https:\\\/\\\/secure.gravatar.com\\\/avatar\\\/fad34bc2c773209c05d7d53b08a69b680eeb55f3be014e52b31643d20ab65925?s=96&d=mm&r=g\",\"caption\":\"Cristian Galarza\"},\"url\":\"http:\\\/\\\/www.radiohorizonte.fm\\\/radio\\\/author\\\/cristian\\\/\"}]}<\/script>\n<!-- \/ Yoast SEO plugin. -->","yoast_head_json":{"title":"Milei enviar\u00e1 un paquete de proyectos para resguardar la soberan\u00eda en Malvinas - Horizonte","robots":{"index":"index","follow":"follow","max-snippet":"max-snippet:-1","max-image-preview":"max-image-preview:large","max-video-preview":"max-video-preview:-1"},"canonical":"https:\/\/www.radiohorizonte.fm\/radio\/2026\/09\/04\/milei-enviara-un-paquete-de-proyectos-para-resguardar-la-soberania-en-malvinas\/","og_locale":"es_ES","og_type":"article","og_title":"Milei enviar\u00e1 un paquete de proyectos para resguardar la soberan\u00eda en Malvinas - Horizonte","og_description":"As\u00ed lo anunci\u00f3 el presidente anoche en cadena nacional. Estuvo acompa\u00f1ado por todo el gabinete al momento del discurso. El presidente Javier Milei anunci\u00f3 anoche, en cadena nacional, que enviar\u00e1 al Congreso un paquete de proyectos para resguardar la soberan\u00eda en las islas Malvinas. Adem\u00e1s, adelant\u00f3 la creaci\u00f3n de una base naval para resguardar la","og_url":"https:\/\/www.radiohorizonte.fm\/radio\/2026\/09\/04\/milei-enviara-un-paquete-de-proyectos-para-resguardar-la-soberania-en-malvinas\/","og_site_name":"Horizonte","article_publisher":"http:\/\/www.facebook.com\/HORIZONTE106.1","article_published_time":"2026-09-04T10:37:16+00:00","article_modified_time":"2026-09-04T10:38:19+00:00","og_image":[{"width":790,"height":388,"url":"http:\/\/www.radiohorizonte.fm\/radio\/wp-content\/uploads\/2026\/09\/85389w790h388c.jpg.webp","type":"image\/webp"}],"author":"Cristian Galarza","twitter_card":"summary_large_image","twitter_creator":"@fmhorizonte1061","twitter_site":"@fmhorizonte1061","twitter_misc":{"Escrito por":"Cristian Galarza","Tiempo de lectura":"4 minutos"},"schema":{"@context":"https:\/\/schema.org","@graph":[{"@type":"Article","@id":"https:\/\/www.radiohorizonte.fm\/radio\/2026\/09\/04\/milei-enviara-un-paquete-de-proyectos-para-resguardar-la-soberania-en-malvinas\/#article","isPartOf":{"@id":"https:\/\/www.radiohorizonte.fm\/radio\/2026\/09\/04\/milei-enviara-un-paquete-de-proyectos-para-resguardar-la-soberania-en-malvinas\/"},"author":{"name":"Cristian Galarza","@id":"http:\/\/www.radiohorizonte.fm\/radio\/#\/schema\/person\/f8fa003a405bb86729fd87d15d0ddafa"},"headline":"Milei enviar\u00e1 un paquete de proyectos para resguardar la soberan\u00eda en Malvinas","datePublished":"2026-09-04T10:37:16+00:00","dateModified":"2026-09-04T10:38:19+00:00","mainEntityOfPage":{"@id":"https:\/\/www.radiohorizonte.fm\/radio\/2026\/09\/04\/milei-enviara-un-paquete-de-proyectos-para-resguardar-la-soberania-en-malvinas\/"},"wordCount":728,"publisher":{"@id":"http:\/\/www.radiohorizonte.fm\/radio\/#organization"},"image":{"@id":"https:\/\/www.radiohorizonte.fm\/radio\/2026\/09\/04\/milei-enviara-un-paquete-de-proyectos-para-resguardar-la-soberania-en-malvinas\/#primaryimage"},"thumbnailUrl":"http:\/\/www.radiohorizonte.fm\/radio\/wp-content\/uploads\/2026\/09\/85389w790h388c.jpg.webp","articleSection":["Noticias"],"inLanguage":"es-AR"},{"@type":"WebPage","@id":"https:\/\/www.radiohorizonte.fm\/radio\/2026\/09\/04\/milei-enviara-un-paquete-de-proyectos-para-resguardar-la-soberania-en-malvinas\/","url":"https:\/\/www.radiohorizonte.fm\/radio\/2026\/09\/04\/milei-enviara-un-paquete-de-proyectos-para-resguardar-la-soberania-en-malvinas\/","name":"Milei enviar\u00e1 un paquete de proyectos para resguardar la soberan\u00eda en Malvinas - Horizonte","isPartOf":{"@id":"http:\/\/www.radiohorizonte.fm\/radio\/#website"},"primaryImageOfPage":{"@id":"https:\/\/www.radiohorizonte.fm\/radio\/2026\/09\/04\/milei-enviara-un-paquete-de-proyectos-para-resguardar-la-soberania-en-malvinas\/#primaryimage"},"image":{"@id":"https:\/\/www.radiohorizonte.fm\/radio\/2026\/09\/04\/milei-enviara-un-paquete-de-proyectos-para-resguardar-la-soberania-en-malvinas\/#primaryimage"},"thumbnailUrl":"http:\/\/www.radiohorizonte.fm\/radio\/wp-content\/uploads\/2026\/09\/85389w790h388c.jpg.webp","datePublished":"2026-09-04T10:37:16+00:00","dateModified":"2026-09-04T10:38:19+00:00","breadcrumb":{"@id":"https:\/\/www.radiohorizonte.fm\/radio\/2026\/09\/04\/milei-enviara-un-paquete-de-proyectos-para-resguardar-la-soberania-en-malvinas\/#breadcrumb"},"inLanguage":"es-AR","potentialAction":[{"@type":"ReadAction","target":["https:\/\/www.radiohorizonte.fm\/radio\/2026\/09\/04\/milei-enviara-un-paquete-de-proyectos-para-resguardar-la-soberania-en-malvinas\/"]}]},{"@type":"ImageObject","inLanguage":"es-AR","@id":"https:\/\/www.radiohorizonte.fm\/radio\/2026\/09\/04\/milei-enviara-un-paquete-de-proyectos-para-resguardar-la-soberania-en-malvinas\/#primaryimage","url":"http:\/\/www.radiohorizonte.fm\/radio\/wp-content\/uploads\/2026\/09\/85389w790h388c.jpg.webp","contentUrl":"http:\/\/www.radiohorizonte.fm\/radio\/wp-content\/uploads\/2026\/09\/85389w790h388c.jpg.webp","width":790,"height":388},{"@type":"BreadcrumbList","@id":"https:\/\/www.radiohorizonte.fm\/radio\/2026\/09\/04\/milei-enviara-un-paquete-de-proyectos-para-resguardar-la-soberania-en-malvinas\/#breadcrumb","itemListElement":[{"@type":"ListItem","position":1,"name":"Home","item":"http:\/\/www.radiohorizonte.fm\/radio\/"},{"@type":"ListItem","position":2,"name":"Milei enviar\u00e1 un paquete de proyectos para resguardar la soberan\u00eda en Malvinas"}]},{"@type":"WebSite","@id":"http:\/\/www.radiohorizonte.fm\/radio\/#website","url":"http:\/\/www.radiohorizonte.fm\/radio\/","name":"Horizonte","description":"Radio Horizonte 106.1 - Una radio de clasicos","publisher":{"@id":"http:\/\/www.radiohorizonte.fm\/radio\/#organization"},"potentialAction":[{"@type":"SearchAction","target":{"@type":"EntryPoint","urlTemplate":"http:\/\/www.radiohorizonte.fm\/radio\/?s={search_term_string}"},"query-input":{"@type":"PropertyValueSpecification","valueRequired":true,"valueName":"search_term_string"}}],"inLanguage":"es-AR"},{"@type":"Organization","@id":"http:\/\/www.radiohorizonte.fm\/radio\/#organization","name":"Horizonte","url":"http:\/\/www.radiohorizonte.fm\/radio\/","logo":{"@type":"ImageObject","inLanguage":"es-AR","@id":"http:\/\/www.radiohorizonte.fm\/radio\/#\/schema\/logo\/image\/","url":"http:\/\/www.radiohorizonte.fm\/radio\/wp-content\/uploads\/2025\/06\/Portada-FM-Horizonte_modelo-imagen-scaled.jpg","contentUrl":"http:\/\/www.radiohorizonte.fm\/radio\/wp-content\/uploads\/2025\/06\/Portada-FM-Horizonte_modelo-imagen-scaled.jpg","width":2560,"height":1056,"caption":"Horizonte"},"image":{"@id":"http:\/\/www.radiohorizonte.fm\/radio\/#\/schema\/logo\/image\/"},"sameAs":["http:\/\/www.facebook.com\/HORIZONTE106.1","https:\/\/x.com\/fmhorizonte1061"]},{"@type":"Person","@id":"http:\/\/www.radiohorizonte.fm\/radio\/#\/schema\/person\/f8fa003a405bb86729fd87d15d0ddafa","name":"Cristian Galarza","image":{"@type":"ImageObject","inLanguage":"es-AR","@id":"https:\/\/secure.gravatar.com\/avatar\/fad34bc2c773209c05d7d53b08a69b680eeb55f3be014e52b31643d20ab65925?s=96&d=mm&r=g","url":"https:\/\/secure.gravatar.com\/avatar\/fad34bc2c773209c05d7d53b08a69b680eeb55f3be014e52b31643d20ab65925?s=96&d=mm&r=g","contentUrl":"https:\/\/secure.gravatar.com\/avatar\/fad34bc2c773209c05d7d53b08a69b680eeb55f3be014e52b31643d20ab65925?s=96&d=mm&r=g","caption":"Cristian Galarza"},"url":"http:\/\/www.radiohorizonte.fm\/radio\/author\/cristian\/"}]}},"_links":{"self":[{"href":"http:\/\/www.radiohorizonte.fm\/radio\/wp-json\/wp\/v2\/posts\/52245","targetHints":{"allow":["GET"]}}],"collection":[{"href":"http:\/\/www.radiohorizonte.fm\/radio\/wp-json\/wp\/v2\/posts"}],"about":[{"href":"http:\/\/www.radiohorizonte.fm\/radio\/wp-json\/wp\/v2\/types\/post"}],"author":[{"embeddable":true,"href":"http:\/\/www.radiohorizonte.fm\/radio\/wp-json\/wp\/v2\/users\/2"}],"replies":[{"embeddable":true,"href":"http:\/\/www.radiohorizonte.fm\/radio\/wp-json\/wp\/v2\/comments?post=52245"}],"version-history":[{"count":2,"href":"http:\/\/www.radiohorizonte.fm\/radio\/wp-json\/wp\/v2\/posts\/52245\/revisions"}],"predecessor-version":[{"id":52249,"href":"http:\/\/www.radiohorizonte.fm\/radio\/wp-json\/wp\/v2\/posts\/52245\/revisions\/52249"}],"wp:featuredmedia":[{"embeddable":true,"href":"http:\/\/www.radiohorizonte.fm\/radio\/wp-json\/wp\/v2\/media\/52246"}],"wp:attachment":[{"href":"http:\/\/www.radiohorizonte.fm\/radio\/wp-json\/wp\/v2\/media?parent=52245"}],"wp:term":[{"taxonomy":"category","embeddable":true,"href":"http:\/\/www.radiohorizonte.fm\/radio\/wp-json\/wp\/v2\/categories?post=52245"},{"taxonomy":"post_tag","embeddable":true,"href":"http:\/\/www.radiohorizonte.fm\/radio\/wp-json\/wp\/v2\/tags?post=52245"}],"curies":[{"name":"wp","href":"https:\/\/api.w.org\/{rel}","templated":true}]}}