{"id":52250,"date":"2026-09-04T07:45:50","date_gmt":"2026-09-04T10:45:50","guid":{"rendered":"https:\/\/www.radiohorizonte.fm\/radio\/?p=52250"},"modified":"2026-09-04T07:45:52","modified_gmt":"2026-09-04T10:45:52","slug":"se-declaro-la-quiebra-de-carsa-s-a-la-empresa-controlante-de-musimundo","status":"publish","type":"post","link":"http:\/\/www.radiohorizonte.fm\/radio\/2026\/09\/04\/se-declaro-la-quiebra-de-carsa-s-a-la-empresa-controlante-de-musimundo\/","title":{"rendered":"Se declar\u00f3 la quiebra de Carsa S.A., la empresa controlante de Musimundo"},"content":{"rendered":"\n<p class=\"wp-block-paragraph\">El deterioro financiero y la imposibilidad de sostener el proceso concursal estuvieron atados a recientes hechos como el cierre de 20 sucursales de Musimundo en Chaco, Formosa, Corrientes y Misiones, que implicaron el despido de un centenar de trabajadores.<\/p>\n\n\n\n<figure class=\"wp-block-image size-full\"><img loading=\"lazy\" decoding=\"async\" width=\"980\" height=\"551\" src=\"https:\/\/www.radiohorizonte.fm\/radio\/wp-content\/uploads\/2026\/09\/GFRTSYZXGY2DSOBVGQ3TOYTBGE.jpg\" alt=\"\" class=\"wp-image-52251\" srcset=\"http:\/\/www.radiohorizonte.fm\/radio\/wp-content\/uploads\/2026\/09\/GFRTSYZXGY2DSOBVGQ3TOYTBGE.jpg 980w, http:\/\/www.radiohorizonte.fm\/radio\/wp-content\/uploads\/2026\/09\/GFRTSYZXGY2DSOBVGQ3TOYTBGE-300x169.jpg 300w, http:\/\/www.radiohorizonte.fm\/radio\/wp-content\/uploads\/2026\/09\/GFRTSYZXGY2DSOBVGQ3TOYTBGE-768x432.jpg 768w, http:\/\/www.radiohorizonte.fm\/radio\/wp-content\/uploads\/2026\/09\/GFRTSYZXGY2DSOBVGQ3TOYTBGE-640x360.jpg 640w\" sizes=\"auto, (max-width: 980px) 100vw, 980px\" \/><\/figure>\n\n\n\n<p class=\"wp-block-paragraph\"><br>La Justicia decret\u00f3 la quiebra de\u00a0<strong>Carsa S.A<\/strong>., firma controlante de la cadena de venta de electrodom\u00e9sticos<strong>Musimundo<\/strong>, y dej\u00f3 sin efecto la apertura del concurso preventivo que la empresa hab\u00eda obtenido en julio, en una resoluci\u00f3n que reencauz\u00f3 el expediente bajo la figura de quiebra despu\u00e9s de un proceso atravesado por cierres de sucursales, una venta frustrada y un deterioro financiero que ya hab\u00eda derivado en una reestructuraci\u00f3n similar en 2018.<\/p>\n\n\n\n<p class=\"wp-block-paragraph\">La decisi\u00f3n fue adoptada el 2 de septiembre de 2026 por el Juzgado Civil y Comercial N\u00b0 23 de\u00a0<strong>Resistencia<\/strong>, a cargo de\u00a0<strong>Fernando Luis Lavenas<\/strong>, en el expediente \u201c<strong>CARSA S.A. s\/ Concurso Preventivo<\/strong>\u201d. Seg\u00fan inform\u00f3 la propia compa\u00f1\u00eda en un hecho relevante remitido a la\u00a0<strong>Comisi\u00f3n Nacional de Valores (CNV)<\/strong>, el tribunal\u00a0<strong>revoc\u00f3 la resoluci\u00f3n de apertura del concurso preventivo<\/strong>\u00a0del 17 de julio y\u00a0<strong>decret\u00f3 la quiebra de<\/strong>\u00a0la firma.<\/p>\n\n\n\n<h2 class=\"wp-block-heading\">Cierre de sucursales y venta fallida<\/h2>\n\n\n\n<p class=\"wp-block-paragraph\">Antes de que se decretara la quiebra, el caso ya ven\u00eda acompa\u00f1ado por se\u00f1ales de deterioro operativo.&nbsp;<strong>Musimundo<\/strong>, controlada por&nbsp;<strong>Carsa S.A.<\/strong>, hab\u00eda cerrado&nbsp;<strong>20 sucursales<\/strong>&nbsp;en el nordeste del pa\u00eds, en provincias como&nbsp;<strong>Chaco<\/strong>,&nbsp;<strong>Formosa<\/strong>,&nbsp;<strong>Corrientes<\/strong>&nbsp;y&nbsp;<strong>Misiones<\/strong>, en un contexto marcado por la ca\u00edda del consumo, el avance del comercio electr\u00f3nico y la crisis interna de la compa\u00f1\u00eda.<\/p>\n\n\n\n<p class=\"wp-block-paragraph\">Fuentes cercanas a la empresa se\u00f1alaron que la firma buscaba ordenar sus pasivos dentro del concurso preventivo y que los cierres alcanzaban locales considerados duplicados, es decir, plazas en las que la marca ten\u00eda m\u00e1s de un punto de venta. Allegados a la sociedad estimaban que la medida hab\u00eda dejado\u00a0<strong>m\u00e1s de 100 puestos de trabajo<\/strong>\u00a0afectados.<\/p>\n\n\n\n<p class=\"wp-block-paragraph\">En las semanas previas a la presentaci\u00f3n concursal, hab\u00eda comenzado una negociaci\u00f3n para una posible venta de\u00a0<strong>Musimundo<\/strong>\u00a0a los propietarios de\u00a0<strong>On City<\/strong>, la cadena surgida del recambio de marca de locales operados por Electr\u00f3nica Megatone. Sin embargo, esa operaci\u00f3n no prosper\u00f3.<\/p>\n\n\n\n<p class=\"wp-block-paragraph\"><\/p>\n\n\n\n<h2 class=\"wp-block-heading\">De concurso preventivo a quiebra<\/h2>\n\n\n\n<p class=\"wp-block-paragraph\">A partir de la resoluci\u00f3n, las actuaciones fueron recaratuladas como \u201c<strong>CARSA S.A. s\/ Quiebra<\/strong>\u201d, lo que implic\u00f3 un cambio de escenario judicial para la compa\u00f1\u00eda. En su comunicaci\u00f3n al mercado, la firma precis\u00f3 que la medida fue tomada en el marco de la intervenci\u00f3n de la sindicatura sobre un plan de reducci\u00f3n de estructura presentado por la sociedad.<\/p>\n\n\n\n<p class=\"wp-block-paragraph\">Ese plan hab\u00eda sido aprobado por el directorio el&nbsp;<strong>26 de agosto de 2026<\/strong>, despu\u00e9s del cierre de sucursales y del fracaso de una operaci\u00f3n para transferir&nbsp;<strong>45 sucursales<\/strong>, que tambi\u00e9n hab\u00eda sido autorizada previamente por la empresa.<\/p>\n\n\n\n<p class=\"wp-block-paragraph\">De acuerdo con el comunicado, el magistrado entendi\u00f3 que estaban dados \u201c<strong>hechos reveladores del estado de cesaci\u00f3n de pagos<\/strong>\u201d en los t\u00e9rminos del art\u00edculo 79, inciso 4\u00b0, de la Ley de Concursos y Quiebras. Sobre esa base, consider\u00f3 inviable la continuidad del concurso preventivo.<\/p>\n\n\n\n<p class=\"wp-block-paragraph\">En forma indirecta, la empresa inform\u00f3 que la resoluci\u00f3n judicial vincul\u00f3 la quiebra con el deterioro de su situaci\u00f3n financiera y con la imposibilidad de sostener el proceso concursal en las condiciones en que ven\u00eda tramitando.<\/p>\n\n\n\n<h2 class=\"wp-block-heading\">El antecedente<\/h2>\n\n\n\n<p class=\"wp-block-paragraph\"><strong>Carsa S.A.<\/strong>&nbsp;ya hab\u00eda recurrido al concurso de acreedores en&nbsp;<strong>junio de 2018<\/strong>, cuando declar\u00f3 una deuda de&nbsp;<strong>900 millones de pesos<\/strong>. Adem\u00e1s, a fines de mayo de 2026 la firma registraba pasivos bancarios por unos&nbsp;<strong>3.060 millones de pesos<\/strong>, con el&nbsp;<strong>Banco Naci\u00f3n<\/strong>&nbsp;como principal acreedor por cerca de&nbsp;<strong>1.549 millones de pesos<\/strong>. La deuda concursal ascend\u00eda a&nbsp;<strong>63.500 millones de pesos<\/strong>.<\/p>\n\n\n\n<p class=\"wp-block-paragraph\">La decisi\u00f3n de presentarse otra vez en concurso preventivo no respond\u00eda a un incumplimiento bancario inmediato, sino al intento de reordenar el conjunto de las obligaciones de la compa\u00f1\u00eda en un escenario de presi\u00f3n financiera.<\/p>\n\n\n\n<p class=\"wp-block-paragraph\">El tribunal dispuso adem\u00e1s la continuidad de la sindicatura ya designada en el expediente, a cargo del&nbsp;<strong>Estudio Contable Ben\u00edtez<\/strong>, integrado por&nbsp;<strong>Jos\u00e9 Valent\u00edn Ben\u00edtez<\/strong>,&nbsp;<strong>Jos\u00e9 Nicol\u00e1s Ben\u00edtez<\/strong>&nbsp;y&nbsp;<strong>Cynthia Bernard<\/strong>.<\/p>\n\n\n\n<p class=\"wp-block-paragraph\">Tambi\u00e9n se mantuvieron las fechas ya establecidas para las pr\u00f3ximas etapas del proceso. La presentaci\u00f3n de pedidos de verificaci\u00f3n de cr\u00e9ditos ante la sindicatura podr\u00e1 realizarse hasta el\u00a0<strong>6 de noviembre de 2026<\/strong>. En tanto, el informe individual previsto en el art\u00edculo 35 de la ley deber\u00e1 presentarse el\u00a0<strong>30 de marzo de 2027<\/strong>, mientras que el informe general del art\u00edculo 39 fue fijado para el\u00a0<strong>25 de junio de 2027<\/strong>.<\/p>\n\n\n\n<p class=\"wp-block-paragraph\"><\/p>\n\n\n\n<p class=\"wp-block-paragraph\">Fuente: Infobae<\/p>\n","protected":false},"excerpt":{"rendered":"<div class=\"post-excerpt\"><p>El deterioro financiero y la imposibilidad de sostener el proceso concursal estuvieron atados a recientes hechos como el cierre de 20 sucursales de Musimundo en Chaco, Formosa, Corrientes y Misiones, que implicaron el despido de un centenar de trabajadores. La Justicia decret\u00f3 la quiebra de\u00a0Carsa S.A., firma controlante de la cadena de venta de electrodom\u00e9sticosMusimundo,<\/p>\n<\/div>","protected":false},"author":2,"featured_media":52251,"comment_status":"closed","ping_status":"closed","sticky":false,"template":"","format":"standard","meta":{"_acf_changed":false,"footnotes":""},"categories":[2],"tags":[],"class_list":["post-52250","post","type-post","status-publish","format-standard","has-post-thumbnail","hentry","category-noticias"],"acf":[],"yoast_head":"<!-- This site is optimized with the Yoast SEO plugin v28.1 - https:\/\/yoast.com\/product\/yoast-seo-wordpress\/ -->\n<title>Se declar\u00f3 la quiebra de Carsa S.A., la empresa controlante de Musimundo - Horizonte<\/title>\n<meta name=\"robots\" content=\"index, follow, max-snippet:-1, max-image-preview:large, max-video-preview:-1\" \/>\n<link rel=\"canonical\" href=\"https:\/\/www.radiohorizonte.fm\/radio\/2026\/09\/04\/se-declaro-la-quiebra-de-carsa-s-a-la-empresa-controlante-de-musimundo\/\" \/>\n<meta property=\"og:locale\" content=\"es_ES\" \/>\n<meta property=\"og:type\" content=\"article\" \/>\n<meta property=\"og:title\" content=\"Se declar\u00f3 la quiebra de Carsa S.A., la empresa controlante de Musimundo - Horizonte\" \/>\n<meta property=\"og:description\" content=\"El deterioro financiero y la imposibilidad de sostener el proceso concursal estuvieron atados a recientes hechos como el cierre de 20 sucursales de Musimundo en Chaco, Formosa, Corrientes y Misiones, que implicaron el despido de un centenar de trabajadores. La Justicia decret\u00f3 la quiebra de\u00a0Carsa S.A., firma controlante de la cadena de venta de electrodom\u00e9sticosMusimundo,\" \/>\n<meta property=\"og:url\" content=\"https:\/\/www.radiohorizonte.fm\/radio\/2026\/09\/04\/se-declaro-la-quiebra-de-carsa-s-a-la-empresa-controlante-de-musimundo\/\" \/>\n<meta property=\"og:site_name\" content=\"Horizonte\" \/>\n<meta property=\"article:publisher\" content=\"http:\/\/www.facebook.com\/HORIZONTE106.1\" \/>\n<meta property=\"article:published_time\" content=\"2026-09-04T10:45:50+00:00\" \/>\n<meta property=\"article:modified_time\" content=\"2026-09-04T10:45:52+00:00\" \/>\n<meta property=\"og:image\" content=\"http:\/\/www.radiohorizonte.fm\/radio\/wp-content\/uploads\/2026\/09\/GFRTSYZXGY2DSOBVGQ3TOYTBGE.jpg\" \/>\n\t<meta property=\"og:image:width\" content=\"980\" \/>\n\t<meta property=\"og:image:height\" content=\"551\" \/>\n\t<meta property=\"og:image:type\" content=\"image\/jpeg\" \/>\n<meta name=\"author\" content=\"Cristian Galarza\" \/>\n<meta name=\"twitter:card\" content=\"summary_large_image\" \/>\n<meta name=\"twitter:creator\" content=\"@fmhorizonte1061\" \/>\n<meta name=\"twitter:site\" content=\"@fmhorizonte1061\" \/>\n<meta name=\"twitter:label1\" content=\"Escrito por\" \/>\n\t<meta name=\"twitter:data1\" content=\"Cristian Galarza\" \/>\n\t<meta name=\"twitter:label2\" content=\"Tiempo de lectura\" \/>\n\t<meta name=\"twitter:data2\" content=\"4 minutos\" \/>\n<script type=\"application\/ld+json\" class=\"yoast-schema-graph\">{\"@context\":\"https:\\\/\\\/schema.org\",\"@graph\":[{\"@type\":\"Article\",\"@id\":\"https:\\\/\\\/www.radiohorizonte.fm\\\/radio\\\/2026\\\/09\\\/04\\\/se-declaro-la-quiebra-de-carsa-s-a-la-empresa-controlante-de-musimundo\\\/#article\",\"isPartOf\":{\"@id\":\"https:\\\/\\\/www.radiohorizonte.fm\\\/radio\\\/2026\\\/09\\\/04\\\/se-declaro-la-quiebra-de-carsa-s-a-la-empresa-controlante-de-musimundo\\\/\"},\"author\":{\"name\":\"Cristian Galarza\",\"@id\":\"http:\\\/\\\/www.radiohorizonte.fm\\\/radio\\\/#\\\/schema\\\/person\\\/f8fa003a405bb86729fd87d15d0ddafa\"},\"headline\":\"Se declar\u00f3 la quiebra de Carsa S.A., la empresa controlante de Musimundo\",\"datePublished\":\"2026-09-04T10:45:50+00:00\",\"dateModified\":\"2026-09-04T10:45:52+00:00\",\"mainEntityOfPage\":{\"@id\":\"https:\\\/\\\/www.radiohorizonte.fm\\\/radio\\\/2026\\\/09\\\/04\\\/se-declaro-la-quiebra-de-carsa-s-a-la-empresa-controlante-de-musimundo\\\/\"},\"wordCount\":814,\"publisher\":{\"@id\":\"http:\\\/\\\/www.radiohorizonte.fm\\\/radio\\\/#organization\"},\"image\":{\"@id\":\"https:\\\/\\\/www.radiohorizonte.fm\\\/radio\\\/2026\\\/09\\\/04\\\/se-declaro-la-quiebra-de-carsa-s-a-la-empresa-controlante-de-musimundo\\\/#primaryimage\"},\"thumbnailUrl\":\"http:\\\/\\\/www.radiohorizonte.fm\\\/radio\\\/wp-content\\\/uploads\\\/2026\\\/09\\\/GFRTSYZXGY2DSOBVGQ3TOYTBGE.jpg\",\"articleSection\":[\"Noticias\"],\"inLanguage\":\"es-AR\"},{\"@type\":\"WebPage\",\"@id\":\"https:\\\/\\\/www.radiohorizonte.fm\\\/radio\\\/2026\\\/09\\\/04\\\/se-declaro-la-quiebra-de-carsa-s-a-la-empresa-controlante-de-musimundo\\\/\",\"url\":\"https:\\\/\\\/www.radiohorizonte.fm\\\/radio\\\/2026\\\/09\\\/04\\\/se-declaro-la-quiebra-de-carsa-s-a-la-empresa-controlante-de-musimundo\\\/\",\"name\":\"Se declar\u00f3 la quiebra de Carsa S.A., la empresa controlante de Musimundo - Horizonte\",\"isPartOf\":{\"@id\":\"http:\\\/\\\/www.radiohorizonte.fm\\\/radio\\\/#website\"},\"primaryImageOfPage\":{\"@id\":\"https:\\\/\\\/www.radiohorizonte.fm\\\/radio\\\/2026\\\/09\\\/04\\\/se-declaro-la-quiebra-de-carsa-s-a-la-empresa-controlante-de-musimundo\\\/#primaryimage\"},\"image\":{\"@id\":\"https:\\\/\\\/www.radiohorizonte.fm\\\/radio\\\/2026\\\/09\\\/04\\\/se-declaro-la-quiebra-de-carsa-s-a-la-empresa-controlante-de-musimundo\\\/#primaryimage\"},\"thumbnailUrl\":\"http:\\\/\\\/www.radiohorizonte.fm\\\/radio\\\/wp-content\\\/uploads\\\/2026\\\/09\\\/GFRTSYZXGY2DSOBVGQ3TOYTBGE.jpg\",\"datePublished\":\"2026-09-04T10:45:50+00:00\",\"dateModified\":\"2026-09-04T10:45:52+00:00\",\"breadcrumb\":{\"@id\":\"https:\\\/\\\/www.radiohorizonte.fm\\\/radio\\\/2026\\\/09\\\/04\\\/se-declaro-la-quiebra-de-carsa-s-a-la-empresa-controlante-de-musimundo\\\/#breadcrumb\"},\"inLanguage\":\"es-AR\",\"potentialAction\":[{\"@type\":\"ReadAction\",\"target\":[\"https:\\\/\\\/www.radiohorizonte.fm\\\/radio\\\/2026\\\/09\\\/04\\\/se-declaro-la-quiebra-de-carsa-s-a-la-empresa-controlante-de-musimundo\\\/\"]}]},{\"@type\":\"ImageObject\",\"inLanguage\":\"es-AR\",\"@id\":\"https:\\\/\\\/www.radiohorizonte.fm\\\/radio\\\/2026\\\/09\\\/04\\\/se-declaro-la-quiebra-de-carsa-s-a-la-empresa-controlante-de-musimundo\\\/#primaryimage\",\"url\":\"http:\\\/\\\/www.radiohorizonte.fm\\\/radio\\\/wp-content\\\/uploads\\\/2026\\\/09\\\/GFRTSYZXGY2DSOBVGQ3TOYTBGE.jpg\",\"contentUrl\":\"http:\\\/\\\/www.radiohorizonte.fm\\\/radio\\\/wp-content\\\/uploads\\\/2026\\\/09\\\/GFRTSYZXGY2DSOBVGQ3TOYTBGE.jpg\",\"width\":980,\"height\":551},{\"@type\":\"BreadcrumbList\",\"@id\":\"https:\\\/\\\/www.radiohorizonte.fm\\\/radio\\\/2026\\\/09\\\/04\\\/se-declaro-la-quiebra-de-carsa-s-a-la-empresa-controlante-de-musimundo\\\/#breadcrumb\",\"itemListElement\":[{\"@type\":\"ListItem\",\"position\":1,\"name\":\"Home\",\"item\":\"http:\\\/\\\/www.radiohorizonte.fm\\\/radio\\\/\"},{\"@type\":\"ListItem\",\"position\":2,\"name\":\"Se declar\u00f3 la quiebra de Carsa S.A., la empresa controlante de Musimundo\"}]},{\"@type\":\"WebSite\",\"@id\":\"http:\\\/\\\/www.radiohorizonte.fm\\\/radio\\\/#website\",\"url\":\"http:\\\/\\\/www.radiohorizonte.fm\\\/radio\\\/\",\"name\":\"Horizonte\",\"description\":\"Radio Horizonte 106.1 - Una radio de clasicos\",\"publisher\":{\"@id\":\"http:\\\/\\\/www.radiohorizonte.fm\\\/radio\\\/#organization\"},\"potentialAction\":[{\"@type\":\"SearchAction\",\"target\":{\"@type\":\"EntryPoint\",\"urlTemplate\":\"http:\\\/\\\/www.radiohorizonte.fm\\\/radio\\\/?s={search_term_string}\"},\"query-input\":{\"@type\":\"PropertyValueSpecification\",\"valueRequired\":true,\"valueName\":\"search_term_string\"}}],\"inLanguage\":\"es-AR\"},{\"@type\":\"Organization\",\"@id\":\"http:\\\/\\\/www.radiohorizonte.fm\\\/radio\\\/#organization\",\"name\":\"Horizonte\",\"url\":\"http:\\\/\\\/www.radiohorizonte.fm\\\/radio\\\/\",\"logo\":{\"@type\":\"ImageObject\",\"inLanguage\":\"es-AR\",\"@id\":\"http:\\\/\\\/www.radiohorizonte.fm\\\/radio\\\/#\\\/schema\\\/logo\\\/image\\\/\",\"url\":\"http:\\\/\\\/www.radiohorizonte.fm\\\/radio\\\/wp-content\\\/uploads\\\/2025\\\/06\\\/Portada-FM-Horizonte_modelo-imagen-scaled.jpg\",\"contentUrl\":\"http:\\\/\\\/www.radiohorizonte.fm\\\/radio\\\/wp-content\\\/uploads\\\/2025\\\/06\\\/Portada-FM-Horizonte_modelo-imagen-scaled.jpg\",\"width\":2560,\"height\":1056,\"caption\":\"Horizonte\"},\"image\":{\"@id\":\"http:\\\/\\\/www.radiohorizonte.fm\\\/radio\\\/#\\\/schema\\\/logo\\\/image\\\/\"},\"sameAs\":[\"http:\\\/\\\/www.facebook.com\\\/HORIZONTE106.1\",\"https:\\\/\\\/x.com\\\/fmhorizonte1061\"]},{\"@type\":\"Person\",\"@id\":\"http:\\\/\\\/www.radiohorizonte.fm\\\/radio\\\/#\\\/schema\\\/person\\\/f8fa003a405bb86729fd87d15d0ddafa\",\"name\":\"Cristian Galarza\",\"image\":{\"@type\":\"ImageObject\",\"inLanguage\":\"es-AR\",\"@id\":\"https:\\\/\\\/secure.gravatar.com\\\/avatar\\\/fad34bc2c773209c05d7d53b08a69b680eeb55f3be014e52b31643d20ab65925?s=96&d=mm&r=g\",\"url\":\"https:\\\/\\\/secure.gravatar.com\\\/avatar\\\/fad34bc2c773209c05d7d53b08a69b680eeb55f3be014e52b31643d20ab65925?s=96&d=mm&r=g\",\"contentUrl\":\"https:\\\/\\\/secure.gravatar.com\\\/avatar\\\/fad34bc2c773209c05d7d53b08a69b680eeb55f3be014e52b31643d20ab65925?s=96&d=mm&r=g\",\"caption\":\"Cristian Galarza\"},\"url\":\"http:\\\/\\\/www.radiohorizonte.fm\\\/radio\\\/author\\\/cristian\\\/\"}]}<\/script>\n<!-- \/ Yoast SEO plugin. -->","yoast_head_json":{"title":"Se declar\u00f3 la quiebra de Carsa S.A., la empresa controlante de Musimundo - Horizonte","robots":{"index":"index","follow":"follow","max-snippet":"max-snippet:-1","max-image-preview":"max-image-preview:large","max-video-preview":"max-video-preview:-1"},"canonical":"https:\/\/www.radiohorizonte.fm\/radio\/2026\/09\/04\/se-declaro-la-quiebra-de-carsa-s-a-la-empresa-controlante-de-musimundo\/","og_locale":"es_ES","og_type":"article","og_title":"Se declar\u00f3 la quiebra de Carsa S.A., la empresa controlante de Musimundo - Horizonte","og_description":"El deterioro financiero y la imposibilidad de sostener el proceso concursal estuvieron atados a recientes hechos como el cierre de 20 sucursales de Musimundo en Chaco, Formosa, Corrientes y Misiones, que implicaron el despido de un centenar de trabajadores. La Justicia decret\u00f3 la quiebra de\u00a0Carsa S.A., firma controlante de la cadena de venta de electrodom\u00e9sticosMusimundo,","og_url":"https:\/\/www.radiohorizonte.fm\/radio\/2026\/09\/04\/se-declaro-la-quiebra-de-carsa-s-a-la-empresa-controlante-de-musimundo\/","og_site_name":"Horizonte","article_publisher":"http:\/\/www.facebook.com\/HORIZONTE106.1","article_published_time":"2026-09-04T10:45:50+00:00","article_modified_time":"2026-09-04T10:45:52+00:00","og_image":[{"width":980,"height":551,"url":"http:\/\/www.radiohorizonte.fm\/radio\/wp-content\/uploads\/2026\/09\/GFRTSYZXGY2DSOBVGQ3TOYTBGE.jpg","type":"image\/jpeg"}],"author":"Cristian Galarza","twitter_card":"summary_large_image","twitter_creator":"@fmhorizonte1061","twitter_site":"@fmhorizonte1061","twitter_misc":{"Escrito por":"Cristian Galarza","Tiempo de lectura":"4 minutos"},"schema":{"@context":"https:\/\/schema.org","@graph":[{"@type":"Article","@id":"https:\/\/www.radiohorizonte.fm\/radio\/2026\/09\/04\/se-declaro-la-quiebra-de-carsa-s-a-la-empresa-controlante-de-musimundo\/#article","isPartOf":{"@id":"https:\/\/www.radiohorizonte.fm\/radio\/2026\/09\/04\/se-declaro-la-quiebra-de-carsa-s-a-la-empresa-controlante-de-musimundo\/"},"author":{"name":"Cristian Galarza","@id":"http:\/\/www.radiohorizonte.fm\/radio\/#\/schema\/person\/f8fa003a405bb86729fd87d15d0ddafa"},"headline":"Se declar\u00f3 la quiebra de Carsa S.A., la empresa controlante de Musimundo","datePublished":"2026-09-04T10:45:50+00:00","dateModified":"2026-09-04T10:45:52+00:00","mainEntityOfPage":{"@id":"https:\/\/www.radiohorizonte.fm\/radio\/2026\/09\/04\/se-declaro-la-quiebra-de-carsa-s-a-la-empresa-controlante-de-musimundo\/"},"wordCount":814,"publisher":{"@id":"http:\/\/www.radiohorizonte.fm\/radio\/#organization"},"image":{"@id":"https:\/\/www.radiohorizonte.fm\/radio\/2026\/09\/04\/se-declaro-la-quiebra-de-carsa-s-a-la-empresa-controlante-de-musimundo\/#primaryimage"},"thumbnailUrl":"http:\/\/www.radiohorizonte.fm\/radio\/wp-content\/uploads\/2026\/09\/GFRTSYZXGY2DSOBVGQ3TOYTBGE.jpg","articleSection":["Noticias"],"inLanguage":"es-AR"},{"@type":"WebPage","@id":"https:\/\/www.radiohorizonte.fm\/radio\/2026\/09\/04\/se-declaro-la-quiebra-de-carsa-s-a-la-empresa-controlante-de-musimundo\/","url":"https:\/\/www.radiohorizonte.fm\/radio\/2026\/09\/04\/se-declaro-la-quiebra-de-carsa-s-a-la-empresa-controlante-de-musimundo\/","name":"Se declar\u00f3 la quiebra de Carsa S.A., la empresa controlante de Musimundo - Horizonte","isPartOf":{"@id":"http:\/\/www.radiohorizonte.fm\/radio\/#website"},"primaryImageOfPage":{"@id":"https:\/\/www.radiohorizonte.fm\/radio\/2026\/09\/04\/se-declaro-la-quiebra-de-carsa-s-a-la-empresa-controlante-de-musimundo\/#primaryimage"},"image":{"@id":"https:\/\/www.radiohorizonte.fm\/radio\/2026\/09\/04\/se-declaro-la-quiebra-de-carsa-s-a-la-empresa-controlante-de-musimundo\/#primaryimage"},"thumbnailUrl":"http:\/\/www.radiohorizonte.fm\/radio\/wp-content\/uploads\/2026\/09\/GFRTSYZXGY2DSOBVGQ3TOYTBGE.jpg","datePublished":"2026-09-04T10:45:50+00:00","dateModified":"2026-09-04T10:45:52+00:00","breadcrumb":{"@id":"https:\/\/www.radiohorizonte.fm\/radio\/2026\/09\/04\/se-declaro-la-quiebra-de-carsa-s-a-la-empresa-controlante-de-musimundo\/#breadcrumb"},"inLanguage":"es-AR","potentialAction":[{"@type":"ReadAction","target":["https:\/\/www.radiohorizonte.fm\/radio\/2026\/09\/04\/se-declaro-la-quiebra-de-carsa-s-a-la-empresa-controlante-de-musimundo\/"]}]},{"@type":"ImageObject","inLanguage":"es-AR","@id":"https:\/\/www.radiohorizonte.fm\/radio\/2026\/09\/04\/se-declaro-la-quiebra-de-carsa-s-a-la-empresa-controlante-de-musimundo\/#primaryimage","url":"http:\/\/www.radiohorizonte.fm\/radio\/wp-content\/uploads\/2026\/09\/GFRTSYZXGY2DSOBVGQ3TOYTBGE.jpg","contentUrl":"http:\/\/www.radiohorizonte.fm\/radio\/wp-content\/uploads\/2026\/09\/GFRTSYZXGY2DSOBVGQ3TOYTBGE.jpg","width":980,"height":551},{"@type":"BreadcrumbList","@id":"https:\/\/www.radiohorizonte.fm\/radio\/2026\/09\/04\/se-declaro-la-quiebra-de-carsa-s-a-la-empresa-controlante-de-musimundo\/#breadcrumb","itemListElement":[{"@type":"ListItem","position":1,"name":"Home","item":"http:\/\/www.radiohorizonte.fm\/radio\/"},{"@type":"ListItem","position":2,"name":"Se declar\u00f3 la quiebra de Carsa S.A., la empresa controlante de Musimundo"}]},{"@type":"WebSite","@id":"http:\/\/www.radiohorizonte.fm\/radio\/#website","url":"http:\/\/www.radiohorizonte.fm\/radio\/","name":"Horizonte","description":"Radio Horizonte 106.1 - Una radio de clasicos","publisher":{"@id":"http:\/\/www.radiohorizonte.fm\/radio\/#organization"},"potentialAction":[{"@type":"SearchAction","target":{"@type":"EntryPoint","urlTemplate":"http:\/\/www.radiohorizonte.fm\/radio\/?s={search_term_string}"},"query-input":{"@type":"PropertyValueSpecification","valueRequired":true,"valueName":"search_term_string"}}],"inLanguage":"es-AR"},{"@type":"Organization","@id":"http:\/\/www.radiohorizonte.fm\/radio\/#organization","name":"Horizonte","url":"http:\/\/www.radiohorizonte.fm\/radio\/","logo":{"@type":"ImageObject","inLanguage":"es-AR","@id":"http:\/\/www.radiohorizonte.fm\/radio\/#\/schema\/logo\/image\/","url":"http:\/\/www.radiohorizonte.fm\/radio\/wp-content\/uploads\/2025\/06\/Portada-FM-Horizonte_modelo-imagen-scaled.jpg","contentUrl":"http:\/\/www.radiohorizonte.fm\/radio\/wp-content\/uploads\/2025\/06\/Portada-FM-Horizonte_modelo-imagen-scaled.jpg","width":2560,"height":1056,"caption":"Horizonte"},"image":{"@id":"http:\/\/www.radiohorizonte.fm\/radio\/#\/schema\/logo\/image\/"},"sameAs":["http:\/\/www.facebook.com\/HORIZONTE106.1","https:\/\/x.com\/fmhorizonte1061"]},{"@type":"Person","@id":"http:\/\/www.radiohorizonte.fm\/radio\/#\/schema\/person\/f8fa003a405bb86729fd87d15d0ddafa","name":"Cristian Galarza","image":{"@type":"ImageObject","inLanguage":"es-AR","@id":"https:\/\/secure.gravatar.com\/avatar\/fad34bc2c773209c05d7d53b08a69b680eeb55f3be014e52b31643d20ab65925?s=96&d=mm&r=g","url":"https:\/\/secure.gravatar.com\/avatar\/fad34bc2c773209c05d7d53b08a69b680eeb55f3be014e52b31643d20ab65925?s=96&d=mm&r=g","contentUrl":"https:\/\/secure.gravatar.com\/avatar\/fad34bc2c773209c05d7d53b08a69b680eeb55f3be014e52b31643d20ab65925?s=96&d=mm&r=g","caption":"Cristian Galarza"},"url":"http:\/\/www.radiohorizonte.fm\/radio\/author\/cristian\/"}]}},"_links":{"self":[{"href":"http:\/\/www.radiohorizonte.fm\/radio\/wp-json\/wp\/v2\/posts\/52250","targetHints":{"allow":["GET"]}}],"collection":[{"href":"http:\/\/www.radiohorizonte.fm\/radio\/wp-json\/wp\/v2\/posts"}],"about":[{"href":"http:\/\/www.radiohorizonte.fm\/radio\/wp-json\/wp\/v2\/types\/post"}],"author":[{"embeddable":true,"href":"http:\/\/www.radiohorizonte.fm\/radio\/wp-json\/wp\/v2\/users\/2"}],"replies":[{"embeddable":true,"href":"http:\/\/www.radiohorizonte.fm\/radio\/wp-json\/wp\/v2\/comments?post=52250"}],"version-history":[{"count":1,"href":"http:\/\/www.radiohorizonte.fm\/radio\/wp-json\/wp\/v2\/posts\/52250\/revisions"}],"predecessor-version":[{"id":52252,"href":"http:\/\/www.radiohorizonte.fm\/radio\/wp-json\/wp\/v2\/posts\/52250\/revisions\/52252"}],"wp:featuredmedia":[{"embeddable":true,"href":"http:\/\/www.radiohorizonte.fm\/radio\/wp-json\/wp\/v2\/media\/52251"}],"wp:attachment":[{"href":"http:\/\/www.radiohorizonte.fm\/radio\/wp-json\/wp\/v2\/media?parent=52250"}],"wp:term":[{"taxonomy":"category","embeddable":true,"href":"http:\/\/www.radiohorizonte.fm\/radio\/wp-json\/wp\/v2\/categories?post=52250"},{"taxonomy":"post_tag","embeddable":true,"href":"http:\/\/www.radiohorizonte.fm\/radio\/wp-json\/wp\/v2\/tags?post=52250"}],"curies":[{"name":"wp","href":"https:\/\/api.w.org\/{rel}","templated":true}]}}