{"id":50871,"date":"2026-04-27T07:07:05","date_gmt":"2026-04-27T10:07:05","guid":{"rendered":"https:\/\/www.radiohorizonte.fm\/radio\/?p=50871"},"modified":"2026-04-27T07:07:06","modified_gmt":"2026-04-27T10:07:06","slug":"articulan-acciones-para-la-gestion-de-residuos-peligrosos","status":"publish","type":"post","link":"https:\/\/www.radiohorizonte.fm\/radio\/2026\/04\/27\/articulan-acciones-para-la-gestion-de-residuos-peligrosos\/","title":{"rendered":"Articulan acciones para la gesti\u00f3n de Residuos Peligrosos"},"content":{"rendered":"\n<p>Una serie de encuentros para fortalecer la gesti\u00f3n de residuos peligrosos fueron abordados en el Instituto Correntino del Agua y del Ambiente (ICAA) en diferentes reuniones con el municipio de Capital y la cartera de Salud P\u00fablica provincial.<\/p>\n\n\n\n<figure class=\"wp-block-image size-large\"><img loading=\"lazy\" decoding=\"async\" width=\"1024\" height=\"771\" src=\"https:\/\/www.radiohorizonte.fm\/radio\/wp-content\/uploads\/2026\/04\/h0r1z0nt3106-1-1024x771.jpg\" alt=\"\" class=\"wp-image-50872\" srcset=\"https:\/\/www.radiohorizonte.fm\/radio\/wp-content\/uploads\/2026\/04\/h0r1z0nt3106-1-1024x771.jpg 1024w, https:\/\/www.radiohorizonte.fm\/radio\/wp-content\/uploads\/2026\/04\/h0r1z0nt3106-1-300x226.jpg 300w, https:\/\/www.radiohorizonte.fm\/radio\/wp-content\/uploads\/2026\/04\/h0r1z0nt3106-1-768x579.jpg 768w, https:\/\/www.radiohorizonte.fm\/radio\/wp-content\/uploads\/2026\/04\/h0r1z0nt3106-1-640x482.jpg 640w, https:\/\/www.radiohorizonte.fm\/radio\/wp-content\/uploads\/2026\/04\/h0r1z0nt3106-1.jpg 1200w\" sizes=\"auto, (max-width: 1024px) 100vw, 1024px\" \/><\/figure>\n\n\n\n<p><strong>Municipalidad de Corrientes<\/strong><\/p>\n\n\n\n<p>El ICAA y la Municipalidad de la ciudad de Corrientes iniciaron la articulaci\u00f3n de acciones para fortalecer la gesti\u00f3n de residuos peligrosos promoviendo un manejo adecuado y el cumplimiento de la normativa ambiental vigente.<\/p>\n\n\n\n<p>Se busca tener un mayor control y sistematizaci\u00f3n de los procesos de manejo de este tipo de residuos con la inscripci\u00f3n al Registro Provincial de Residuos Peligrosos del ICAA, de los generadores, operadores y transportistas tanto del \u00e1mbito p\u00fablico como privado.<\/p>\n\n\n\n<p>Dicho registro es una herramienta clave para garantizar una gesti\u00f3n responsable y segura en la provincia. Permite identificar y controlar la trazabilidad en su manejo y la reducci\u00f3n de riesgos para la salud de la poblaci\u00f3n y el ambiente. Adem\u00e1s, brinda respaldo legal a las empresas, mejora su desempe\u00f1o ambiental y fortalece la transparencia en sus procesos.<\/p>\n\n\n\n<p><strong>Ministerio de Salud P\u00fablica<\/strong><\/p>\n\n\n\n<p>Asimismo, la gesti\u00f3n de residuos peligrosos que incluyen los patol\u00f3gicos, fue el tema clave tratado junto al Ministerio de Salud P\u00fablica de Corrientes, en un encuentro donde se puso en com\u00fan una agenda coordinada de acciones.<\/p>\n\n\n\n<p>El intercambio permiti\u00f3 avanzar en acuerdos y en una mirada conjunta para fortalecer un plan de actividades que optimice procesos, acompa\u00f1e el cuidado de la salud p\u00fablica y del ambiente en todo el territorio provincial.<\/p>\n\n\n\n<p>La gesti\u00f3n de residuos peligrosos en Corrientes establece la inscripci\u00f3n obligatoria de generadores, transportistas y operadores en el Registro Provincial, requiere formularios espec\u00edficos y documentaci\u00f3n, permitiendo obtener el correspondiente certificado. Aplica a establecimientos de salud, industrias y cualquier entidad que genere, transporte o trate residuos peligrosos (infecciosos, t\u00f3xicos, inflamables, etc.).<\/p>\n\n\n\n<figure class=\"wp-block-image size-large\"><img loading=\"lazy\" decoding=\"async\" width=\"1024\" height=\"768\" src=\"https:\/\/www.radiohorizonte.fm\/radio\/wp-content\/uploads\/2026\/04\/imagen-109085-1024x768.jpg\" alt=\"\" class=\"wp-image-50873\" srcset=\"https:\/\/www.radiohorizonte.fm\/radio\/wp-content\/uploads\/2026\/04\/imagen-109085-1024x768.jpg 1024w, https:\/\/www.radiohorizonte.fm\/radio\/wp-content\/uploads\/2026\/04\/imagen-109085-300x225.jpg 300w, https:\/\/www.radiohorizonte.fm\/radio\/wp-content\/uploads\/2026\/04\/imagen-109085-768x576.jpg 768w, https:\/\/www.radiohorizonte.fm\/radio\/wp-content\/uploads\/2026\/04\/imagen-109085-640x480.jpg 640w, https:\/\/www.radiohorizonte.fm\/radio\/wp-content\/uploads\/2026\/04\/imagen-109085.jpg 1440w\" sizes=\"auto, (max-width: 1024px) 100vw, 1024px\" \/><\/figure>\n","protected":false},"excerpt":{"rendered":"<div class=\"post-excerpt\"><p>Una serie de encuentros para fortalecer la gesti\u00f3n de residuos peligrosos fueron abordados en el Instituto Correntino del Agua y del Ambiente (ICAA) en diferentes reuniones con el municipio de Capital y la cartera de Salud P\u00fablica provincial. Municipalidad de Corrientes El ICAA y la Municipalidad de la ciudad de Corrientes iniciaron la articulaci\u00f3n de<\/p>\n<\/div>","protected":false},"author":2,"featured_media":50872,"comment_status":"closed","ping_status":"closed","sticky":false,"template":"","format":"standard","meta":{"_acf_changed":false,"footnotes":""},"categories":[2],"tags":[],"class_list":["post-50871","post","type-post","status-publish","format-standard","has-post-thumbnail","hentry","category-noticias"],"acf":[],"yoast_head":"<!-- This site is optimized with the Yoast SEO plugin v23.4 - https:\/\/yoast.com\/wordpress\/plugins\/seo\/ -->\n<title>Articulan acciones para la gesti\u00f3n de Residuos Peligrosos - Horizonte<\/title>\n<meta name=\"robots\" content=\"index, follow, max-snippet:-1, max-image-preview:large, max-video-preview:-1\" \/>\n<link rel=\"canonical\" href=\"https:\/\/www.radiohorizonte.fm\/radio\/2026\/04\/27\/articulan-acciones-para-la-gestion-de-residuos-peligrosos\/\" \/>\n<meta property=\"og:locale\" content=\"es_ES\" \/>\n<meta property=\"og:type\" content=\"article\" \/>\n<meta property=\"og:title\" content=\"Articulan acciones para la gesti\u00f3n de Residuos Peligrosos - Horizonte\" \/>\n<meta property=\"og:description\" content=\"Una serie de encuentros para fortalecer la gesti\u00f3n de residuos peligrosos fueron abordados en el Instituto Correntino del Agua y del Ambiente (ICAA) en diferentes reuniones con el municipio de Capital y la cartera de Salud P\u00fablica provincial. Municipalidad de Corrientes El ICAA y la Municipalidad de la ciudad de Corrientes iniciaron la articulaci\u00f3n de\" \/>\n<meta property=\"og:url\" content=\"https:\/\/www.radiohorizonte.fm\/radio\/2026\/04\/27\/articulan-acciones-para-la-gestion-de-residuos-peligrosos\/\" \/>\n<meta property=\"og:site_name\" content=\"Horizonte\" \/>\n<meta property=\"article:publisher\" content=\"http:\/\/www.facebook.com\/HORIZONTE106.1\" \/>\n<meta property=\"article:published_time\" content=\"2026-04-27T10:07:05+00:00\" \/>\n<meta property=\"article:modified_time\" content=\"2026-04-27T10:07:06+00:00\" \/>\n<meta property=\"og:image\" content=\"https:\/\/www.radiohorizonte.fm\/radio\/wp-content\/uploads\/2026\/04\/h0r1z0nt3106-1.jpg\" \/>\n\t<meta property=\"og:image:width\" content=\"1200\" \/>\n\t<meta property=\"og:image:height\" content=\"904\" \/>\n\t<meta property=\"og:image:type\" content=\"image\/jpeg\" \/>\n<meta name=\"author\" content=\"Cristian Galarza\" \/>\n<meta name=\"twitter:card\" content=\"summary_large_image\" \/>\n<meta name=\"twitter:creator\" content=\"@fmhorizonte1061\" \/>\n<meta name=\"twitter:site\" content=\"@fmhorizonte1061\" \/>\n<meta name=\"twitter:label1\" content=\"Escrito por\" \/>\n\t<meta name=\"twitter:data1\" content=\"Cristian Galarza\" \/>\n\t<meta name=\"twitter:label2\" content=\"Tiempo de lectura\" \/>\n\t<meta name=\"twitter:data2\" content=\"2 minutos\" \/>\n<script type=\"application\/ld+json\" class=\"yoast-schema-graph\">{\"@context\":\"https:\/\/schema.org\",\"@graph\":[{\"@type\":\"Article\",\"@id\":\"https:\/\/www.radiohorizonte.fm\/radio\/2026\/04\/27\/articulan-acciones-para-la-gestion-de-residuos-peligrosos\/#article\",\"isPartOf\":{\"@id\":\"https:\/\/www.radiohorizonte.fm\/radio\/2026\/04\/27\/articulan-acciones-para-la-gestion-de-residuos-peligrosos\/\"},\"author\":{\"name\":\"Cristian Galarza\",\"@id\":\"https:\/\/www.radiohorizonte.fm\/radio\/#\/schema\/person\/f8fa003a405bb86729fd87d15d0ddafa\"},\"headline\":\"Articulan acciones para la gesti\u00f3n de Residuos Peligrosos\",\"datePublished\":\"2026-04-27T10:07:05+00:00\",\"dateModified\":\"2026-04-27T10:07:06+00:00\",\"mainEntityOfPage\":{\"@id\":\"https:\/\/www.radiohorizonte.fm\/radio\/2026\/04\/27\/articulan-acciones-para-la-gestion-de-residuos-peligrosos\/\"},\"wordCount\":331,\"publisher\":{\"@id\":\"https:\/\/www.radiohorizonte.fm\/radio\/#organization\"},\"image\":{\"@id\":\"https:\/\/www.radiohorizonte.fm\/radio\/2026\/04\/27\/articulan-acciones-para-la-gestion-de-residuos-peligrosos\/#primaryimage\"},\"thumbnailUrl\":\"https:\/\/www.radiohorizonte.fm\/radio\/wp-content\/uploads\/2026\/04\/h0r1z0nt3106-1.jpg\",\"articleSection\":[\"Noticias\"],\"inLanguage\":\"es-AR\"},{\"@type\":\"WebPage\",\"@id\":\"https:\/\/www.radiohorizonte.fm\/radio\/2026\/04\/27\/articulan-acciones-para-la-gestion-de-residuos-peligrosos\/\",\"url\":\"https:\/\/www.radiohorizonte.fm\/radio\/2026\/04\/27\/articulan-acciones-para-la-gestion-de-residuos-peligrosos\/\",\"name\":\"Articulan acciones para la gesti\u00f3n de Residuos Peligrosos - Horizonte\",\"isPartOf\":{\"@id\":\"https:\/\/www.radiohorizonte.fm\/radio\/#website\"},\"primaryImageOfPage\":{\"@id\":\"https:\/\/www.radiohorizonte.fm\/radio\/2026\/04\/27\/articulan-acciones-para-la-gestion-de-residuos-peligrosos\/#primaryimage\"},\"image\":{\"@id\":\"https:\/\/www.radiohorizonte.fm\/radio\/2026\/04\/27\/articulan-acciones-para-la-gestion-de-residuos-peligrosos\/#primaryimage\"},\"thumbnailUrl\":\"https:\/\/www.radiohorizonte.fm\/radio\/wp-content\/uploads\/2026\/04\/h0r1z0nt3106-1.jpg\",\"datePublished\":\"2026-04-27T10:07:05+00:00\",\"dateModified\":\"2026-04-27T10:07:06+00:00\",\"breadcrumb\":{\"@id\":\"https:\/\/www.radiohorizonte.fm\/radio\/2026\/04\/27\/articulan-acciones-para-la-gestion-de-residuos-peligrosos\/#breadcrumb\"},\"inLanguage\":\"es-AR\",\"potentialAction\":[{\"@type\":\"ReadAction\",\"target\":[\"https:\/\/www.radiohorizonte.fm\/radio\/2026\/04\/27\/articulan-acciones-para-la-gestion-de-residuos-peligrosos\/\"]}]},{\"@type\":\"ImageObject\",\"inLanguage\":\"es-AR\",\"@id\":\"https:\/\/www.radiohorizonte.fm\/radio\/2026\/04\/27\/articulan-acciones-para-la-gestion-de-residuos-peligrosos\/#primaryimage\",\"url\":\"https:\/\/www.radiohorizonte.fm\/radio\/wp-content\/uploads\/2026\/04\/h0r1z0nt3106-1.jpg\",\"contentUrl\":\"https:\/\/www.radiohorizonte.fm\/radio\/wp-content\/uploads\/2026\/04\/h0r1z0nt3106-1.jpg\",\"width\":1200,\"height\":904},{\"@type\":\"BreadcrumbList\",\"@id\":\"https:\/\/www.radiohorizonte.fm\/radio\/2026\/04\/27\/articulan-acciones-para-la-gestion-de-residuos-peligrosos\/#breadcrumb\",\"itemListElement\":[{\"@type\":\"ListItem\",\"position\":1,\"name\":\"Home\",\"item\":\"https:\/\/www.radiohorizonte.fm\/radio\/\"},{\"@type\":\"ListItem\",\"position\":2,\"name\":\"Articulan acciones para la gesti\u00f3n de Residuos Peligrosos\"}]},{\"@type\":\"WebSite\",\"@id\":\"https:\/\/www.radiohorizonte.fm\/radio\/#website\",\"url\":\"https:\/\/www.radiohorizonte.fm\/radio\/\",\"name\":\"Horizonte\",\"description\":\"Radio Horizonte 106.1 - Una radio de clasicos\",\"publisher\":{\"@id\":\"https:\/\/www.radiohorizonte.fm\/radio\/#organization\"},\"potentialAction\":[{\"@type\":\"SearchAction\",\"target\":{\"@type\":\"EntryPoint\",\"urlTemplate\":\"https:\/\/www.radiohorizonte.fm\/radio\/?s={search_term_string}\"},\"query-input\":{\"@type\":\"PropertyValueSpecification\",\"valueRequired\":true,\"valueName\":\"search_term_string\"}}],\"inLanguage\":\"es-AR\"},{\"@type\":\"Organization\",\"@id\":\"https:\/\/www.radiohorizonte.fm\/radio\/#organization\",\"name\":\"Horizonte\",\"url\":\"https:\/\/www.radiohorizonte.fm\/radio\/\",\"logo\":{\"@type\":\"ImageObject\",\"inLanguage\":\"es-AR\",\"@id\":\"https:\/\/www.radiohorizonte.fm\/radio\/#\/schema\/logo\/image\/\",\"url\":\"https:\/\/www.radiohorizonte.fm\/radio\/wp-content\/uploads\/2025\/06\/Portada-FM-Horizonte_modelo-imagen-scaled.jpg\",\"contentUrl\":\"https:\/\/www.radiohorizonte.fm\/radio\/wp-content\/uploads\/2025\/06\/Portada-FM-Horizonte_modelo-imagen-scaled.jpg\",\"width\":2560,\"height\":1056,\"caption\":\"Horizonte\"},\"image\":{\"@id\":\"https:\/\/www.radiohorizonte.fm\/radio\/#\/schema\/logo\/image\/\"},\"sameAs\":[\"http:\/\/www.facebook.com\/HORIZONTE106.1\",\"https:\/\/x.com\/fmhorizonte1061\"]},{\"@type\":\"Person\",\"@id\":\"https:\/\/www.radiohorizonte.fm\/radio\/#\/schema\/person\/f8fa003a405bb86729fd87d15d0ddafa\",\"name\":\"Cristian Galarza\",\"image\":{\"@type\":\"ImageObject\",\"inLanguage\":\"es-AR\",\"@id\":\"https:\/\/www.radiohorizonte.fm\/radio\/#\/schema\/person\/image\/\",\"url\":\"https:\/\/secure.gravatar.com\/avatar\/fad34bc2c773209c05d7d53b08a69b680eeb55f3be014e52b31643d20ab65925?s=96&d=mm&r=g\",\"contentUrl\":\"https:\/\/secure.gravatar.com\/avatar\/fad34bc2c773209c05d7d53b08a69b680eeb55f3be014e52b31643d20ab65925?s=96&d=mm&r=g\",\"caption\":\"Cristian Galarza\"},\"url\":\"https:\/\/www.radiohorizonte.fm\/radio\/author\/cristian\/\"}]}<\/script>\n<!-- \/ Yoast SEO plugin. -->","yoast_head_json":{"title":"Articulan acciones para la gesti\u00f3n de Residuos Peligrosos - Horizonte","robots":{"index":"index","follow":"follow","max-snippet":"max-snippet:-1","max-image-preview":"max-image-preview:large","max-video-preview":"max-video-preview:-1"},"canonical":"https:\/\/www.radiohorizonte.fm\/radio\/2026\/04\/27\/articulan-acciones-para-la-gestion-de-residuos-peligrosos\/","og_locale":"es_ES","og_type":"article","og_title":"Articulan acciones para la gesti\u00f3n de Residuos Peligrosos - Horizonte","og_description":"Una serie de encuentros para fortalecer la gesti\u00f3n de residuos peligrosos fueron abordados en el Instituto Correntino del Agua y del Ambiente (ICAA) en diferentes reuniones con el municipio de Capital y la cartera de Salud P\u00fablica provincial. Municipalidad de Corrientes El ICAA y la Municipalidad de la ciudad de Corrientes iniciaron la articulaci\u00f3n de","og_url":"https:\/\/www.radiohorizonte.fm\/radio\/2026\/04\/27\/articulan-acciones-para-la-gestion-de-residuos-peligrosos\/","og_site_name":"Horizonte","article_publisher":"http:\/\/www.facebook.com\/HORIZONTE106.1","article_published_time":"2026-04-27T10:07:05+00:00","article_modified_time":"2026-04-27T10:07:06+00:00","og_image":[{"width":1200,"height":904,"url":"https:\/\/www.radiohorizonte.fm\/radio\/wp-content\/uploads\/2026\/04\/h0r1z0nt3106-1.jpg","type":"image\/jpeg"}],"author":"Cristian Galarza","twitter_card":"summary_large_image","twitter_creator":"@fmhorizonte1061","twitter_site":"@fmhorizonte1061","twitter_misc":{"Escrito por":"Cristian Galarza","Tiempo de lectura":"2 minutos"},"schema":{"@context":"https:\/\/schema.org","@graph":[{"@type":"Article","@id":"https:\/\/www.radiohorizonte.fm\/radio\/2026\/04\/27\/articulan-acciones-para-la-gestion-de-residuos-peligrosos\/#article","isPartOf":{"@id":"https:\/\/www.radiohorizonte.fm\/radio\/2026\/04\/27\/articulan-acciones-para-la-gestion-de-residuos-peligrosos\/"},"author":{"name":"Cristian Galarza","@id":"https:\/\/www.radiohorizonte.fm\/radio\/#\/schema\/person\/f8fa003a405bb86729fd87d15d0ddafa"},"headline":"Articulan acciones para la gesti\u00f3n de Residuos Peligrosos","datePublished":"2026-04-27T10:07:05+00:00","dateModified":"2026-04-27T10:07:06+00:00","mainEntityOfPage":{"@id":"https:\/\/www.radiohorizonte.fm\/radio\/2026\/04\/27\/articulan-acciones-para-la-gestion-de-residuos-peligrosos\/"},"wordCount":331,"publisher":{"@id":"https:\/\/www.radiohorizonte.fm\/radio\/#organization"},"image":{"@id":"https:\/\/www.radiohorizonte.fm\/radio\/2026\/04\/27\/articulan-acciones-para-la-gestion-de-residuos-peligrosos\/#primaryimage"},"thumbnailUrl":"https:\/\/www.radiohorizonte.fm\/radio\/wp-content\/uploads\/2026\/04\/h0r1z0nt3106-1.jpg","articleSection":["Noticias"],"inLanguage":"es-AR"},{"@type":"WebPage","@id":"https:\/\/www.radiohorizonte.fm\/radio\/2026\/04\/27\/articulan-acciones-para-la-gestion-de-residuos-peligrosos\/","url":"https:\/\/www.radiohorizonte.fm\/radio\/2026\/04\/27\/articulan-acciones-para-la-gestion-de-residuos-peligrosos\/","name":"Articulan acciones para la gesti\u00f3n de Residuos Peligrosos - Horizonte","isPartOf":{"@id":"https:\/\/www.radiohorizonte.fm\/radio\/#website"},"primaryImageOfPage":{"@id":"https:\/\/www.radiohorizonte.fm\/radio\/2026\/04\/27\/articulan-acciones-para-la-gestion-de-residuos-peligrosos\/#primaryimage"},"image":{"@id":"https:\/\/www.radiohorizonte.fm\/radio\/2026\/04\/27\/articulan-acciones-para-la-gestion-de-residuos-peligrosos\/#primaryimage"},"thumbnailUrl":"https:\/\/www.radiohorizonte.fm\/radio\/wp-content\/uploads\/2026\/04\/h0r1z0nt3106-1.jpg","datePublished":"2026-04-27T10:07:05+00:00","dateModified":"2026-04-27T10:07:06+00:00","breadcrumb":{"@id":"https:\/\/www.radiohorizonte.fm\/radio\/2026\/04\/27\/articulan-acciones-para-la-gestion-de-residuos-peligrosos\/#breadcrumb"},"inLanguage":"es-AR","potentialAction":[{"@type":"ReadAction","target":["https:\/\/www.radiohorizonte.fm\/radio\/2026\/04\/27\/articulan-acciones-para-la-gestion-de-residuos-peligrosos\/"]}]},{"@type":"ImageObject","inLanguage":"es-AR","@id":"https:\/\/www.radiohorizonte.fm\/radio\/2026\/04\/27\/articulan-acciones-para-la-gestion-de-residuos-peligrosos\/#primaryimage","url":"https:\/\/www.radiohorizonte.fm\/radio\/wp-content\/uploads\/2026\/04\/h0r1z0nt3106-1.jpg","contentUrl":"https:\/\/www.radiohorizonte.fm\/radio\/wp-content\/uploads\/2026\/04\/h0r1z0nt3106-1.jpg","width":1200,"height":904},{"@type":"BreadcrumbList","@id":"https:\/\/www.radiohorizonte.fm\/radio\/2026\/04\/27\/articulan-acciones-para-la-gestion-de-residuos-peligrosos\/#breadcrumb","itemListElement":[{"@type":"ListItem","position":1,"name":"Home","item":"https:\/\/www.radiohorizonte.fm\/radio\/"},{"@type":"ListItem","position":2,"name":"Articulan acciones para la gesti\u00f3n de Residuos Peligrosos"}]},{"@type":"WebSite","@id":"https:\/\/www.radiohorizonte.fm\/radio\/#website","url":"https:\/\/www.radiohorizonte.fm\/radio\/","name":"Horizonte","description":"Radio Horizonte 106.1 - Una radio de clasicos","publisher":{"@id":"https:\/\/www.radiohorizonte.fm\/radio\/#organization"},"potentialAction":[{"@type":"SearchAction","target":{"@type":"EntryPoint","urlTemplate":"https:\/\/www.radiohorizonte.fm\/radio\/?s={search_term_string}"},"query-input":{"@type":"PropertyValueSpecification","valueRequired":true,"valueName":"search_term_string"}}],"inLanguage":"es-AR"},{"@type":"Organization","@id":"https:\/\/www.radiohorizonte.fm\/radio\/#organization","name":"Horizonte","url":"https:\/\/www.radiohorizonte.fm\/radio\/","logo":{"@type":"ImageObject","inLanguage":"es-AR","@id":"https:\/\/www.radiohorizonte.fm\/radio\/#\/schema\/logo\/image\/","url":"https:\/\/www.radiohorizonte.fm\/radio\/wp-content\/uploads\/2025\/06\/Portada-FM-Horizonte_modelo-imagen-scaled.jpg","contentUrl":"https:\/\/www.radiohorizonte.fm\/radio\/wp-content\/uploads\/2025\/06\/Portada-FM-Horizonte_modelo-imagen-scaled.jpg","width":2560,"height":1056,"caption":"Horizonte"},"image":{"@id":"https:\/\/www.radiohorizonte.fm\/radio\/#\/schema\/logo\/image\/"},"sameAs":["http:\/\/www.facebook.com\/HORIZONTE106.1","https:\/\/x.com\/fmhorizonte1061"]},{"@type":"Person","@id":"https:\/\/www.radiohorizonte.fm\/radio\/#\/schema\/person\/f8fa003a405bb86729fd87d15d0ddafa","name":"Cristian Galarza","image":{"@type":"ImageObject","inLanguage":"es-AR","@id":"https:\/\/www.radiohorizonte.fm\/radio\/#\/schema\/person\/image\/","url":"https:\/\/secure.gravatar.com\/avatar\/fad34bc2c773209c05d7d53b08a69b680eeb55f3be014e52b31643d20ab65925?s=96&d=mm&r=g","contentUrl":"https:\/\/secure.gravatar.com\/avatar\/fad34bc2c773209c05d7d53b08a69b680eeb55f3be014e52b31643d20ab65925?s=96&d=mm&r=g","caption":"Cristian Galarza"},"url":"https:\/\/www.radiohorizonte.fm\/radio\/author\/cristian\/"}]}},"_links":{"self":[{"href":"https:\/\/www.radiohorizonte.fm\/radio\/wp-json\/wp\/v2\/posts\/50871","targetHints":{"allow":["GET"]}}],"collection":[{"href":"https:\/\/www.radiohorizonte.fm\/radio\/wp-json\/wp\/v2\/posts"}],"about":[{"href":"https:\/\/www.radiohorizonte.fm\/radio\/wp-json\/wp\/v2\/types\/post"}],"author":[{"embeddable":true,"href":"https:\/\/www.radiohorizonte.fm\/radio\/wp-json\/wp\/v2\/users\/2"}],"replies":[{"embeddable":true,"href":"https:\/\/www.radiohorizonte.fm\/radio\/wp-json\/wp\/v2\/comments?post=50871"}],"version-history":[{"count":1,"href":"https:\/\/www.radiohorizonte.fm\/radio\/wp-json\/wp\/v2\/posts\/50871\/revisions"}],"predecessor-version":[{"id":50874,"href":"https:\/\/www.radiohorizonte.fm\/radio\/wp-json\/wp\/v2\/posts\/50871\/revisions\/50874"}],"wp:featuredmedia":[{"embeddable":true,"href":"https:\/\/www.radiohorizonte.fm\/radio\/wp-json\/wp\/v2\/media\/50872"}],"wp:attachment":[{"href":"https:\/\/www.radiohorizonte.fm\/radio\/wp-json\/wp\/v2\/media?parent=50871"}],"wp:term":[{"taxonomy":"category","embeddable":true,"href":"https:\/\/www.radiohorizonte.fm\/radio\/wp-json\/wp\/v2\/categories?post=50871"},{"taxonomy":"post_tag","embeddable":true,"href":"https:\/\/www.radiohorizonte.fm\/radio\/wp-json\/wp\/v2\/tags?post=50871"}],"curies":[{"name":"wp","href":"https:\/\/api.w.org\/{rel}","templated":true}]}}