{"id":50875,"date":"2026-04-27T07:08:47","date_gmt":"2026-04-27T10:08:47","guid":{"rendered":"https:\/\/www.radiohorizonte.fm\/radio\/?p=50875"},"modified":"2026-04-27T07:08:48","modified_gmt":"2026-04-27T10:08:48","slug":"caa-cannabis-el-gobierno-garantiza-la-llegada-del-producto-a-toda-la-provincia","status":"publish","type":"post","link":"https:\/\/www.radiohorizonte.fm\/radio\/2026\/04\/27\/caa-cannabis-el-gobierno-garantiza-la-llegada-del-producto-a-toda-la-provincia\/","title":{"rendered":"Ca\u00e1 Cannabis: el Gobierno garantiza la llegada del producto a toda la provincia"},"content":{"rendered":"\n<p>El aceite dejar\u00e1 de ser exclusivo del \u00e1mbito hospitalario y estar\u00e1 disponible para la poblaci\u00f3n en general. El programa ya produce unas 500 unidades mensuales, aunque enfrenta demoras por falta de regulaci\u00f3n nacional.<\/p>\n\n\n\n<figure class=\"wp-block-image size-full\"><img loading=\"lazy\" decoding=\"async\" width=\"850\" height=\"477\" src=\"https:\/\/www.radiohorizonte.fm\/radio\/wp-content\/uploads\/2026\/04\/82318w850h477c.jpg.webp\" alt=\"\" class=\"wp-image-50876\" srcset=\"https:\/\/www.radiohorizonte.fm\/radio\/wp-content\/uploads\/2026\/04\/82318w850h477c.jpg.webp 850w, https:\/\/www.radiohorizonte.fm\/radio\/wp-content\/uploads\/2026\/04\/82318w850h477c.jpg-300x168.webp 300w, https:\/\/www.radiohorizonte.fm\/radio\/wp-content\/uploads\/2026\/04\/82318w850h477c.jpg-768x431.webp 768w, https:\/\/www.radiohorizonte.fm\/radio\/wp-content\/uploads\/2026\/04\/82318w850h477c.jpg-640x359.webp 640w\" sizes=\"auto, (max-width: 850px) 100vw, 850px\" \/><\/figure>\n\n\n\n<p>Corrientes dio un paso clave en su pol\u00edtica sanitaria y productiva al oficializar la comercializaci\u00f3n del aceite de cannabis medicinal en farmacias, marcando una nueva etapa en el desarrollo del programa Ca\u00e1 Cannabis.<\/p>\n\n\n\n<p>El anuncio fue realizado por el gobernador Juan Pablo Vald\u00e9s durante una jornada de actualizaci\u00f3n t\u00e9cnica, donde se present\u00f3 la f\u00f3rmula optimizada del producto. La iniciativa, que comenz\u00f3 en 2018, ya se encontraba en funcionamiento dentro del sistema p\u00fablico de salud, donde el aceite se distribuye de manera gratuita desde agosto de 2025.<\/p>\n\n\n\n<p>Con este avance, el medicamento dejar\u00e1 de ser exclusivo del \u00e1mbito hospitalario y estar\u00e1 disponible para la poblaci\u00f3n general a partir de mayo, ampliando el acceso a pacientes que no est\u00e1n dentro del sistema p\u00fablico.<\/p>\n\n\n\n<p>&#8220;Es trabajo correntino, producci\u00f3n correntina y talento correntino aplicado a la medicina&#8221;, destac\u00f3 Vald\u00e9s, quien subray\u00f3 que esta expansi\u00f3n responde a la necesidad de garantizar el acceso mientras se aguardan marcos regulatorios nacionales m\u00e1s flexibles.<\/p>\n\n\n\n<p>El proyecto no solo tiene un enfoque sanitario, sino tambi\u00e9n estrat\u00e9gico. El mandatario adelant\u00f3 que el objetivo a largo plazo es posicionar a Corrientes como un actor en el mercado internacional del cannabis medicinal, apostando a la exportaci\u00f3n.<\/p>\n\n\n\n<p>Desde el punto de vista t\u00e9cnico, la nueva etapa del programa se apoya en procesos certificados bajo normas de calidad ISO 9001, lo que garantiza la estabilidad, seguridad y trazabilidad del producto.<\/p>\n\n\n\n<p>En di\u00e1logo con&nbsp;<strong>Rep\u00fablica de Corrientes,<\/strong>&nbsp;&nbsp;el titular de Ca\u00e1 Cannabis, Claudio Anselmo, destac\u00f3 que se trata de una evoluci\u00f3n que permitir\u00e1 avanzar hacia nuevas formulaciones y concentraciones. &#8220;Contaremos con dos canales de distribuci\u00f3n principales: la droguer\u00eda central proveer\u00e1 a hospitales p\u00fablicos para pacientes sin cobertura, y hemos establecido un acuerdo con la cadena de farmacias Farmar, asegurando la disponibilidad en toda la provincia. Estamos gestionando convenios con farmacias adicionales y, por ahora, las ventas se limitar\u00e1n al territorio provincial. La adquisici\u00f3n ser\u00e1 exclusivamente con receta m\u00e9dica. Como con cualquier producto nuevo, habr\u00e1 un per\u00edodo de adaptaci\u00f3n para que los profesionales de la salud se familiaricen con su uso y eficacia&#8221;, detall\u00f3.<\/p>\n\n\n\n<p>Adem\u00e1s, especialistas compartieron experiencias cl\u00ednicas sobre el uso del cannabis en tratamientos como dolor, neurolog\u00eda y pediatr\u00eda. El proyecto ya produce unas 500 unidades mensuales, aunque enfrenta demoras por falta de regulaci\u00f3n nacional.<\/p>\n\n\n\n<p>&#8220;Hemos enfrentado algunos desaf\u00edos regulatorios, pero trabajamos para clarificar la normativa, especialmente en lo referente a las licencias de exportaci\u00f3n, similar a lo que ocurre con las flores de cannabis. Mensualmente, reiteramos nuestras solicitudes para avanzar en este aspecto. Nuestro objetivo es desarrollar nuevas alternativas, las cuales se encuentran actualmente en fase de desarrollo&#8221;, explic\u00f3 Anselmo.<\/p>\n\n\n\n<blockquote class=\"wp-block-quote is-layout-flow wp-block-quote-is-layout-flow\">\n<p>Este es un mercado con un gran potencial de crecimiento, dado que muchos pacientes buscan productos artesanales o informales que<br>carecen de control de calidad y no<br>se comercializan legalmente&#8221;<\/p>\n\n\n\n<p>CLAUDIO ANSELMO<br>TITULAR DE CA\u00c1 CANNABIS&nbsp;<\/p>\n<\/blockquote>\n\n\n\n<p>&#8220;Este es un mercado con un gran potencial de crecimiento, dado que muchos pacientes buscan productos artesanales o informales que carecen de control de calidad y no se comercializan legalmente. Es fundamental destacar la inversi\u00f3n necesaria para continuar progresando en este \u00e1mbito. Estamos en pleno desarrollo y es crucial mantener el impulso&#8221;, destac\u00f3.<\/p>\n\n\n\n<p>A su turno, el ministro de Salud P\u00fablica, Emilio Lanari, calific\u00f3 el producto como de &#8220;alt\u00edsima calidad&#8221; y resalt\u00f3 su mayor durabilidad, lo que mejora la log\u00edstica de distribuci\u00f3n en toda la provincia.<\/p>\n\n\n\n<p>Especialistas tambi\u00e9n valoraron el potencial terap\u00e9utico del aceite full spectrum, rico en cannabidiol (CBD).&nbsp;<\/p>\n\n\n\n<p>El profesional Alejandro Anderson se\u00f1al\u00f3 que su uso puede extenderse a distintas disciplinas, incluyendo odontolog\u00eda, kinesiolog\u00eda y veterinaria.<\/p>\n\n\n\n<p>En un contexto en el que varios proyectos similares enfrentan dificultades, Corrientes reafirma su apuesta al desarrollo cient\u00edfico y productivo local. &#8220;No vamos a abandonar ning\u00fan programa que tenga futuro&#8221;, asegur\u00f3 Vald\u00e9s.<\/p>\n\n\n\n<p>Con la llegada a las farmacias, Ca\u00e1 Cannabis se posiciona como una pol\u00edtica p\u00fablica integral que combina salud, innovaci\u00f3n y desarrollo econ\u00f3mico, consolidando a la provincia como referente nacional en la industria del cannabis medicinal.&nbsp;<\/p>\n","protected":false},"excerpt":{"rendered":"<div class=\"post-excerpt\"><p>El aceite dejar\u00e1 de ser exclusivo del \u00e1mbito hospitalario y estar\u00e1 disponible para la poblaci\u00f3n en general. El programa ya produce unas 500 unidades mensuales, aunque enfrenta demoras por falta de regulaci\u00f3n nacional. Corrientes dio un paso clave en su pol\u00edtica sanitaria y productiva al oficializar la comercializaci\u00f3n del aceite de cannabis medicinal en farmacias,<\/p>\n<\/div>","protected":false},"author":2,"featured_media":50876,"comment_status":"closed","ping_status":"closed","sticky":false,"template":"","format":"standard","meta":{"_acf_changed":false,"footnotes":""},"categories":[2],"tags":[],"class_list":["post-50875","post","type-post","status-publish","format-standard","has-post-thumbnail","hentry","category-noticias"],"acf":[],"yoast_head":"<!-- This site is optimized with the Yoast SEO plugin v23.4 - https:\/\/yoast.com\/wordpress\/plugins\/seo\/ -->\n<title>Ca\u00e1 Cannabis: el Gobierno garantiza la llegada del producto a toda la provincia - Horizonte<\/title>\n<meta name=\"robots\" content=\"index, follow, max-snippet:-1, max-image-preview:large, max-video-preview:-1\" \/>\n<link rel=\"canonical\" href=\"https:\/\/www.radiohorizonte.fm\/radio\/2026\/04\/27\/caa-cannabis-el-gobierno-garantiza-la-llegada-del-producto-a-toda-la-provincia\/\" \/>\n<meta property=\"og:locale\" content=\"es_ES\" \/>\n<meta property=\"og:type\" content=\"article\" \/>\n<meta property=\"og:title\" content=\"Ca\u00e1 Cannabis: el Gobierno garantiza la llegada del producto a toda la provincia - Horizonte\" \/>\n<meta property=\"og:description\" content=\"El aceite dejar\u00e1 de ser exclusivo del \u00e1mbito hospitalario y estar\u00e1 disponible para la poblaci\u00f3n en general. El programa ya produce unas 500 unidades mensuales, aunque enfrenta demoras por falta de regulaci\u00f3n nacional. Corrientes dio un paso clave en su pol\u00edtica sanitaria y productiva al oficializar la comercializaci\u00f3n del aceite de cannabis medicinal en farmacias,\" \/>\n<meta property=\"og:url\" content=\"https:\/\/www.radiohorizonte.fm\/radio\/2026\/04\/27\/caa-cannabis-el-gobierno-garantiza-la-llegada-del-producto-a-toda-la-provincia\/\" \/>\n<meta property=\"og:site_name\" content=\"Horizonte\" \/>\n<meta property=\"article:publisher\" content=\"http:\/\/www.facebook.com\/HORIZONTE106.1\" \/>\n<meta property=\"article:published_time\" content=\"2026-04-27T10:08:47+00:00\" \/>\n<meta property=\"article:modified_time\" content=\"2026-04-27T10:08:48+00:00\" \/>\n<meta property=\"og:image\" content=\"https:\/\/www.radiohorizonte.fm\/radio\/wp-content\/uploads\/2026\/04\/82318w850h477c.jpg.webp\" \/>\n\t<meta property=\"og:image:width\" content=\"850\" \/>\n\t<meta property=\"og:image:height\" content=\"477\" \/>\n\t<meta property=\"og:image:type\" content=\"image\/webp\" \/>\n<meta name=\"author\" content=\"Cristian Galarza\" \/>\n<meta name=\"twitter:card\" content=\"summary_large_image\" \/>\n<meta name=\"twitter:creator\" content=\"@fmhorizonte1061\" \/>\n<meta name=\"twitter:site\" content=\"@fmhorizonte1061\" \/>\n<meta name=\"twitter:label1\" content=\"Escrito por\" \/>\n\t<meta name=\"twitter:data1\" content=\"Cristian Galarza\" \/>\n\t<meta name=\"twitter:label2\" content=\"Tiempo de lectura\" \/>\n\t<meta name=\"twitter:data2\" content=\"4 minutos\" \/>\n<script type=\"application\/ld+json\" class=\"yoast-schema-graph\">{\"@context\":\"https:\/\/schema.org\",\"@graph\":[{\"@type\":\"Article\",\"@id\":\"https:\/\/www.radiohorizonte.fm\/radio\/2026\/04\/27\/caa-cannabis-el-gobierno-garantiza-la-llegada-del-producto-a-toda-la-provincia\/#article\",\"isPartOf\":{\"@id\":\"https:\/\/www.radiohorizonte.fm\/radio\/2026\/04\/27\/caa-cannabis-el-gobierno-garantiza-la-llegada-del-producto-a-toda-la-provincia\/\"},\"author\":{\"name\":\"Cristian Galarza\",\"@id\":\"https:\/\/www.radiohorizonte.fm\/radio\/#\/schema\/person\/f8fa003a405bb86729fd87d15d0ddafa\"},\"headline\":\"Ca\u00e1 Cannabis: el Gobierno garantiza la llegada del producto a toda la provincia\",\"datePublished\":\"2026-04-27T10:08:47+00:00\",\"dateModified\":\"2026-04-27T10:08:48+00:00\",\"mainEntityOfPage\":{\"@id\":\"https:\/\/www.radiohorizonte.fm\/radio\/2026\/04\/27\/caa-cannabis-el-gobierno-garantiza-la-llegada-del-producto-a-toda-la-provincia\/\"},\"wordCount\":747,\"publisher\":{\"@id\":\"https:\/\/www.radiohorizonte.fm\/radio\/#organization\"},\"image\":{\"@id\":\"https:\/\/www.radiohorizonte.fm\/radio\/2026\/04\/27\/caa-cannabis-el-gobierno-garantiza-la-llegada-del-producto-a-toda-la-provincia\/#primaryimage\"},\"thumbnailUrl\":\"https:\/\/www.radiohorizonte.fm\/radio\/wp-content\/uploads\/2026\/04\/82318w850h477c.jpg.webp\",\"articleSection\":[\"Noticias\"],\"inLanguage\":\"es-AR\"},{\"@type\":\"WebPage\",\"@id\":\"https:\/\/www.radiohorizonte.fm\/radio\/2026\/04\/27\/caa-cannabis-el-gobierno-garantiza-la-llegada-del-producto-a-toda-la-provincia\/\",\"url\":\"https:\/\/www.radiohorizonte.fm\/radio\/2026\/04\/27\/caa-cannabis-el-gobierno-garantiza-la-llegada-del-producto-a-toda-la-provincia\/\",\"name\":\"Ca\u00e1 Cannabis: el Gobierno garantiza la llegada del producto a toda la provincia - Horizonte\",\"isPartOf\":{\"@id\":\"https:\/\/www.radiohorizonte.fm\/radio\/#website\"},\"primaryImageOfPage\":{\"@id\":\"https:\/\/www.radiohorizonte.fm\/radio\/2026\/04\/27\/caa-cannabis-el-gobierno-garantiza-la-llegada-del-producto-a-toda-la-provincia\/#primaryimage\"},\"image\":{\"@id\":\"https:\/\/www.radiohorizonte.fm\/radio\/2026\/04\/27\/caa-cannabis-el-gobierno-garantiza-la-llegada-del-producto-a-toda-la-provincia\/#primaryimage\"},\"thumbnailUrl\":\"https:\/\/www.radiohorizonte.fm\/radio\/wp-content\/uploads\/2026\/04\/82318w850h477c.jpg.webp\",\"datePublished\":\"2026-04-27T10:08:47+00:00\",\"dateModified\":\"2026-04-27T10:08:48+00:00\",\"breadcrumb\":{\"@id\":\"https:\/\/www.radiohorizonte.fm\/radio\/2026\/04\/27\/caa-cannabis-el-gobierno-garantiza-la-llegada-del-producto-a-toda-la-provincia\/#breadcrumb\"},\"inLanguage\":\"es-AR\",\"potentialAction\":[{\"@type\":\"ReadAction\",\"target\":[\"https:\/\/www.radiohorizonte.fm\/radio\/2026\/04\/27\/caa-cannabis-el-gobierno-garantiza-la-llegada-del-producto-a-toda-la-provincia\/\"]}]},{\"@type\":\"ImageObject\",\"inLanguage\":\"es-AR\",\"@id\":\"https:\/\/www.radiohorizonte.fm\/radio\/2026\/04\/27\/caa-cannabis-el-gobierno-garantiza-la-llegada-del-producto-a-toda-la-provincia\/#primaryimage\",\"url\":\"https:\/\/www.radiohorizonte.fm\/radio\/wp-content\/uploads\/2026\/04\/82318w850h477c.jpg.webp\",\"contentUrl\":\"https:\/\/www.radiohorizonte.fm\/radio\/wp-content\/uploads\/2026\/04\/82318w850h477c.jpg.webp\",\"width\":850,\"height\":477},{\"@type\":\"BreadcrumbList\",\"@id\":\"https:\/\/www.radiohorizonte.fm\/radio\/2026\/04\/27\/caa-cannabis-el-gobierno-garantiza-la-llegada-del-producto-a-toda-la-provincia\/#breadcrumb\",\"itemListElement\":[{\"@type\":\"ListItem\",\"position\":1,\"name\":\"Home\",\"item\":\"https:\/\/www.radiohorizonte.fm\/radio\/\"},{\"@type\":\"ListItem\",\"position\":2,\"name\":\"Ca\u00e1 Cannabis: el Gobierno garantiza la llegada del producto a toda la provincia\"}]},{\"@type\":\"WebSite\",\"@id\":\"https:\/\/www.radiohorizonte.fm\/radio\/#website\",\"url\":\"https:\/\/www.radiohorizonte.fm\/radio\/\",\"name\":\"Horizonte\",\"description\":\"Radio Horizonte 106.1 - Una radio de clasicos\",\"publisher\":{\"@id\":\"https:\/\/www.radiohorizonte.fm\/radio\/#organization\"},\"potentialAction\":[{\"@type\":\"SearchAction\",\"target\":{\"@type\":\"EntryPoint\",\"urlTemplate\":\"https:\/\/www.radiohorizonte.fm\/radio\/?s={search_term_string}\"},\"query-input\":{\"@type\":\"PropertyValueSpecification\",\"valueRequired\":true,\"valueName\":\"search_term_string\"}}],\"inLanguage\":\"es-AR\"},{\"@type\":\"Organization\",\"@id\":\"https:\/\/www.radiohorizonte.fm\/radio\/#organization\",\"name\":\"Horizonte\",\"url\":\"https:\/\/www.radiohorizonte.fm\/radio\/\",\"logo\":{\"@type\":\"ImageObject\",\"inLanguage\":\"es-AR\",\"@id\":\"https:\/\/www.radiohorizonte.fm\/radio\/#\/schema\/logo\/image\/\",\"url\":\"https:\/\/www.radiohorizonte.fm\/radio\/wp-content\/uploads\/2025\/06\/Portada-FM-Horizonte_modelo-imagen-scaled.jpg\",\"contentUrl\":\"https:\/\/www.radiohorizonte.fm\/radio\/wp-content\/uploads\/2025\/06\/Portada-FM-Horizonte_modelo-imagen-scaled.jpg\",\"width\":2560,\"height\":1056,\"caption\":\"Horizonte\"},\"image\":{\"@id\":\"https:\/\/www.radiohorizonte.fm\/radio\/#\/schema\/logo\/image\/\"},\"sameAs\":[\"http:\/\/www.facebook.com\/HORIZONTE106.1\",\"https:\/\/x.com\/fmhorizonte1061\"]},{\"@type\":\"Person\",\"@id\":\"https:\/\/www.radiohorizonte.fm\/radio\/#\/schema\/person\/f8fa003a405bb86729fd87d15d0ddafa\",\"name\":\"Cristian Galarza\",\"image\":{\"@type\":\"ImageObject\",\"inLanguage\":\"es-AR\",\"@id\":\"https:\/\/www.radiohorizonte.fm\/radio\/#\/schema\/person\/image\/\",\"url\":\"https:\/\/secure.gravatar.com\/avatar\/fad34bc2c773209c05d7d53b08a69b680eeb55f3be014e52b31643d20ab65925?s=96&d=mm&r=g\",\"contentUrl\":\"https:\/\/secure.gravatar.com\/avatar\/fad34bc2c773209c05d7d53b08a69b680eeb55f3be014e52b31643d20ab65925?s=96&d=mm&r=g\",\"caption\":\"Cristian Galarza\"},\"url\":\"https:\/\/www.radiohorizonte.fm\/radio\/author\/cristian\/\"}]}<\/script>\n<!-- \/ Yoast SEO plugin. -->","yoast_head_json":{"title":"Ca\u00e1 Cannabis: el Gobierno garantiza la llegada del producto a toda la provincia - Horizonte","robots":{"index":"index","follow":"follow","max-snippet":"max-snippet:-1","max-image-preview":"max-image-preview:large","max-video-preview":"max-video-preview:-1"},"canonical":"https:\/\/www.radiohorizonte.fm\/radio\/2026\/04\/27\/caa-cannabis-el-gobierno-garantiza-la-llegada-del-producto-a-toda-la-provincia\/","og_locale":"es_ES","og_type":"article","og_title":"Ca\u00e1 Cannabis: el Gobierno garantiza la llegada del producto a toda la provincia - Horizonte","og_description":"El aceite dejar\u00e1 de ser exclusivo del \u00e1mbito hospitalario y estar\u00e1 disponible para la poblaci\u00f3n en general. El programa ya produce unas 500 unidades mensuales, aunque enfrenta demoras por falta de regulaci\u00f3n nacional. Corrientes dio un paso clave en su pol\u00edtica sanitaria y productiva al oficializar la comercializaci\u00f3n del aceite de cannabis medicinal en farmacias,","og_url":"https:\/\/www.radiohorizonte.fm\/radio\/2026\/04\/27\/caa-cannabis-el-gobierno-garantiza-la-llegada-del-producto-a-toda-la-provincia\/","og_site_name":"Horizonte","article_publisher":"http:\/\/www.facebook.com\/HORIZONTE106.1","article_published_time":"2026-04-27T10:08:47+00:00","article_modified_time":"2026-04-27T10:08:48+00:00","og_image":[{"width":850,"height":477,"url":"https:\/\/www.radiohorizonte.fm\/radio\/wp-content\/uploads\/2026\/04\/82318w850h477c.jpg.webp","type":"image\/webp"}],"author":"Cristian Galarza","twitter_card":"summary_large_image","twitter_creator":"@fmhorizonte1061","twitter_site":"@fmhorizonte1061","twitter_misc":{"Escrito por":"Cristian Galarza","Tiempo de lectura":"4 minutos"},"schema":{"@context":"https:\/\/schema.org","@graph":[{"@type":"Article","@id":"https:\/\/www.radiohorizonte.fm\/radio\/2026\/04\/27\/caa-cannabis-el-gobierno-garantiza-la-llegada-del-producto-a-toda-la-provincia\/#article","isPartOf":{"@id":"https:\/\/www.radiohorizonte.fm\/radio\/2026\/04\/27\/caa-cannabis-el-gobierno-garantiza-la-llegada-del-producto-a-toda-la-provincia\/"},"author":{"name":"Cristian Galarza","@id":"https:\/\/www.radiohorizonte.fm\/radio\/#\/schema\/person\/f8fa003a405bb86729fd87d15d0ddafa"},"headline":"Ca\u00e1 Cannabis: el Gobierno garantiza la llegada del producto a toda la provincia","datePublished":"2026-04-27T10:08:47+00:00","dateModified":"2026-04-27T10:08:48+00:00","mainEntityOfPage":{"@id":"https:\/\/www.radiohorizonte.fm\/radio\/2026\/04\/27\/caa-cannabis-el-gobierno-garantiza-la-llegada-del-producto-a-toda-la-provincia\/"},"wordCount":747,"publisher":{"@id":"https:\/\/www.radiohorizonte.fm\/radio\/#organization"},"image":{"@id":"https:\/\/www.radiohorizonte.fm\/radio\/2026\/04\/27\/caa-cannabis-el-gobierno-garantiza-la-llegada-del-producto-a-toda-la-provincia\/#primaryimage"},"thumbnailUrl":"https:\/\/www.radiohorizonte.fm\/radio\/wp-content\/uploads\/2026\/04\/82318w850h477c.jpg.webp","articleSection":["Noticias"],"inLanguage":"es-AR"},{"@type":"WebPage","@id":"https:\/\/www.radiohorizonte.fm\/radio\/2026\/04\/27\/caa-cannabis-el-gobierno-garantiza-la-llegada-del-producto-a-toda-la-provincia\/","url":"https:\/\/www.radiohorizonte.fm\/radio\/2026\/04\/27\/caa-cannabis-el-gobierno-garantiza-la-llegada-del-producto-a-toda-la-provincia\/","name":"Ca\u00e1 Cannabis: el Gobierno garantiza la llegada del producto a toda la provincia - Horizonte","isPartOf":{"@id":"https:\/\/www.radiohorizonte.fm\/radio\/#website"},"primaryImageOfPage":{"@id":"https:\/\/www.radiohorizonte.fm\/radio\/2026\/04\/27\/caa-cannabis-el-gobierno-garantiza-la-llegada-del-producto-a-toda-la-provincia\/#primaryimage"},"image":{"@id":"https:\/\/www.radiohorizonte.fm\/radio\/2026\/04\/27\/caa-cannabis-el-gobierno-garantiza-la-llegada-del-producto-a-toda-la-provincia\/#primaryimage"},"thumbnailUrl":"https:\/\/www.radiohorizonte.fm\/radio\/wp-content\/uploads\/2026\/04\/82318w850h477c.jpg.webp","datePublished":"2026-04-27T10:08:47+00:00","dateModified":"2026-04-27T10:08:48+00:00","breadcrumb":{"@id":"https:\/\/www.radiohorizonte.fm\/radio\/2026\/04\/27\/caa-cannabis-el-gobierno-garantiza-la-llegada-del-producto-a-toda-la-provincia\/#breadcrumb"},"inLanguage":"es-AR","potentialAction":[{"@type":"ReadAction","target":["https:\/\/www.radiohorizonte.fm\/radio\/2026\/04\/27\/caa-cannabis-el-gobierno-garantiza-la-llegada-del-producto-a-toda-la-provincia\/"]}]},{"@type":"ImageObject","inLanguage":"es-AR","@id":"https:\/\/www.radiohorizonte.fm\/radio\/2026\/04\/27\/caa-cannabis-el-gobierno-garantiza-la-llegada-del-producto-a-toda-la-provincia\/#primaryimage","url":"https:\/\/www.radiohorizonte.fm\/radio\/wp-content\/uploads\/2026\/04\/82318w850h477c.jpg.webp","contentUrl":"https:\/\/www.radiohorizonte.fm\/radio\/wp-content\/uploads\/2026\/04\/82318w850h477c.jpg.webp","width":850,"height":477},{"@type":"BreadcrumbList","@id":"https:\/\/www.radiohorizonte.fm\/radio\/2026\/04\/27\/caa-cannabis-el-gobierno-garantiza-la-llegada-del-producto-a-toda-la-provincia\/#breadcrumb","itemListElement":[{"@type":"ListItem","position":1,"name":"Home","item":"https:\/\/www.radiohorizonte.fm\/radio\/"},{"@type":"ListItem","position":2,"name":"Ca\u00e1 Cannabis: el Gobierno garantiza la llegada del producto a toda la provincia"}]},{"@type":"WebSite","@id":"https:\/\/www.radiohorizonte.fm\/radio\/#website","url":"https:\/\/www.radiohorizonte.fm\/radio\/","name":"Horizonte","description":"Radio Horizonte 106.1 - Una radio de clasicos","publisher":{"@id":"https:\/\/www.radiohorizonte.fm\/radio\/#organization"},"potentialAction":[{"@type":"SearchAction","target":{"@type":"EntryPoint","urlTemplate":"https:\/\/www.radiohorizonte.fm\/radio\/?s={search_term_string}"},"query-input":{"@type":"PropertyValueSpecification","valueRequired":true,"valueName":"search_term_string"}}],"inLanguage":"es-AR"},{"@type":"Organization","@id":"https:\/\/www.radiohorizonte.fm\/radio\/#organization","name":"Horizonte","url":"https:\/\/www.radiohorizonte.fm\/radio\/","logo":{"@type":"ImageObject","inLanguage":"es-AR","@id":"https:\/\/www.radiohorizonte.fm\/radio\/#\/schema\/logo\/image\/","url":"https:\/\/www.radiohorizonte.fm\/radio\/wp-content\/uploads\/2025\/06\/Portada-FM-Horizonte_modelo-imagen-scaled.jpg","contentUrl":"https:\/\/www.radiohorizonte.fm\/radio\/wp-content\/uploads\/2025\/06\/Portada-FM-Horizonte_modelo-imagen-scaled.jpg","width":2560,"height":1056,"caption":"Horizonte"},"image":{"@id":"https:\/\/www.radiohorizonte.fm\/radio\/#\/schema\/logo\/image\/"},"sameAs":["http:\/\/www.facebook.com\/HORIZONTE106.1","https:\/\/x.com\/fmhorizonte1061"]},{"@type":"Person","@id":"https:\/\/www.radiohorizonte.fm\/radio\/#\/schema\/person\/f8fa003a405bb86729fd87d15d0ddafa","name":"Cristian Galarza","image":{"@type":"ImageObject","inLanguage":"es-AR","@id":"https:\/\/www.radiohorizonte.fm\/radio\/#\/schema\/person\/image\/","url":"https:\/\/secure.gravatar.com\/avatar\/fad34bc2c773209c05d7d53b08a69b680eeb55f3be014e52b31643d20ab65925?s=96&d=mm&r=g","contentUrl":"https:\/\/secure.gravatar.com\/avatar\/fad34bc2c773209c05d7d53b08a69b680eeb55f3be014e52b31643d20ab65925?s=96&d=mm&r=g","caption":"Cristian Galarza"},"url":"https:\/\/www.radiohorizonte.fm\/radio\/author\/cristian\/"}]}},"_links":{"self":[{"href":"https:\/\/www.radiohorizonte.fm\/radio\/wp-json\/wp\/v2\/posts\/50875","targetHints":{"allow":["GET"]}}],"collection":[{"href":"https:\/\/www.radiohorizonte.fm\/radio\/wp-json\/wp\/v2\/posts"}],"about":[{"href":"https:\/\/www.radiohorizonte.fm\/radio\/wp-json\/wp\/v2\/types\/post"}],"author":[{"embeddable":true,"href":"https:\/\/www.radiohorizonte.fm\/radio\/wp-json\/wp\/v2\/users\/2"}],"replies":[{"embeddable":true,"href":"https:\/\/www.radiohorizonte.fm\/radio\/wp-json\/wp\/v2\/comments?post=50875"}],"version-history":[{"count":1,"href":"https:\/\/www.radiohorizonte.fm\/radio\/wp-json\/wp\/v2\/posts\/50875\/revisions"}],"predecessor-version":[{"id":50877,"href":"https:\/\/www.radiohorizonte.fm\/radio\/wp-json\/wp\/v2\/posts\/50875\/revisions\/50877"}],"wp:featuredmedia":[{"embeddable":true,"href":"https:\/\/www.radiohorizonte.fm\/radio\/wp-json\/wp\/v2\/media\/50876"}],"wp:attachment":[{"href":"https:\/\/www.radiohorizonte.fm\/radio\/wp-json\/wp\/v2\/media?parent=50875"}],"wp:term":[{"taxonomy":"category","embeddable":true,"href":"https:\/\/www.radiohorizonte.fm\/radio\/wp-json\/wp\/v2\/categories?post=50875"},{"taxonomy":"post_tag","embeddable":true,"href":"https:\/\/www.radiohorizonte.fm\/radio\/wp-json\/wp\/v2\/tags?post=50875"}],"curies":[{"name":"wp","href":"https:\/\/api.w.org\/{rel}","templated":true}]}}