{"id":50881,"date":"2026-04-27T07:05:00","date_gmt":"2026-04-27T10:05:00","guid":{"rendered":"https:\/\/www.radiohorizonte.fm\/radio\/?p=50881"},"modified":"2026-04-27T08:59:56","modified_gmt":"2026-04-27T11:59:56","slug":"el-cuarto-soda-llega-a-corrientes","status":"publish","type":"post","link":"https:\/\/www.radiohorizonte.fm\/radio\/2026\/04\/27\/el-cuarto-soda-llega-a-corrientes\/","title":{"rendered":"El Cuarto Soda llega a Corrientes"},"content":{"rendered":"\n<p>La banda de rock homenaje a Soda Stereo se presentar\u00e1 en Corrientes con un show imperdible en el emblem\u00e1tico Teatro Oficial Juan de Vera, el pr\u00f3ximo domingo 3 de mayo a las 20 horas<\/p>\n\n\n\n<figure class=\"wp-block-image size-large\"><img loading=\"lazy\" decoding=\"async\" width=\"1024\" height=\"819\" src=\"https:\/\/www.radiohorizonte.fm\/radio\/wp-content\/uploads\/2026\/04\/El-Cuarto-Soda-llega-a-Corrientes-1024x819.jpg\" alt=\"\" class=\"wp-image-50882\" srcset=\"https:\/\/www.radiohorizonte.fm\/radio\/wp-content\/uploads\/2026\/04\/El-Cuarto-Soda-llega-a-Corrientes-1024x819.jpg 1024w, https:\/\/www.radiohorizonte.fm\/radio\/wp-content\/uploads\/2026\/04\/El-Cuarto-Soda-llega-a-Corrientes-300x240.jpg 300w, https:\/\/www.radiohorizonte.fm\/radio\/wp-content\/uploads\/2026\/04\/El-Cuarto-Soda-llega-a-Corrientes-768x614.jpg 768w, https:\/\/www.radiohorizonte.fm\/radio\/wp-content\/uploads\/2026\/04\/El-Cuarto-Soda-llega-a-Corrientes-1536x1229.jpg 1536w, https:\/\/www.radiohorizonte.fm\/radio\/wp-content\/uploads\/2026\/04\/El-Cuarto-Soda-llega-a-Corrientes-2048x1638.jpg 2048w, https:\/\/www.radiohorizonte.fm\/radio\/wp-content\/uploads\/2026\/04\/El-Cuarto-Soda-llega-a-Corrientes-640x512.jpg 640w\" sizes=\"auto, (max-width: 1024px) 100vw, 1024px\" \/><\/figure>\n\n\n\n<p>El Cuarto Soda vuelve a Corrientes a pedido del p\u00fablico, en el marco de su gira &#8220;Me Ver\u00e1s Volver Tour&#8221;, el hist\u00f3rico regreso de Soda Stereo en 2007.<\/p>\n\n\n\n<p>El Cuarto Soda es una banda de rock homenaje a Soda Stereo que en pocos a\u00f1os se ha convertido en una de las m\u00e1s importantes y respetadas de la escena musical argentina y latinoamericana. Con una calidad musical impresionante, la banda liderada por el vocalista y guitarrista Brian Tolenti ha logrado recrear fielmente el sonido de la m\u00edtica banda de Gustavo Cerati, con pasi\u00f3n y dedicaci\u00f3n.<\/p>\n\n\n\n<p>La banda fue fundada hace 9 a\u00f1os por el baterista Gabriel Muscio, cuando contact\u00f3 a Tolenti quien cantaba en el subte de Buenos Aires. Ese encuentro fortuito dio origen a El Cuarto Soda, que desde entonces ha recorrido diversas ciudades de Argentina, Chile, Colombia, Per\u00fa, M\u00e9xico, Uruguay y Paraguay, con un \u00e9xito arrollador.<\/p>\n\n\n\n<p>En 2025, durante su gira \u201cCl\u00e1sicos Totales\u201d, dieron 124 shows en 120 ciudades diferentes de todo el mundo, recorriendo 7 pa\u00edses de Latinoam\u00e9rica. Y el a\u00f1o 2026 promete ser a\u00fan mejor, y con giras ya programadas para Venezuela, Colombia, Ecuador, Ibiza, Rep\u00fablica Dominicana, Espa\u00f1a, Inglaterra, Chile, Paraguay, M\u00e9xico, Uruguay, Panam\u00e1, Guatemala y El Salvador, adem\u00e1s de recorrer gran parte de la Argentina.<\/p>\n\n\n\n<p>La banda est\u00e1 conformada por m\u00fasicos excepcionales que no solo interpretan las canciones de Soda Stereo de manera magistral, sino que tambi\u00e9n han sabido agregarle su propio sello personal. El baterista Gabriel Muscio y el bajista Diego S\u00e1nchez, son una secci\u00f3n r\u00edtmica impecable que sostiene la base de las canciones con precisi\u00f3n y fuerza. El tecladista Gonzalo Lorenzo, agrega texturas y colores a las melod\u00edas, mientras que el vocalista y guitarrista Brian Tolenti logra capturar la esencia del sonido de Cerati con su voz vers\u00e1til y su virtuosismo en la guitarra.<\/p>\n\n\n\n<p>Para los fans de Soda Stereo, El Cuarto Soda es una oportunidad \u00fanica de revivir las canciones de una de las bandas m\u00e1s importantes de la m\u00fasica argentina, interpretadas por una banda que ha sabido honrar su legado con pasi\u00f3n y dedicaci\u00f3n.<\/p>\n\n\n\n<p><strong>Entradas<\/strong><\/p>\n\n\n\n<p>A la venta en&nbsp;<a href=\"http:\/\/weepas.ar\/\" target=\"_blank\" rel=\"noreferrer noopener\">weepas.ar\/<\/a>&nbsp;y en boleter\u00eda del teatro, San Juan 637, de lunes a s\u00e1bados de 9 a 13&nbsp;y de 17 a 21.<\/p>\n","protected":false},"excerpt":{"rendered":"<div class=\"post-excerpt\"><p>La banda de rock homenaje a Soda Stereo se presentar\u00e1 en Corrientes con un show imperdible en el emblem\u00e1tico Teatro Oficial Juan de Vera, el pr\u00f3ximo domingo 3 de mayo a las 20 horas El Cuarto Soda vuelve a Corrientes a pedido del p\u00fablico, en el marco de su gira &#8220;Me Ver\u00e1s Volver Tour&#8221;, el<\/p>\n<\/div>","protected":false},"author":2,"featured_media":50882,"comment_status":"closed","ping_status":"closed","sticky":false,"template":"","format":"standard","meta":{"_acf_changed":false,"footnotes":""},"categories":[3],"tags":[],"class_list":["post-50881","post","type-post","status-publish","format-standard","has-post-thumbnail","hentry","category-infomusic"],"acf":[],"yoast_head":"<!-- This site is optimized with the Yoast SEO plugin v23.4 - https:\/\/yoast.com\/wordpress\/plugins\/seo\/ -->\n<title>El Cuarto Soda llega a Corrientes - Horizonte<\/title>\n<meta name=\"robots\" content=\"index, follow, max-snippet:-1, max-image-preview:large, max-video-preview:-1\" \/>\n<link rel=\"canonical\" href=\"https:\/\/www.radiohorizonte.fm\/radio\/2026\/04\/27\/el-cuarto-soda-llega-a-corrientes\/\" \/>\n<meta property=\"og:locale\" content=\"es_ES\" \/>\n<meta property=\"og:type\" content=\"article\" \/>\n<meta property=\"og:title\" content=\"El Cuarto Soda llega a Corrientes - Horizonte\" \/>\n<meta property=\"og:description\" content=\"La banda de rock homenaje a Soda Stereo se presentar\u00e1 en Corrientes con un show imperdible en el emblem\u00e1tico Teatro Oficial Juan de Vera, el pr\u00f3ximo domingo 3 de mayo a las 20 horas El Cuarto Soda vuelve a Corrientes a pedido del p\u00fablico, en el marco de su gira &#8220;Me Ver\u00e1s Volver Tour&#8221;, el\" \/>\n<meta property=\"og:url\" content=\"https:\/\/www.radiohorizonte.fm\/radio\/2026\/04\/27\/el-cuarto-soda-llega-a-corrientes\/\" \/>\n<meta property=\"og:site_name\" content=\"Horizonte\" \/>\n<meta property=\"article:publisher\" content=\"http:\/\/www.facebook.com\/HORIZONTE106.1\" \/>\n<meta property=\"article:published_time\" content=\"2026-04-27T10:05:00+00:00\" \/>\n<meta property=\"article:modified_time\" content=\"2026-04-27T11:59:56+00:00\" \/>\n<meta property=\"og:image\" content=\"https:\/\/www.radiohorizonte.fm\/radio\/wp-content\/uploads\/2026\/04\/El-Cuarto-Soda-llega-a-Corrientes-scaled.jpg\" \/>\n\t<meta property=\"og:image:width\" content=\"2560\" \/>\n\t<meta property=\"og:image:height\" content=\"2048\" \/>\n\t<meta property=\"og:image:type\" content=\"image\/jpeg\" \/>\n<meta name=\"author\" content=\"Cristian Galarza\" \/>\n<meta name=\"twitter:card\" content=\"summary_large_image\" \/>\n<meta name=\"twitter:creator\" content=\"@fmhorizonte1061\" \/>\n<meta name=\"twitter:site\" content=\"@fmhorizonte1061\" \/>\n<meta name=\"twitter:label1\" content=\"Escrito por\" \/>\n\t<meta name=\"twitter:data1\" content=\"Cristian Galarza\" \/>\n\t<meta name=\"twitter:label2\" content=\"Tiempo de lectura\" \/>\n\t<meta name=\"twitter:data2\" content=\"3 minutos\" \/>\n<script type=\"application\/ld+json\" class=\"yoast-schema-graph\">{\"@context\":\"https:\/\/schema.org\",\"@graph\":[{\"@type\":\"Article\",\"@id\":\"https:\/\/www.radiohorizonte.fm\/radio\/2026\/04\/27\/el-cuarto-soda-llega-a-corrientes\/#article\",\"isPartOf\":{\"@id\":\"https:\/\/www.radiohorizonte.fm\/radio\/2026\/04\/27\/el-cuarto-soda-llega-a-corrientes\/\"},\"author\":{\"name\":\"Cristian Galarza\",\"@id\":\"https:\/\/www.radiohorizonte.fm\/radio\/#\/schema\/person\/f8fa003a405bb86729fd87d15d0ddafa\"},\"headline\":\"El Cuarto Soda llega a Corrientes\",\"datePublished\":\"2026-04-27T10:05:00+00:00\",\"dateModified\":\"2026-04-27T11:59:56+00:00\",\"mainEntityOfPage\":{\"@id\":\"https:\/\/www.radiohorizonte.fm\/radio\/2026\/04\/27\/el-cuarto-soda-llega-a-corrientes\/\"},\"wordCount\":434,\"publisher\":{\"@id\":\"https:\/\/www.radiohorizonte.fm\/radio\/#organization\"},\"image\":{\"@id\":\"https:\/\/www.radiohorizonte.fm\/radio\/2026\/04\/27\/el-cuarto-soda-llega-a-corrientes\/#primaryimage\"},\"thumbnailUrl\":\"https:\/\/www.radiohorizonte.fm\/radio\/wp-content\/uploads\/2026\/04\/El-Cuarto-Soda-llega-a-Corrientes-scaled.jpg\",\"articleSection\":[\"Infomusic\"],\"inLanguage\":\"es-AR\"},{\"@type\":\"WebPage\",\"@id\":\"https:\/\/www.radiohorizonte.fm\/radio\/2026\/04\/27\/el-cuarto-soda-llega-a-corrientes\/\",\"url\":\"https:\/\/www.radiohorizonte.fm\/radio\/2026\/04\/27\/el-cuarto-soda-llega-a-corrientes\/\",\"name\":\"El Cuarto Soda llega a Corrientes - Horizonte\",\"isPartOf\":{\"@id\":\"https:\/\/www.radiohorizonte.fm\/radio\/#website\"},\"primaryImageOfPage\":{\"@id\":\"https:\/\/www.radiohorizonte.fm\/radio\/2026\/04\/27\/el-cuarto-soda-llega-a-corrientes\/#primaryimage\"},\"image\":{\"@id\":\"https:\/\/www.radiohorizonte.fm\/radio\/2026\/04\/27\/el-cuarto-soda-llega-a-corrientes\/#primaryimage\"},\"thumbnailUrl\":\"https:\/\/www.radiohorizonte.fm\/radio\/wp-content\/uploads\/2026\/04\/El-Cuarto-Soda-llega-a-Corrientes-scaled.jpg\",\"datePublished\":\"2026-04-27T10:05:00+00:00\",\"dateModified\":\"2026-04-27T11:59:56+00:00\",\"breadcrumb\":{\"@id\":\"https:\/\/www.radiohorizonte.fm\/radio\/2026\/04\/27\/el-cuarto-soda-llega-a-corrientes\/#breadcrumb\"},\"inLanguage\":\"es-AR\",\"potentialAction\":[{\"@type\":\"ReadAction\",\"target\":[\"https:\/\/www.radiohorizonte.fm\/radio\/2026\/04\/27\/el-cuarto-soda-llega-a-corrientes\/\"]}]},{\"@type\":\"ImageObject\",\"inLanguage\":\"es-AR\",\"@id\":\"https:\/\/www.radiohorizonte.fm\/radio\/2026\/04\/27\/el-cuarto-soda-llega-a-corrientes\/#primaryimage\",\"url\":\"https:\/\/www.radiohorizonte.fm\/radio\/wp-content\/uploads\/2026\/04\/El-Cuarto-Soda-llega-a-Corrientes-scaled.jpg\",\"contentUrl\":\"https:\/\/www.radiohorizonte.fm\/radio\/wp-content\/uploads\/2026\/04\/El-Cuarto-Soda-llega-a-Corrientes-scaled.jpg\",\"width\":2560,\"height\":2048},{\"@type\":\"BreadcrumbList\",\"@id\":\"https:\/\/www.radiohorizonte.fm\/radio\/2026\/04\/27\/el-cuarto-soda-llega-a-corrientes\/#breadcrumb\",\"itemListElement\":[{\"@type\":\"ListItem\",\"position\":1,\"name\":\"Home\",\"item\":\"https:\/\/www.radiohorizonte.fm\/radio\/\"},{\"@type\":\"ListItem\",\"position\":2,\"name\":\"El Cuarto Soda llega a Corrientes\"}]},{\"@type\":\"WebSite\",\"@id\":\"https:\/\/www.radiohorizonte.fm\/radio\/#website\",\"url\":\"https:\/\/www.radiohorizonte.fm\/radio\/\",\"name\":\"Horizonte\",\"description\":\"Radio Horizonte 106.1 - Una radio de clasicos\",\"publisher\":{\"@id\":\"https:\/\/www.radiohorizonte.fm\/radio\/#organization\"},\"potentialAction\":[{\"@type\":\"SearchAction\",\"target\":{\"@type\":\"EntryPoint\",\"urlTemplate\":\"https:\/\/www.radiohorizonte.fm\/radio\/?s={search_term_string}\"},\"query-input\":{\"@type\":\"PropertyValueSpecification\",\"valueRequired\":true,\"valueName\":\"search_term_string\"}}],\"inLanguage\":\"es-AR\"},{\"@type\":\"Organization\",\"@id\":\"https:\/\/www.radiohorizonte.fm\/radio\/#organization\",\"name\":\"Horizonte\",\"url\":\"https:\/\/www.radiohorizonte.fm\/radio\/\",\"logo\":{\"@type\":\"ImageObject\",\"inLanguage\":\"es-AR\",\"@id\":\"https:\/\/www.radiohorizonte.fm\/radio\/#\/schema\/logo\/image\/\",\"url\":\"https:\/\/www.radiohorizonte.fm\/radio\/wp-content\/uploads\/2025\/06\/Portada-FM-Horizonte_modelo-imagen-scaled.jpg\",\"contentUrl\":\"https:\/\/www.radiohorizonte.fm\/radio\/wp-content\/uploads\/2025\/06\/Portada-FM-Horizonte_modelo-imagen-scaled.jpg\",\"width\":2560,\"height\":1056,\"caption\":\"Horizonte\"},\"image\":{\"@id\":\"https:\/\/www.radiohorizonte.fm\/radio\/#\/schema\/logo\/image\/\"},\"sameAs\":[\"http:\/\/www.facebook.com\/HORIZONTE106.1\",\"https:\/\/x.com\/fmhorizonte1061\"]},{\"@type\":\"Person\",\"@id\":\"https:\/\/www.radiohorizonte.fm\/radio\/#\/schema\/person\/f8fa003a405bb86729fd87d15d0ddafa\",\"name\":\"Cristian Galarza\",\"image\":{\"@type\":\"ImageObject\",\"inLanguage\":\"es-AR\",\"@id\":\"https:\/\/www.radiohorizonte.fm\/radio\/#\/schema\/person\/image\/\",\"url\":\"https:\/\/secure.gravatar.com\/avatar\/fad34bc2c773209c05d7d53b08a69b680eeb55f3be014e52b31643d20ab65925?s=96&d=mm&r=g\",\"contentUrl\":\"https:\/\/secure.gravatar.com\/avatar\/fad34bc2c773209c05d7d53b08a69b680eeb55f3be014e52b31643d20ab65925?s=96&d=mm&r=g\",\"caption\":\"Cristian Galarza\"},\"url\":\"https:\/\/www.radiohorizonte.fm\/radio\/author\/cristian\/\"}]}<\/script>\n<!-- \/ Yoast SEO plugin. -->","yoast_head_json":{"title":"El Cuarto Soda llega a Corrientes - Horizonte","robots":{"index":"index","follow":"follow","max-snippet":"max-snippet:-1","max-image-preview":"max-image-preview:large","max-video-preview":"max-video-preview:-1"},"canonical":"https:\/\/www.radiohorizonte.fm\/radio\/2026\/04\/27\/el-cuarto-soda-llega-a-corrientes\/","og_locale":"es_ES","og_type":"article","og_title":"El Cuarto Soda llega a Corrientes - Horizonte","og_description":"La banda de rock homenaje a Soda Stereo se presentar\u00e1 en Corrientes con un show imperdible en el emblem\u00e1tico Teatro Oficial Juan de Vera, el pr\u00f3ximo domingo 3 de mayo a las 20 horas El Cuarto Soda vuelve a Corrientes a pedido del p\u00fablico, en el marco de su gira &#8220;Me Ver\u00e1s Volver Tour&#8221;, el","og_url":"https:\/\/www.radiohorizonte.fm\/radio\/2026\/04\/27\/el-cuarto-soda-llega-a-corrientes\/","og_site_name":"Horizonte","article_publisher":"http:\/\/www.facebook.com\/HORIZONTE106.1","article_published_time":"2026-04-27T10:05:00+00:00","article_modified_time":"2026-04-27T11:59:56+00:00","og_image":[{"width":2560,"height":2048,"url":"https:\/\/www.radiohorizonte.fm\/radio\/wp-content\/uploads\/2026\/04\/El-Cuarto-Soda-llega-a-Corrientes-scaled.jpg","type":"image\/jpeg"}],"author":"Cristian Galarza","twitter_card":"summary_large_image","twitter_creator":"@fmhorizonte1061","twitter_site":"@fmhorizonte1061","twitter_misc":{"Escrito por":"Cristian Galarza","Tiempo de lectura":"3 minutos"},"schema":{"@context":"https:\/\/schema.org","@graph":[{"@type":"Article","@id":"https:\/\/www.radiohorizonte.fm\/radio\/2026\/04\/27\/el-cuarto-soda-llega-a-corrientes\/#article","isPartOf":{"@id":"https:\/\/www.radiohorizonte.fm\/radio\/2026\/04\/27\/el-cuarto-soda-llega-a-corrientes\/"},"author":{"name":"Cristian Galarza","@id":"https:\/\/www.radiohorizonte.fm\/radio\/#\/schema\/person\/f8fa003a405bb86729fd87d15d0ddafa"},"headline":"El Cuarto Soda llega a Corrientes","datePublished":"2026-04-27T10:05:00+00:00","dateModified":"2026-04-27T11:59:56+00:00","mainEntityOfPage":{"@id":"https:\/\/www.radiohorizonte.fm\/radio\/2026\/04\/27\/el-cuarto-soda-llega-a-corrientes\/"},"wordCount":434,"publisher":{"@id":"https:\/\/www.radiohorizonte.fm\/radio\/#organization"},"image":{"@id":"https:\/\/www.radiohorizonte.fm\/radio\/2026\/04\/27\/el-cuarto-soda-llega-a-corrientes\/#primaryimage"},"thumbnailUrl":"https:\/\/www.radiohorizonte.fm\/radio\/wp-content\/uploads\/2026\/04\/El-Cuarto-Soda-llega-a-Corrientes-scaled.jpg","articleSection":["Infomusic"],"inLanguage":"es-AR"},{"@type":"WebPage","@id":"https:\/\/www.radiohorizonte.fm\/radio\/2026\/04\/27\/el-cuarto-soda-llega-a-corrientes\/","url":"https:\/\/www.radiohorizonte.fm\/radio\/2026\/04\/27\/el-cuarto-soda-llega-a-corrientes\/","name":"El Cuarto Soda llega a Corrientes - Horizonte","isPartOf":{"@id":"https:\/\/www.radiohorizonte.fm\/radio\/#website"},"primaryImageOfPage":{"@id":"https:\/\/www.radiohorizonte.fm\/radio\/2026\/04\/27\/el-cuarto-soda-llega-a-corrientes\/#primaryimage"},"image":{"@id":"https:\/\/www.radiohorizonte.fm\/radio\/2026\/04\/27\/el-cuarto-soda-llega-a-corrientes\/#primaryimage"},"thumbnailUrl":"https:\/\/www.radiohorizonte.fm\/radio\/wp-content\/uploads\/2026\/04\/El-Cuarto-Soda-llega-a-Corrientes-scaled.jpg","datePublished":"2026-04-27T10:05:00+00:00","dateModified":"2026-04-27T11:59:56+00:00","breadcrumb":{"@id":"https:\/\/www.radiohorizonte.fm\/radio\/2026\/04\/27\/el-cuarto-soda-llega-a-corrientes\/#breadcrumb"},"inLanguage":"es-AR","potentialAction":[{"@type":"ReadAction","target":["https:\/\/www.radiohorizonte.fm\/radio\/2026\/04\/27\/el-cuarto-soda-llega-a-corrientes\/"]}]},{"@type":"ImageObject","inLanguage":"es-AR","@id":"https:\/\/www.radiohorizonte.fm\/radio\/2026\/04\/27\/el-cuarto-soda-llega-a-corrientes\/#primaryimage","url":"https:\/\/www.radiohorizonte.fm\/radio\/wp-content\/uploads\/2026\/04\/El-Cuarto-Soda-llega-a-Corrientes-scaled.jpg","contentUrl":"https:\/\/www.radiohorizonte.fm\/radio\/wp-content\/uploads\/2026\/04\/El-Cuarto-Soda-llega-a-Corrientes-scaled.jpg","width":2560,"height":2048},{"@type":"BreadcrumbList","@id":"https:\/\/www.radiohorizonte.fm\/radio\/2026\/04\/27\/el-cuarto-soda-llega-a-corrientes\/#breadcrumb","itemListElement":[{"@type":"ListItem","position":1,"name":"Home","item":"https:\/\/www.radiohorizonte.fm\/radio\/"},{"@type":"ListItem","position":2,"name":"El Cuarto Soda llega a Corrientes"}]},{"@type":"WebSite","@id":"https:\/\/www.radiohorizonte.fm\/radio\/#website","url":"https:\/\/www.radiohorizonte.fm\/radio\/","name":"Horizonte","description":"Radio Horizonte 106.1 - Una radio de clasicos","publisher":{"@id":"https:\/\/www.radiohorizonte.fm\/radio\/#organization"},"potentialAction":[{"@type":"SearchAction","target":{"@type":"EntryPoint","urlTemplate":"https:\/\/www.radiohorizonte.fm\/radio\/?s={search_term_string}"},"query-input":{"@type":"PropertyValueSpecification","valueRequired":true,"valueName":"search_term_string"}}],"inLanguage":"es-AR"},{"@type":"Organization","@id":"https:\/\/www.radiohorizonte.fm\/radio\/#organization","name":"Horizonte","url":"https:\/\/www.radiohorizonte.fm\/radio\/","logo":{"@type":"ImageObject","inLanguage":"es-AR","@id":"https:\/\/www.radiohorizonte.fm\/radio\/#\/schema\/logo\/image\/","url":"https:\/\/www.radiohorizonte.fm\/radio\/wp-content\/uploads\/2025\/06\/Portada-FM-Horizonte_modelo-imagen-scaled.jpg","contentUrl":"https:\/\/www.radiohorizonte.fm\/radio\/wp-content\/uploads\/2025\/06\/Portada-FM-Horizonte_modelo-imagen-scaled.jpg","width":2560,"height":1056,"caption":"Horizonte"},"image":{"@id":"https:\/\/www.radiohorizonte.fm\/radio\/#\/schema\/logo\/image\/"},"sameAs":["http:\/\/www.facebook.com\/HORIZONTE106.1","https:\/\/x.com\/fmhorizonte1061"]},{"@type":"Person","@id":"https:\/\/www.radiohorizonte.fm\/radio\/#\/schema\/person\/f8fa003a405bb86729fd87d15d0ddafa","name":"Cristian Galarza","image":{"@type":"ImageObject","inLanguage":"es-AR","@id":"https:\/\/www.radiohorizonte.fm\/radio\/#\/schema\/person\/image\/","url":"https:\/\/secure.gravatar.com\/avatar\/fad34bc2c773209c05d7d53b08a69b680eeb55f3be014e52b31643d20ab65925?s=96&d=mm&r=g","contentUrl":"https:\/\/secure.gravatar.com\/avatar\/fad34bc2c773209c05d7d53b08a69b680eeb55f3be014e52b31643d20ab65925?s=96&d=mm&r=g","caption":"Cristian Galarza"},"url":"https:\/\/www.radiohorizonte.fm\/radio\/author\/cristian\/"}]}},"_links":{"self":[{"href":"https:\/\/www.radiohorizonte.fm\/radio\/wp-json\/wp\/v2\/posts\/50881","targetHints":{"allow":["GET"]}}],"collection":[{"href":"https:\/\/www.radiohorizonte.fm\/radio\/wp-json\/wp\/v2\/posts"}],"about":[{"href":"https:\/\/www.radiohorizonte.fm\/radio\/wp-json\/wp\/v2\/types\/post"}],"author":[{"embeddable":true,"href":"https:\/\/www.radiohorizonte.fm\/radio\/wp-json\/wp\/v2\/users\/2"}],"replies":[{"embeddable":true,"href":"https:\/\/www.radiohorizonte.fm\/radio\/wp-json\/wp\/v2\/comments?post=50881"}],"version-history":[{"count":1,"href":"https:\/\/www.radiohorizonte.fm\/radio\/wp-json\/wp\/v2\/posts\/50881\/revisions"}],"predecessor-version":[{"id":50883,"href":"https:\/\/www.radiohorizonte.fm\/radio\/wp-json\/wp\/v2\/posts\/50881\/revisions\/50883"}],"wp:featuredmedia":[{"embeddable":true,"href":"https:\/\/www.radiohorizonte.fm\/radio\/wp-json\/wp\/v2\/media\/50882"}],"wp:attachment":[{"href":"https:\/\/www.radiohorizonte.fm\/radio\/wp-json\/wp\/v2\/media?parent=50881"}],"wp:term":[{"taxonomy":"category","embeddable":true,"href":"https:\/\/www.radiohorizonte.fm\/radio\/wp-json\/wp\/v2\/categories?post=50881"},{"taxonomy":"post_tag","embeddable":true,"href":"https:\/\/www.radiohorizonte.fm\/radio\/wp-json\/wp\/v2\/tags?post=50881"}],"curies":[{"name":"wp","href":"https:\/\/api.w.org\/{rel}","templated":true}]}}