{"id":50888,"date":"2026-04-28T07:21:09","date_gmt":"2026-04-28T10:21:09","guid":{"rendered":"https:\/\/www.radiohorizonte.fm\/radio\/?p=50888"},"modified":"2026-04-28T07:21:12","modified_gmt":"2026-04-28T10:21:12","slug":"el-gobierno-provincial-recomienda-completar-el-calendario-de-vacunacion-y-antigripal-para-grupos-de-riesgo","status":"publish","type":"post","link":"https:\/\/www.radiohorizonte.fm\/radio\/2026\/04\/28\/el-gobierno-provincial-recomienda-completar-el-calendario-de-vacunacion-y-antigripal-para-grupos-de-riesgo\/","title":{"rendered":"El Gobierno provincial recomienda completar el calendario de vacunaci\u00f3n y antigripal para grupos de riesgo"},"content":{"rendered":"\n<p><em>Las dosis est\u00e1n disponibles en los vacunatorios de Capital y del interior. La vacunaci\u00f3n es la medida de prevenci\u00f3n m\u00e1s efectiva.<\/em><\/p>\n\n\n\n<p>El Gobierno provincial, a trav\u00e9s del Ministerio de Salud P\u00fablica, recuerda la importancia de completar los esquemas de vacunaci\u00f3n en tiempo y forma. La instituci\u00f3n insiste en que los tutores respeten las fechas que se indica en el Calendario Nacional.<\/p>\n\n\n\n<figure class=\"wp-block-image size-large\"><img loading=\"lazy\" decoding=\"async\" width=\"819\" height=\"1024\" src=\"https:\/\/www.radiohorizonte.fm\/radio\/wp-content\/uploads\/2026\/04\/imagen-109114-819x1024.jpg\" alt=\"\" class=\"wp-image-50889\" srcset=\"https:\/\/www.radiohorizonte.fm\/radio\/wp-content\/uploads\/2026\/04\/imagen-109114-819x1024.jpg 819w, https:\/\/www.radiohorizonte.fm\/radio\/wp-content\/uploads\/2026\/04\/imagen-109114-240x300.jpg 240w, https:\/\/www.radiohorizonte.fm\/radio\/wp-content\/uploads\/2026\/04\/imagen-109114-768x960.jpg 768w, https:\/\/www.radiohorizonte.fm\/radio\/wp-content\/uploads\/2026\/04\/imagen-109114-1229x1536.jpg 1229w, https:\/\/www.radiohorizonte.fm\/radio\/wp-content\/uploads\/2026\/04\/imagen-109114-640x800.jpg 640w, https:\/\/www.radiohorizonte.fm\/radio\/wp-content\/uploads\/2026\/04\/imagen-109114.jpg 1280w\" sizes=\"auto, (max-width: 819px) 100vw, 819px\" \/><\/figure>\n\n\n\n<p>Adem\u00e1s, se recomienda la colocaci\u00f3n de Antigripal a las personas que pertenecen a los grupos de riesgo. El titular de la cartera sanitaria, Emilio Lanari Zubiaur, remarc\u00f3 que \u201cla vacunaci\u00f3n es fundamental para la prevenci\u00f3n\u201d.<\/p>\n\n\n\n<p>Ellos son el personal de la salud; embarazadas: en cualquier momento de la gestaci\u00f3n; pu\u00e9rperas: hasta 10 d\u00edas despu\u00e9s del parto, si no la recibieron durante el embarazo; ni\u00f1os de 6 a 24 meses: deben recibir dos dosis separadas por al menos 4 semanas; ni\u00f1os y adultos de 2 a\u00f1os a 64 a\u00f1os con enfermedades: respiratorias, card\u00edacas, inmunodeficiencias cong\u00e9nitas o adquiridas; pacientes oncohematol\u00f3gicos y trasplantados; personas con obesidad, con Diabetes, y personas con insuficiencia renal cr\u00f3nica en di\u00e1lisis: deber\u00e1n presentar orden m\u00e9dica que acredite dicha condici\u00f3n; y las personas mayores de 65 a\u00f1os, quienes no requieren orden m\u00e9dica por tratarse de un grupo de riesgo.<\/p>\n\n\n\n<figure class=\"wp-block-image size-large\"><img loading=\"lazy\" decoding=\"async\" width=\"1024\" height=\"682\" src=\"https:\/\/www.radiohorizonte.fm\/radio\/wp-content\/uploads\/2026\/04\/imagen-109117-1024x682.jpg\" alt=\"\" class=\"wp-image-50890\" srcset=\"https:\/\/www.radiohorizonte.fm\/radio\/wp-content\/uploads\/2026\/04\/imagen-109117-1024x682.jpg 1024w, https:\/\/www.radiohorizonte.fm\/radio\/wp-content\/uploads\/2026\/04\/imagen-109117-300x200.jpg 300w, https:\/\/www.radiohorizonte.fm\/radio\/wp-content\/uploads\/2026\/04\/imagen-109117-768x512.jpg 768w, https:\/\/www.radiohorizonte.fm\/radio\/wp-content\/uploads\/2026\/04\/imagen-109117-1536x1023.jpg 1536w, https:\/\/www.radiohorizonte.fm\/radio\/wp-content\/uploads\/2026\/04\/imagen-109117-640x426.jpg 640w, https:\/\/www.radiohorizonte.fm\/radio\/wp-content\/uploads\/2026\/04\/imagen-109117.jpg 1600w\" sizes=\"auto, (max-width: 1024px) 100vw, 1024px\" \/><\/figure>\n\n\n\n<p>Las dosis est\u00e1n disponibles en los vacunatorios de la provincia. Tienen que concurrir con DNI y carnet de vacunaci\u00f3n.<\/p>\n\n\n\n<p>Cronograma Calendario\/Covid-19\/Antigripal Capital \u2013 Puntos de vacunaci\u00f3n<\/p>\n\n\n\n<p>De lunes a jueves de 8 a 12 y de 14 a 18. El s\u00e1bado 2 de mayo, de 9 a 12.<\/p>\n\n\n\n<p>-Estaci\u00f3n Saludable Plaza Cabral<\/p>\n\n\n\n<p>-Hospital de Campa\u00f1a Escuela Hogar (a partir de 15 a\u00f1os de edad).<\/p>\n\n\n\n<p>-Operativos en barrios y comunidades<\/p>\n\n\n\n<p>-Jornadas en espacios p\u00fablicos e instituciones educativas<\/p>\n\n\n\n<p>El Ministerio de Salud, se suma a la Semana de Vacunaci\u00f3n en las Am\u00e9ricas 2026: tu decisi\u00f3n protege a toda la comunidad. El objetivo es seguir fortaleciendo la vacunaci\u00f3n en toda la provincia, acercando dosis, completando esquemas y cuidando la salud de cada correntino.<\/p>\n\n\n\n<p>Bajo el lema \u201cTu decisi\u00f3n marca la diferencia. Inmunizaci\u00f3n para todos\u201d, recordamos que vacunarse es un acto de cuidado propio y colectivo.<\/p>\n","protected":false},"excerpt":{"rendered":"<div class=\"post-excerpt\"><p>Las dosis est\u00e1n disponibles en los vacunatorios de Capital y del interior. La vacunaci\u00f3n es la medida de prevenci\u00f3n m\u00e1s efectiva. El Gobierno provincial, a trav\u00e9s del Ministerio de Salud P\u00fablica, recuerda la importancia de completar los esquemas de vacunaci\u00f3n en tiempo y forma. La instituci\u00f3n insiste en que los tutores respeten las fechas que<\/p>\n<\/div>","protected":false},"author":2,"featured_media":50890,"comment_status":"closed","ping_status":"closed","sticky":false,"template":"","format":"standard","meta":{"_acf_changed":false,"footnotes":""},"categories":[2],"tags":[],"class_list":["post-50888","post","type-post","status-publish","format-standard","has-post-thumbnail","hentry","category-noticias"],"acf":[],"yoast_head":"<!-- This site is optimized with the Yoast SEO plugin v23.4 - https:\/\/yoast.com\/wordpress\/plugins\/seo\/ -->\n<title>El Gobierno provincial recomienda completar el calendario de vacunaci\u00f3n y antigripal para grupos de riesgo - Horizonte<\/title>\n<meta name=\"robots\" content=\"index, follow, max-snippet:-1, max-image-preview:large, max-video-preview:-1\" \/>\n<link rel=\"canonical\" href=\"https:\/\/www.radiohorizonte.fm\/radio\/2026\/04\/28\/el-gobierno-provincial-recomienda-completar-el-calendario-de-vacunacion-y-antigripal-para-grupos-de-riesgo\/\" \/>\n<meta property=\"og:locale\" content=\"es_ES\" \/>\n<meta property=\"og:type\" content=\"article\" \/>\n<meta property=\"og:title\" content=\"El Gobierno provincial recomienda completar el calendario de vacunaci\u00f3n y antigripal para grupos de riesgo - Horizonte\" \/>\n<meta property=\"og:description\" content=\"Las dosis est\u00e1n disponibles en los vacunatorios de Capital y del interior. La vacunaci\u00f3n es la medida de prevenci\u00f3n m\u00e1s efectiva. El Gobierno provincial, a trav\u00e9s del Ministerio de Salud P\u00fablica, recuerda la importancia de completar los esquemas de vacunaci\u00f3n en tiempo y forma. La instituci\u00f3n insiste en que los tutores respeten las fechas que\" \/>\n<meta property=\"og:url\" content=\"https:\/\/www.radiohorizonte.fm\/radio\/2026\/04\/28\/el-gobierno-provincial-recomienda-completar-el-calendario-de-vacunacion-y-antigripal-para-grupos-de-riesgo\/\" \/>\n<meta property=\"og:site_name\" content=\"Horizonte\" \/>\n<meta property=\"article:publisher\" content=\"http:\/\/www.facebook.com\/HORIZONTE106.1\" \/>\n<meta property=\"article:published_time\" content=\"2026-04-28T10:21:09+00:00\" \/>\n<meta property=\"article:modified_time\" content=\"2026-04-28T10:21:12+00:00\" \/>\n<meta property=\"og:image\" content=\"https:\/\/www.radiohorizonte.fm\/radio\/wp-content\/uploads\/2026\/04\/imagen-109117.jpg\" \/>\n\t<meta property=\"og:image:width\" content=\"1600\" \/>\n\t<meta property=\"og:image:height\" content=\"1066\" \/>\n\t<meta property=\"og:image:type\" content=\"image\/jpeg\" \/>\n<meta name=\"author\" content=\"Cristian Galarza\" \/>\n<meta name=\"twitter:card\" content=\"summary_large_image\" \/>\n<meta name=\"twitter:creator\" content=\"@fmhorizonte1061\" \/>\n<meta name=\"twitter:site\" content=\"@fmhorizonte1061\" \/>\n<meta name=\"twitter:label1\" content=\"Escrito por\" \/>\n\t<meta name=\"twitter:data1\" content=\"Cristian Galarza\" \/>\n\t<meta name=\"twitter:label2\" content=\"Tiempo de lectura\" \/>\n\t<meta name=\"twitter:data2\" content=\"3 minutos\" \/>\n<script type=\"application\/ld+json\" class=\"yoast-schema-graph\">{\"@context\":\"https:\/\/schema.org\",\"@graph\":[{\"@type\":\"Article\",\"@id\":\"https:\/\/www.radiohorizonte.fm\/radio\/2026\/04\/28\/el-gobierno-provincial-recomienda-completar-el-calendario-de-vacunacion-y-antigripal-para-grupos-de-riesgo\/#article\",\"isPartOf\":{\"@id\":\"https:\/\/www.radiohorizonte.fm\/radio\/2026\/04\/28\/el-gobierno-provincial-recomienda-completar-el-calendario-de-vacunacion-y-antigripal-para-grupos-de-riesgo\/\"},\"author\":{\"name\":\"Cristian Galarza\",\"@id\":\"https:\/\/www.radiohorizonte.fm\/radio\/#\/schema\/person\/f8fa003a405bb86729fd87d15d0ddafa\"},\"headline\":\"El Gobierno provincial recomienda completar el calendario de vacunaci\u00f3n y antigripal para grupos de riesgo\",\"datePublished\":\"2026-04-28T10:21:09+00:00\",\"dateModified\":\"2026-04-28T10:21:12+00:00\",\"mainEntityOfPage\":{\"@id\":\"https:\/\/www.radiohorizonte.fm\/radio\/2026\/04\/28\/el-gobierno-provincial-recomienda-completar-el-calendario-de-vacunacion-y-antigripal-para-grupos-de-riesgo\/\"},\"wordCount\":388,\"publisher\":{\"@id\":\"https:\/\/www.radiohorizonte.fm\/radio\/#organization\"},\"image\":{\"@id\":\"https:\/\/www.radiohorizonte.fm\/radio\/2026\/04\/28\/el-gobierno-provincial-recomienda-completar-el-calendario-de-vacunacion-y-antigripal-para-grupos-de-riesgo\/#primaryimage\"},\"thumbnailUrl\":\"https:\/\/www.radiohorizonte.fm\/radio\/wp-content\/uploads\/2026\/04\/imagen-109117.jpg\",\"articleSection\":[\"Noticias\"],\"inLanguage\":\"es-AR\"},{\"@type\":\"WebPage\",\"@id\":\"https:\/\/www.radiohorizonte.fm\/radio\/2026\/04\/28\/el-gobierno-provincial-recomienda-completar-el-calendario-de-vacunacion-y-antigripal-para-grupos-de-riesgo\/\",\"url\":\"https:\/\/www.radiohorizonte.fm\/radio\/2026\/04\/28\/el-gobierno-provincial-recomienda-completar-el-calendario-de-vacunacion-y-antigripal-para-grupos-de-riesgo\/\",\"name\":\"El Gobierno provincial recomienda completar el calendario de vacunaci\u00f3n y antigripal para grupos de riesgo - Horizonte\",\"isPartOf\":{\"@id\":\"https:\/\/www.radiohorizonte.fm\/radio\/#website\"},\"primaryImageOfPage\":{\"@id\":\"https:\/\/www.radiohorizonte.fm\/radio\/2026\/04\/28\/el-gobierno-provincial-recomienda-completar-el-calendario-de-vacunacion-y-antigripal-para-grupos-de-riesgo\/#primaryimage\"},\"image\":{\"@id\":\"https:\/\/www.radiohorizonte.fm\/radio\/2026\/04\/28\/el-gobierno-provincial-recomienda-completar-el-calendario-de-vacunacion-y-antigripal-para-grupos-de-riesgo\/#primaryimage\"},\"thumbnailUrl\":\"https:\/\/www.radiohorizonte.fm\/radio\/wp-content\/uploads\/2026\/04\/imagen-109117.jpg\",\"datePublished\":\"2026-04-28T10:21:09+00:00\",\"dateModified\":\"2026-04-28T10:21:12+00:00\",\"breadcrumb\":{\"@id\":\"https:\/\/www.radiohorizonte.fm\/radio\/2026\/04\/28\/el-gobierno-provincial-recomienda-completar-el-calendario-de-vacunacion-y-antigripal-para-grupos-de-riesgo\/#breadcrumb\"},\"inLanguage\":\"es-AR\",\"potentialAction\":[{\"@type\":\"ReadAction\",\"target\":[\"https:\/\/www.radiohorizonte.fm\/radio\/2026\/04\/28\/el-gobierno-provincial-recomienda-completar-el-calendario-de-vacunacion-y-antigripal-para-grupos-de-riesgo\/\"]}]},{\"@type\":\"ImageObject\",\"inLanguage\":\"es-AR\",\"@id\":\"https:\/\/www.radiohorizonte.fm\/radio\/2026\/04\/28\/el-gobierno-provincial-recomienda-completar-el-calendario-de-vacunacion-y-antigripal-para-grupos-de-riesgo\/#primaryimage\",\"url\":\"https:\/\/www.radiohorizonte.fm\/radio\/wp-content\/uploads\/2026\/04\/imagen-109117.jpg\",\"contentUrl\":\"https:\/\/www.radiohorizonte.fm\/radio\/wp-content\/uploads\/2026\/04\/imagen-109117.jpg\",\"width\":1600,\"height\":1066},{\"@type\":\"BreadcrumbList\",\"@id\":\"https:\/\/www.radiohorizonte.fm\/radio\/2026\/04\/28\/el-gobierno-provincial-recomienda-completar-el-calendario-de-vacunacion-y-antigripal-para-grupos-de-riesgo\/#breadcrumb\",\"itemListElement\":[{\"@type\":\"ListItem\",\"position\":1,\"name\":\"Home\",\"item\":\"https:\/\/www.radiohorizonte.fm\/radio\/\"},{\"@type\":\"ListItem\",\"position\":2,\"name\":\"El Gobierno provincial recomienda completar el calendario de vacunaci\u00f3n y antigripal para grupos de riesgo\"}]},{\"@type\":\"WebSite\",\"@id\":\"https:\/\/www.radiohorizonte.fm\/radio\/#website\",\"url\":\"https:\/\/www.radiohorizonte.fm\/radio\/\",\"name\":\"Horizonte\",\"description\":\"Radio Horizonte 106.1 - Una radio de clasicos\",\"publisher\":{\"@id\":\"https:\/\/www.radiohorizonte.fm\/radio\/#organization\"},\"potentialAction\":[{\"@type\":\"SearchAction\",\"target\":{\"@type\":\"EntryPoint\",\"urlTemplate\":\"https:\/\/www.radiohorizonte.fm\/radio\/?s={search_term_string}\"},\"query-input\":{\"@type\":\"PropertyValueSpecification\",\"valueRequired\":true,\"valueName\":\"search_term_string\"}}],\"inLanguage\":\"es-AR\"},{\"@type\":\"Organization\",\"@id\":\"https:\/\/www.radiohorizonte.fm\/radio\/#organization\",\"name\":\"Horizonte\",\"url\":\"https:\/\/www.radiohorizonte.fm\/radio\/\",\"logo\":{\"@type\":\"ImageObject\",\"inLanguage\":\"es-AR\",\"@id\":\"https:\/\/www.radiohorizonte.fm\/radio\/#\/schema\/logo\/image\/\",\"url\":\"https:\/\/www.radiohorizonte.fm\/radio\/wp-content\/uploads\/2025\/06\/Portada-FM-Horizonte_modelo-imagen-scaled.jpg\",\"contentUrl\":\"https:\/\/www.radiohorizonte.fm\/radio\/wp-content\/uploads\/2025\/06\/Portada-FM-Horizonte_modelo-imagen-scaled.jpg\",\"width\":2560,\"height\":1056,\"caption\":\"Horizonte\"},\"image\":{\"@id\":\"https:\/\/www.radiohorizonte.fm\/radio\/#\/schema\/logo\/image\/\"},\"sameAs\":[\"http:\/\/www.facebook.com\/HORIZONTE106.1\",\"https:\/\/x.com\/fmhorizonte1061\"]},{\"@type\":\"Person\",\"@id\":\"https:\/\/www.radiohorizonte.fm\/radio\/#\/schema\/person\/f8fa003a405bb86729fd87d15d0ddafa\",\"name\":\"Cristian Galarza\",\"image\":{\"@type\":\"ImageObject\",\"inLanguage\":\"es-AR\",\"@id\":\"https:\/\/www.radiohorizonte.fm\/radio\/#\/schema\/person\/image\/\",\"url\":\"https:\/\/secure.gravatar.com\/avatar\/fad34bc2c773209c05d7d53b08a69b680eeb55f3be014e52b31643d20ab65925?s=96&d=mm&r=g\",\"contentUrl\":\"https:\/\/secure.gravatar.com\/avatar\/fad34bc2c773209c05d7d53b08a69b680eeb55f3be014e52b31643d20ab65925?s=96&d=mm&r=g\",\"caption\":\"Cristian Galarza\"},\"url\":\"https:\/\/www.radiohorizonte.fm\/radio\/author\/cristian\/\"}]}<\/script>\n<!-- \/ Yoast SEO plugin. -->","yoast_head_json":{"title":"El Gobierno provincial recomienda completar el calendario de vacunaci\u00f3n y antigripal para grupos de riesgo - Horizonte","robots":{"index":"index","follow":"follow","max-snippet":"max-snippet:-1","max-image-preview":"max-image-preview:large","max-video-preview":"max-video-preview:-1"},"canonical":"https:\/\/www.radiohorizonte.fm\/radio\/2026\/04\/28\/el-gobierno-provincial-recomienda-completar-el-calendario-de-vacunacion-y-antigripal-para-grupos-de-riesgo\/","og_locale":"es_ES","og_type":"article","og_title":"El Gobierno provincial recomienda completar el calendario de vacunaci\u00f3n y antigripal para grupos de riesgo - Horizonte","og_description":"Las dosis est\u00e1n disponibles en los vacunatorios de Capital y del interior. La vacunaci\u00f3n es la medida de prevenci\u00f3n m\u00e1s efectiva. El Gobierno provincial, a trav\u00e9s del Ministerio de Salud P\u00fablica, recuerda la importancia de completar los esquemas de vacunaci\u00f3n en tiempo y forma. La instituci\u00f3n insiste en que los tutores respeten las fechas que","og_url":"https:\/\/www.radiohorizonte.fm\/radio\/2026\/04\/28\/el-gobierno-provincial-recomienda-completar-el-calendario-de-vacunacion-y-antigripal-para-grupos-de-riesgo\/","og_site_name":"Horizonte","article_publisher":"http:\/\/www.facebook.com\/HORIZONTE106.1","article_published_time":"2026-04-28T10:21:09+00:00","article_modified_time":"2026-04-28T10:21:12+00:00","og_image":[{"width":1600,"height":1066,"url":"https:\/\/www.radiohorizonte.fm\/radio\/wp-content\/uploads\/2026\/04\/imagen-109117.jpg","type":"image\/jpeg"}],"author":"Cristian Galarza","twitter_card":"summary_large_image","twitter_creator":"@fmhorizonte1061","twitter_site":"@fmhorizonte1061","twitter_misc":{"Escrito por":"Cristian Galarza","Tiempo de lectura":"3 minutos"},"schema":{"@context":"https:\/\/schema.org","@graph":[{"@type":"Article","@id":"https:\/\/www.radiohorizonte.fm\/radio\/2026\/04\/28\/el-gobierno-provincial-recomienda-completar-el-calendario-de-vacunacion-y-antigripal-para-grupos-de-riesgo\/#article","isPartOf":{"@id":"https:\/\/www.radiohorizonte.fm\/radio\/2026\/04\/28\/el-gobierno-provincial-recomienda-completar-el-calendario-de-vacunacion-y-antigripal-para-grupos-de-riesgo\/"},"author":{"name":"Cristian Galarza","@id":"https:\/\/www.radiohorizonte.fm\/radio\/#\/schema\/person\/f8fa003a405bb86729fd87d15d0ddafa"},"headline":"El Gobierno provincial recomienda completar el calendario de vacunaci\u00f3n y antigripal para grupos de riesgo","datePublished":"2026-04-28T10:21:09+00:00","dateModified":"2026-04-28T10:21:12+00:00","mainEntityOfPage":{"@id":"https:\/\/www.radiohorizonte.fm\/radio\/2026\/04\/28\/el-gobierno-provincial-recomienda-completar-el-calendario-de-vacunacion-y-antigripal-para-grupos-de-riesgo\/"},"wordCount":388,"publisher":{"@id":"https:\/\/www.radiohorizonte.fm\/radio\/#organization"},"image":{"@id":"https:\/\/www.radiohorizonte.fm\/radio\/2026\/04\/28\/el-gobierno-provincial-recomienda-completar-el-calendario-de-vacunacion-y-antigripal-para-grupos-de-riesgo\/#primaryimage"},"thumbnailUrl":"https:\/\/www.radiohorizonte.fm\/radio\/wp-content\/uploads\/2026\/04\/imagen-109117.jpg","articleSection":["Noticias"],"inLanguage":"es-AR"},{"@type":"WebPage","@id":"https:\/\/www.radiohorizonte.fm\/radio\/2026\/04\/28\/el-gobierno-provincial-recomienda-completar-el-calendario-de-vacunacion-y-antigripal-para-grupos-de-riesgo\/","url":"https:\/\/www.radiohorizonte.fm\/radio\/2026\/04\/28\/el-gobierno-provincial-recomienda-completar-el-calendario-de-vacunacion-y-antigripal-para-grupos-de-riesgo\/","name":"El Gobierno provincial recomienda completar el calendario de vacunaci\u00f3n y antigripal para grupos de riesgo - Horizonte","isPartOf":{"@id":"https:\/\/www.radiohorizonte.fm\/radio\/#website"},"primaryImageOfPage":{"@id":"https:\/\/www.radiohorizonte.fm\/radio\/2026\/04\/28\/el-gobierno-provincial-recomienda-completar-el-calendario-de-vacunacion-y-antigripal-para-grupos-de-riesgo\/#primaryimage"},"image":{"@id":"https:\/\/www.radiohorizonte.fm\/radio\/2026\/04\/28\/el-gobierno-provincial-recomienda-completar-el-calendario-de-vacunacion-y-antigripal-para-grupos-de-riesgo\/#primaryimage"},"thumbnailUrl":"https:\/\/www.radiohorizonte.fm\/radio\/wp-content\/uploads\/2026\/04\/imagen-109117.jpg","datePublished":"2026-04-28T10:21:09+00:00","dateModified":"2026-04-28T10:21:12+00:00","breadcrumb":{"@id":"https:\/\/www.radiohorizonte.fm\/radio\/2026\/04\/28\/el-gobierno-provincial-recomienda-completar-el-calendario-de-vacunacion-y-antigripal-para-grupos-de-riesgo\/#breadcrumb"},"inLanguage":"es-AR","potentialAction":[{"@type":"ReadAction","target":["https:\/\/www.radiohorizonte.fm\/radio\/2026\/04\/28\/el-gobierno-provincial-recomienda-completar-el-calendario-de-vacunacion-y-antigripal-para-grupos-de-riesgo\/"]}]},{"@type":"ImageObject","inLanguage":"es-AR","@id":"https:\/\/www.radiohorizonte.fm\/radio\/2026\/04\/28\/el-gobierno-provincial-recomienda-completar-el-calendario-de-vacunacion-y-antigripal-para-grupos-de-riesgo\/#primaryimage","url":"https:\/\/www.radiohorizonte.fm\/radio\/wp-content\/uploads\/2026\/04\/imagen-109117.jpg","contentUrl":"https:\/\/www.radiohorizonte.fm\/radio\/wp-content\/uploads\/2026\/04\/imagen-109117.jpg","width":1600,"height":1066},{"@type":"BreadcrumbList","@id":"https:\/\/www.radiohorizonte.fm\/radio\/2026\/04\/28\/el-gobierno-provincial-recomienda-completar-el-calendario-de-vacunacion-y-antigripal-para-grupos-de-riesgo\/#breadcrumb","itemListElement":[{"@type":"ListItem","position":1,"name":"Home","item":"https:\/\/www.radiohorizonte.fm\/radio\/"},{"@type":"ListItem","position":2,"name":"El Gobierno provincial recomienda completar el calendario de vacunaci\u00f3n y antigripal para grupos de riesgo"}]},{"@type":"WebSite","@id":"https:\/\/www.radiohorizonte.fm\/radio\/#website","url":"https:\/\/www.radiohorizonte.fm\/radio\/","name":"Horizonte","description":"Radio Horizonte 106.1 - Una radio de clasicos","publisher":{"@id":"https:\/\/www.radiohorizonte.fm\/radio\/#organization"},"potentialAction":[{"@type":"SearchAction","target":{"@type":"EntryPoint","urlTemplate":"https:\/\/www.radiohorizonte.fm\/radio\/?s={search_term_string}"},"query-input":{"@type":"PropertyValueSpecification","valueRequired":true,"valueName":"search_term_string"}}],"inLanguage":"es-AR"},{"@type":"Organization","@id":"https:\/\/www.radiohorizonte.fm\/radio\/#organization","name":"Horizonte","url":"https:\/\/www.radiohorizonte.fm\/radio\/","logo":{"@type":"ImageObject","inLanguage":"es-AR","@id":"https:\/\/www.radiohorizonte.fm\/radio\/#\/schema\/logo\/image\/","url":"https:\/\/www.radiohorizonte.fm\/radio\/wp-content\/uploads\/2025\/06\/Portada-FM-Horizonte_modelo-imagen-scaled.jpg","contentUrl":"https:\/\/www.radiohorizonte.fm\/radio\/wp-content\/uploads\/2025\/06\/Portada-FM-Horizonte_modelo-imagen-scaled.jpg","width":2560,"height":1056,"caption":"Horizonte"},"image":{"@id":"https:\/\/www.radiohorizonte.fm\/radio\/#\/schema\/logo\/image\/"},"sameAs":["http:\/\/www.facebook.com\/HORIZONTE106.1","https:\/\/x.com\/fmhorizonte1061"]},{"@type":"Person","@id":"https:\/\/www.radiohorizonte.fm\/radio\/#\/schema\/person\/f8fa003a405bb86729fd87d15d0ddafa","name":"Cristian Galarza","image":{"@type":"ImageObject","inLanguage":"es-AR","@id":"https:\/\/www.radiohorizonte.fm\/radio\/#\/schema\/person\/image\/","url":"https:\/\/secure.gravatar.com\/avatar\/fad34bc2c773209c05d7d53b08a69b680eeb55f3be014e52b31643d20ab65925?s=96&d=mm&r=g","contentUrl":"https:\/\/secure.gravatar.com\/avatar\/fad34bc2c773209c05d7d53b08a69b680eeb55f3be014e52b31643d20ab65925?s=96&d=mm&r=g","caption":"Cristian Galarza"},"url":"https:\/\/www.radiohorizonte.fm\/radio\/author\/cristian\/"}]}},"_links":{"self":[{"href":"https:\/\/www.radiohorizonte.fm\/radio\/wp-json\/wp\/v2\/posts\/50888","targetHints":{"allow":["GET"]}}],"collection":[{"href":"https:\/\/www.radiohorizonte.fm\/radio\/wp-json\/wp\/v2\/posts"}],"about":[{"href":"https:\/\/www.radiohorizonte.fm\/radio\/wp-json\/wp\/v2\/types\/post"}],"author":[{"embeddable":true,"href":"https:\/\/www.radiohorizonte.fm\/radio\/wp-json\/wp\/v2\/users\/2"}],"replies":[{"embeddable":true,"href":"https:\/\/www.radiohorizonte.fm\/radio\/wp-json\/wp\/v2\/comments?post=50888"}],"version-history":[{"count":1,"href":"https:\/\/www.radiohorizonte.fm\/radio\/wp-json\/wp\/v2\/posts\/50888\/revisions"}],"predecessor-version":[{"id":50891,"href":"https:\/\/www.radiohorizonte.fm\/radio\/wp-json\/wp\/v2\/posts\/50888\/revisions\/50891"}],"wp:featuredmedia":[{"embeddable":true,"href":"https:\/\/www.radiohorizonte.fm\/radio\/wp-json\/wp\/v2\/media\/50890"}],"wp:attachment":[{"href":"https:\/\/www.radiohorizonte.fm\/radio\/wp-json\/wp\/v2\/media?parent=50888"}],"wp:term":[{"taxonomy":"category","embeddable":true,"href":"https:\/\/www.radiohorizonte.fm\/radio\/wp-json\/wp\/v2\/categories?post=50888"},{"taxonomy":"post_tag","embeddable":true,"href":"https:\/\/www.radiohorizonte.fm\/radio\/wp-json\/wp\/v2\/tags?post=50888"}],"curies":[{"name":"wp","href":"https:\/\/api.w.org\/{rel}","templated":true}]}}