{"id":50897,"date":"2026-04-28T07:28:03","date_gmt":"2026-04-28T10:28:03","guid":{"rendered":"https:\/\/www.radiohorizonte.fm\/radio\/?p=50897"},"modified":"2026-04-28T07:28:04","modified_gmt":"2026-04-28T10:28:04","slug":"vischi-propone-flexibilizar-las-paso-y-eliminar-la-obligatoriedad-de-ir-a-votar","status":"publish","type":"post","link":"https:\/\/www.radiohorizonte.fm\/radio\/2026\/04\/28\/vischi-propone-flexibilizar-las-paso-y-eliminar-la-obligatoriedad-de-ir-a-votar\/","title":{"rendered":"Vischi propone flexibilizar las PASO y eliminar la obligatoriedad de ir a votar"},"content":{"rendered":"\n<p>El jefe del bloque de la UCR en el Senado nacional, el correntino Eduardo Vischi, present\u00f3 un proyecto para que las elecciones primarias, abiertas, simult\u00e1neas y obligatorias (PASO) no sean obligatorias para los ciudadanos, eliminando la sanci\u00f3n o carga p\u00fablica de asistir; permite que las agrupaciones sin competencia interna eviten esta instancia y establece un umbral m\u00ednimo del 10 % del padr\u00f3n para que se lleven adelante.<\/p>\n\n\n\n<figure class=\"wp-block-image size-full\"><img loading=\"lazy\" decoding=\"async\" width=\"850\" height=\"850\" src=\"https:\/\/www.radiohorizonte.fm\/radio\/wp-content\/uploads\/2026\/04\/82342w850h850c.jpg.webp\" alt=\"\" class=\"wp-image-50898\" srcset=\"https:\/\/www.radiohorizonte.fm\/radio\/wp-content\/uploads\/2026\/04\/82342w850h850c.jpg.webp 850w, https:\/\/www.radiohorizonte.fm\/radio\/wp-content\/uploads\/2026\/04\/82342w850h850c.jpg-300x300.webp 300w, https:\/\/www.radiohorizonte.fm\/radio\/wp-content\/uploads\/2026\/04\/82342w850h850c.jpg-150x150.webp 150w, https:\/\/www.radiohorizonte.fm\/radio\/wp-content\/uploads\/2026\/04\/82342w850h850c.jpg-768x768.webp 768w, https:\/\/www.radiohorizonte.fm\/radio\/wp-content\/uploads\/2026\/04\/82342w850h850c.jpg-640x640.webp 640w\" sizes=\"auto, (max-width: 850px) 100vw, 850px\" \/><\/figure>\n\n\n\n<p>&#8220;No buscamos eliminar las PASO, nos parecen una herramienta positiva, que fortalece el sistema democr\u00e1tico y fomenta la participaci\u00f3n, pero s\u00ed observamos que, para los casos en que no hay competencia interna entre candidatos, podr\u00edan evitarse&#8221;, explic\u00f3.<\/p>\n\n\n\n<p>Vischi agreg\u00f3 que, con esta propuesta, se busca &#8220;un equilibrio entre el derecho a la participaci\u00f3n y la necesidad de administrar adecuadamente. Elegir es nuestro derecho y seguir\u00e1 si\u00e9ndolo, pero debemos cuidar los recursos de todos haciendo un uso eficiente de ellos y orient\u00e1ndolos hacia donde verdaderamente se necesitan&#8221;, plante\u00f3.<\/p>\n\n\n\n<p>El senador radical por Corrientes impulsa el proyecto justo cuando el presidente Javier Milei envi\u00f3 al Congreso la reforma electoral, en la que propone eliminar las PASO.<\/p>\n\n\n\n<p>Esa propuesta hizo aflorar las diferencias internas en la UCR en el Senado, ya que el senador bonaerense Maximiliano Abad solo acepta que no se realicen cuando no haya competencias internas, pero mantiene la exigencia de ir a votar cuando se realicen las PASO.<\/p>\n\n\n\n<p>La postura que asuma la UCR es clave para el Gobierno, ya que tiene 10 votos que son determinantes para el oficialismo para poder avanzar con la sanci\u00f3n de la reforma electoral, que se debe votar con mayor\u00eda absoluta de 37 votos en el Senado y 129 en Diputados.<\/p>\n\n\n\n<p>&#8220;Es razonable exceptuar las PASO cuando existe lista \u00fanica para evitar movilizaciones y gastos est\u00e9riles. Sin embargo, reducir este debate al mero \u2018ahorro fiscal\u2019 es un error conceptual: la democracia no es un gasto administrativo, es una inversi\u00f3n en libertad&#8221;, se\u00f1al\u00f3.<\/p>\n\n\n\n<p>Destac\u00f3 que, &#8220;bajo ning\u00fan concepto&#8221;, avalar\u00e1 &#8220;el retorno de las decisiones a las c\u00fapulas partidarias. Estoy a favor de modernizar las primarias o estructurar un nuevo sistema, siempre y cuando se aseguren competencia y transparencia. La ciudadan\u00eda debe seguir siendo la protagonista en la selecci\u00f3n de candidaturas&#8221;, dijo.<\/p>\n\n\n\n<p><strong>Redacci\u00f3n y Noticias Argentinas<\/strong><\/p>\n","protected":false},"excerpt":{"rendered":"<div class=\"post-excerpt\"><p>El jefe del bloque de la UCR en el Senado nacional, el correntino Eduardo Vischi, present\u00f3 un proyecto para que las elecciones primarias, abiertas, simult\u00e1neas y obligatorias (PASO) no sean obligatorias para los ciudadanos, eliminando la sanci\u00f3n o carga p\u00fablica de asistir; permite que las agrupaciones sin competencia interna eviten esta instancia y establece un<\/p>\n<\/div>","protected":false},"author":2,"featured_media":50898,"comment_status":"closed","ping_status":"closed","sticky":false,"template":"","format":"standard","meta":{"_acf_changed":false,"footnotes":""},"categories":[2],"tags":[],"class_list":["post-50897","post","type-post","status-publish","format-standard","has-post-thumbnail","hentry","category-noticias"],"acf":[],"yoast_head":"<!-- This site is optimized with the Yoast SEO plugin v23.4 - https:\/\/yoast.com\/wordpress\/plugins\/seo\/ -->\n<title>Vischi propone flexibilizar las PASO y eliminar la obligatoriedad de ir a votar - Horizonte<\/title>\n<meta name=\"robots\" content=\"index, follow, max-snippet:-1, max-image-preview:large, max-video-preview:-1\" \/>\n<link rel=\"canonical\" href=\"https:\/\/www.radiohorizonte.fm\/radio\/2026\/04\/28\/vischi-propone-flexibilizar-las-paso-y-eliminar-la-obligatoriedad-de-ir-a-votar\/\" \/>\n<meta property=\"og:locale\" content=\"es_ES\" \/>\n<meta property=\"og:type\" content=\"article\" \/>\n<meta property=\"og:title\" content=\"Vischi propone flexibilizar las PASO y eliminar la obligatoriedad de ir a votar - Horizonte\" \/>\n<meta property=\"og:description\" content=\"El jefe del bloque de la UCR en el Senado nacional, el correntino Eduardo Vischi, present\u00f3 un proyecto para que las elecciones primarias, abiertas, simult\u00e1neas y obligatorias (PASO) no sean obligatorias para los ciudadanos, eliminando la sanci\u00f3n o carga p\u00fablica de asistir; permite que las agrupaciones sin competencia interna eviten esta instancia y establece un\" \/>\n<meta property=\"og:url\" content=\"https:\/\/www.radiohorizonte.fm\/radio\/2026\/04\/28\/vischi-propone-flexibilizar-las-paso-y-eliminar-la-obligatoriedad-de-ir-a-votar\/\" \/>\n<meta property=\"og:site_name\" content=\"Horizonte\" \/>\n<meta property=\"article:publisher\" content=\"http:\/\/www.facebook.com\/HORIZONTE106.1\" \/>\n<meta property=\"article:published_time\" content=\"2026-04-28T10:28:03+00:00\" \/>\n<meta property=\"article:modified_time\" content=\"2026-04-28T10:28:04+00:00\" \/>\n<meta property=\"og:image\" content=\"https:\/\/www.radiohorizonte.fm\/radio\/wp-content\/uploads\/2026\/04\/82342w850h850c.jpg.webp\" \/>\n\t<meta property=\"og:image:width\" content=\"850\" \/>\n\t<meta property=\"og:image:height\" content=\"850\" \/>\n\t<meta property=\"og:image:type\" content=\"image\/webp\" \/>\n<meta name=\"author\" content=\"Cristian Galarza\" \/>\n<meta name=\"twitter:card\" content=\"summary_large_image\" \/>\n<meta name=\"twitter:creator\" content=\"@fmhorizonte1061\" \/>\n<meta name=\"twitter:site\" content=\"@fmhorizonte1061\" \/>\n<meta name=\"twitter:label1\" content=\"Escrito por\" \/>\n\t<meta name=\"twitter:data1\" content=\"Cristian Galarza\" \/>\n\t<meta name=\"twitter:label2\" content=\"Tiempo de lectura\" \/>\n\t<meta name=\"twitter:data2\" content=\"3 minutos\" \/>\n<script type=\"application\/ld+json\" class=\"yoast-schema-graph\">{\"@context\":\"https:\/\/schema.org\",\"@graph\":[{\"@type\":\"Article\",\"@id\":\"https:\/\/www.radiohorizonte.fm\/radio\/2026\/04\/28\/vischi-propone-flexibilizar-las-paso-y-eliminar-la-obligatoriedad-de-ir-a-votar\/#article\",\"isPartOf\":{\"@id\":\"https:\/\/www.radiohorizonte.fm\/radio\/2026\/04\/28\/vischi-propone-flexibilizar-las-paso-y-eliminar-la-obligatoriedad-de-ir-a-votar\/\"},\"author\":{\"name\":\"Cristian Galarza\",\"@id\":\"https:\/\/www.radiohorizonte.fm\/radio\/#\/schema\/person\/f8fa003a405bb86729fd87d15d0ddafa\"},\"headline\":\"Vischi propone flexibilizar las PASO y eliminar la obligatoriedad de ir a votar\",\"datePublished\":\"2026-04-28T10:28:03+00:00\",\"dateModified\":\"2026-04-28T10:28:04+00:00\",\"mainEntityOfPage\":{\"@id\":\"https:\/\/www.radiohorizonte.fm\/radio\/2026\/04\/28\/vischi-propone-flexibilizar-las-paso-y-eliminar-la-obligatoriedad-de-ir-a-votar\/\"},\"wordCount\":396,\"publisher\":{\"@id\":\"https:\/\/www.radiohorizonte.fm\/radio\/#organization\"},\"image\":{\"@id\":\"https:\/\/www.radiohorizonte.fm\/radio\/2026\/04\/28\/vischi-propone-flexibilizar-las-paso-y-eliminar-la-obligatoriedad-de-ir-a-votar\/#primaryimage\"},\"thumbnailUrl\":\"https:\/\/www.radiohorizonte.fm\/radio\/wp-content\/uploads\/2026\/04\/82342w850h850c.jpg.webp\",\"articleSection\":[\"Noticias\"],\"inLanguage\":\"es-AR\"},{\"@type\":\"WebPage\",\"@id\":\"https:\/\/www.radiohorizonte.fm\/radio\/2026\/04\/28\/vischi-propone-flexibilizar-las-paso-y-eliminar-la-obligatoriedad-de-ir-a-votar\/\",\"url\":\"https:\/\/www.radiohorizonte.fm\/radio\/2026\/04\/28\/vischi-propone-flexibilizar-las-paso-y-eliminar-la-obligatoriedad-de-ir-a-votar\/\",\"name\":\"Vischi propone flexibilizar las PASO y eliminar la obligatoriedad de ir a votar - Horizonte\",\"isPartOf\":{\"@id\":\"https:\/\/www.radiohorizonte.fm\/radio\/#website\"},\"primaryImageOfPage\":{\"@id\":\"https:\/\/www.radiohorizonte.fm\/radio\/2026\/04\/28\/vischi-propone-flexibilizar-las-paso-y-eliminar-la-obligatoriedad-de-ir-a-votar\/#primaryimage\"},\"image\":{\"@id\":\"https:\/\/www.radiohorizonte.fm\/radio\/2026\/04\/28\/vischi-propone-flexibilizar-las-paso-y-eliminar-la-obligatoriedad-de-ir-a-votar\/#primaryimage\"},\"thumbnailUrl\":\"https:\/\/www.radiohorizonte.fm\/radio\/wp-content\/uploads\/2026\/04\/82342w850h850c.jpg.webp\",\"datePublished\":\"2026-04-28T10:28:03+00:00\",\"dateModified\":\"2026-04-28T10:28:04+00:00\",\"breadcrumb\":{\"@id\":\"https:\/\/www.radiohorizonte.fm\/radio\/2026\/04\/28\/vischi-propone-flexibilizar-las-paso-y-eliminar-la-obligatoriedad-de-ir-a-votar\/#breadcrumb\"},\"inLanguage\":\"es-AR\",\"potentialAction\":[{\"@type\":\"ReadAction\",\"target\":[\"https:\/\/www.radiohorizonte.fm\/radio\/2026\/04\/28\/vischi-propone-flexibilizar-las-paso-y-eliminar-la-obligatoriedad-de-ir-a-votar\/\"]}]},{\"@type\":\"ImageObject\",\"inLanguage\":\"es-AR\",\"@id\":\"https:\/\/www.radiohorizonte.fm\/radio\/2026\/04\/28\/vischi-propone-flexibilizar-las-paso-y-eliminar-la-obligatoriedad-de-ir-a-votar\/#primaryimage\",\"url\":\"https:\/\/www.radiohorizonte.fm\/radio\/wp-content\/uploads\/2026\/04\/82342w850h850c.jpg.webp\",\"contentUrl\":\"https:\/\/www.radiohorizonte.fm\/radio\/wp-content\/uploads\/2026\/04\/82342w850h850c.jpg.webp\",\"width\":850,\"height\":850},{\"@type\":\"BreadcrumbList\",\"@id\":\"https:\/\/www.radiohorizonte.fm\/radio\/2026\/04\/28\/vischi-propone-flexibilizar-las-paso-y-eliminar-la-obligatoriedad-de-ir-a-votar\/#breadcrumb\",\"itemListElement\":[{\"@type\":\"ListItem\",\"position\":1,\"name\":\"Home\",\"item\":\"https:\/\/www.radiohorizonte.fm\/radio\/\"},{\"@type\":\"ListItem\",\"position\":2,\"name\":\"Vischi propone flexibilizar las PASO y eliminar la obligatoriedad de ir a votar\"}]},{\"@type\":\"WebSite\",\"@id\":\"https:\/\/www.radiohorizonte.fm\/radio\/#website\",\"url\":\"https:\/\/www.radiohorizonte.fm\/radio\/\",\"name\":\"Horizonte\",\"description\":\"Radio Horizonte 106.1 - Una radio de clasicos\",\"publisher\":{\"@id\":\"https:\/\/www.radiohorizonte.fm\/radio\/#organization\"},\"potentialAction\":[{\"@type\":\"SearchAction\",\"target\":{\"@type\":\"EntryPoint\",\"urlTemplate\":\"https:\/\/www.radiohorizonte.fm\/radio\/?s={search_term_string}\"},\"query-input\":{\"@type\":\"PropertyValueSpecification\",\"valueRequired\":true,\"valueName\":\"search_term_string\"}}],\"inLanguage\":\"es-AR\"},{\"@type\":\"Organization\",\"@id\":\"https:\/\/www.radiohorizonte.fm\/radio\/#organization\",\"name\":\"Horizonte\",\"url\":\"https:\/\/www.radiohorizonte.fm\/radio\/\",\"logo\":{\"@type\":\"ImageObject\",\"inLanguage\":\"es-AR\",\"@id\":\"https:\/\/www.radiohorizonte.fm\/radio\/#\/schema\/logo\/image\/\",\"url\":\"https:\/\/www.radiohorizonte.fm\/radio\/wp-content\/uploads\/2025\/06\/Portada-FM-Horizonte_modelo-imagen-scaled.jpg\",\"contentUrl\":\"https:\/\/www.radiohorizonte.fm\/radio\/wp-content\/uploads\/2025\/06\/Portada-FM-Horizonte_modelo-imagen-scaled.jpg\",\"width\":2560,\"height\":1056,\"caption\":\"Horizonte\"},\"image\":{\"@id\":\"https:\/\/www.radiohorizonte.fm\/radio\/#\/schema\/logo\/image\/\"},\"sameAs\":[\"http:\/\/www.facebook.com\/HORIZONTE106.1\",\"https:\/\/x.com\/fmhorizonte1061\"]},{\"@type\":\"Person\",\"@id\":\"https:\/\/www.radiohorizonte.fm\/radio\/#\/schema\/person\/f8fa003a405bb86729fd87d15d0ddafa\",\"name\":\"Cristian Galarza\",\"image\":{\"@type\":\"ImageObject\",\"inLanguage\":\"es-AR\",\"@id\":\"https:\/\/www.radiohorizonte.fm\/radio\/#\/schema\/person\/image\/\",\"url\":\"https:\/\/secure.gravatar.com\/avatar\/fad34bc2c773209c05d7d53b08a69b680eeb55f3be014e52b31643d20ab65925?s=96&d=mm&r=g\",\"contentUrl\":\"https:\/\/secure.gravatar.com\/avatar\/fad34bc2c773209c05d7d53b08a69b680eeb55f3be014e52b31643d20ab65925?s=96&d=mm&r=g\",\"caption\":\"Cristian Galarza\"},\"url\":\"https:\/\/www.radiohorizonte.fm\/radio\/author\/cristian\/\"}]}<\/script>\n<!-- \/ Yoast SEO plugin. -->","yoast_head_json":{"title":"Vischi propone flexibilizar las PASO y eliminar la obligatoriedad de ir a votar - Horizonte","robots":{"index":"index","follow":"follow","max-snippet":"max-snippet:-1","max-image-preview":"max-image-preview:large","max-video-preview":"max-video-preview:-1"},"canonical":"https:\/\/www.radiohorizonte.fm\/radio\/2026\/04\/28\/vischi-propone-flexibilizar-las-paso-y-eliminar-la-obligatoriedad-de-ir-a-votar\/","og_locale":"es_ES","og_type":"article","og_title":"Vischi propone flexibilizar las PASO y eliminar la obligatoriedad de ir a votar - Horizonte","og_description":"El jefe del bloque de la UCR en el Senado nacional, el correntino Eduardo Vischi, present\u00f3 un proyecto para que las elecciones primarias, abiertas, simult\u00e1neas y obligatorias (PASO) no sean obligatorias para los ciudadanos, eliminando la sanci\u00f3n o carga p\u00fablica de asistir; permite que las agrupaciones sin competencia interna eviten esta instancia y establece un","og_url":"https:\/\/www.radiohorizonte.fm\/radio\/2026\/04\/28\/vischi-propone-flexibilizar-las-paso-y-eliminar-la-obligatoriedad-de-ir-a-votar\/","og_site_name":"Horizonte","article_publisher":"http:\/\/www.facebook.com\/HORIZONTE106.1","article_published_time":"2026-04-28T10:28:03+00:00","article_modified_time":"2026-04-28T10:28:04+00:00","og_image":[{"width":850,"height":850,"url":"https:\/\/www.radiohorizonte.fm\/radio\/wp-content\/uploads\/2026\/04\/82342w850h850c.jpg.webp","type":"image\/webp"}],"author":"Cristian Galarza","twitter_card":"summary_large_image","twitter_creator":"@fmhorizonte1061","twitter_site":"@fmhorizonte1061","twitter_misc":{"Escrito por":"Cristian Galarza","Tiempo de lectura":"3 minutos"},"schema":{"@context":"https:\/\/schema.org","@graph":[{"@type":"Article","@id":"https:\/\/www.radiohorizonte.fm\/radio\/2026\/04\/28\/vischi-propone-flexibilizar-las-paso-y-eliminar-la-obligatoriedad-de-ir-a-votar\/#article","isPartOf":{"@id":"https:\/\/www.radiohorizonte.fm\/radio\/2026\/04\/28\/vischi-propone-flexibilizar-las-paso-y-eliminar-la-obligatoriedad-de-ir-a-votar\/"},"author":{"name":"Cristian Galarza","@id":"https:\/\/www.radiohorizonte.fm\/radio\/#\/schema\/person\/f8fa003a405bb86729fd87d15d0ddafa"},"headline":"Vischi propone flexibilizar las PASO y eliminar la obligatoriedad de ir a votar","datePublished":"2026-04-28T10:28:03+00:00","dateModified":"2026-04-28T10:28:04+00:00","mainEntityOfPage":{"@id":"https:\/\/www.radiohorizonte.fm\/radio\/2026\/04\/28\/vischi-propone-flexibilizar-las-paso-y-eliminar-la-obligatoriedad-de-ir-a-votar\/"},"wordCount":396,"publisher":{"@id":"https:\/\/www.radiohorizonte.fm\/radio\/#organization"},"image":{"@id":"https:\/\/www.radiohorizonte.fm\/radio\/2026\/04\/28\/vischi-propone-flexibilizar-las-paso-y-eliminar-la-obligatoriedad-de-ir-a-votar\/#primaryimage"},"thumbnailUrl":"https:\/\/www.radiohorizonte.fm\/radio\/wp-content\/uploads\/2026\/04\/82342w850h850c.jpg.webp","articleSection":["Noticias"],"inLanguage":"es-AR"},{"@type":"WebPage","@id":"https:\/\/www.radiohorizonte.fm\/radio\/2026\/04\/28\/vischi-propone-flexibilizar-las-paso-y-eliminar-la-obligatoriedad-de-ir-a-votar\/","url":"https:\/\/www.radiohorizonte.fm\/radio\/2026\/04\/28\/vischi-propone-flexibilizar-las-paso-y-eliminar-la-obligatoriedad-de-ir-a-votar\/","name":"Vischi propone flexibilizar las PASO y eliminar la obligatoriedad de ir a votar - Horizonte","isPartOf":{"@id":"https:\/\/www.radiohorizonte.fm\/radio\/#website"},"primaryImageOfPage":{"@id":"https:\/\/www.radiohorizonte.fm\/radio\/2026\/04\/28\/vischi-propone-flexibilizar-las-paso-y-eliminar-la-obligatoriedad-de-ir-a-votar\/#primaryimage"},"image":{"@id":"https:\/\/www.radiohorizonte.fm\/radio\/2026\/04\/28\/vischi-propone-flexibilizar-las-paso-y-eliminar-la-obligatoriedad-de-ir-a-votar\/#primaryimage"},"thumbnailUrl":"https:\/\/www.radiohorizonte.fm\/radio\/wp-content\/uploads\/2026\/04\/82342w850h850c.jpg.webp","datePublished":"2026-04-28T10:28:03+00:00","dateModified":"2026-04-28T10:28:04+00:00","breadcrumb":{"@id":"https:\/\/www.radiohorizonte.fm\/radio\/2026\/04\/28\/vischi-propone-flexibilizar-las-paso-y-eliminar-la-obligatoriedad-de-ir-a-votar\/#breadcrumb"},"inLanguage":"es-AR","potentialAction":[{"@type":"ReadAction","target":["https:\/\/www.radiohorizonte.fm\/radio\/2026\/04\/28\/vischi-propone-flexibilizar-las-paso-y-eliminar-la-obligatoriedad-de-ir-a-votar\/"]}]},{"@type":"ImageObject","inLanguage":"es-AR","@id":"https:\/\/www.radiohorizonte.fm\/radio\/2026\/04\/28\/vischi-propone-flexibilizar-las-paso-y-eliminar-la-obligatoriedad-de-ir-a-votar\/#primaryimage","url":"https:\/\/www.radiohorizonte.fm\/radio\/wp-content\/uploads\/2026\/04\/82342w850h850c.jpg.webp","contentUrl":"https:\/\/www.radiohorizonte.fm\/radio\/wp-content\/uploads\/2026\/04\/82342w850h850c.jpg.webp","width":850,"height":850},{"@type":"BreadcrumbList","@id":"https:\/\/www.radiohorizonte.fm\/radio\/2026\/04\/28\/vischi-propone-flexibilizar-las-paso-y-eliminar-la-obligatoriedad-de-ir-a-votar\/#breadcrumb","itemListElement":[{"@type":"ListItem","position":1,"name":"Home","item":"https:\/\/www.radiohorizonte.fm\/radio\/"},{"@type":"ListItem","position":2,"name":"Vischi propone flexibilizar las PASO y eliminar la obligatoriedad de ir a votar"}]},{"@type":"WebSite","@id":"https:\/\/www.radiohorizonte.fm\/radio\/#website","url":"https:\/\/www.radiohorizonte.fm\/radio\/","name":"Horizonte","description":"Radio Horizonte 106.1 - Una radio de clasicos","publisher":{"@id":"https:\/\/www.radiohorizonte.fm\/radio\/#organization"},"potentialAction":[{"@type":"SearchAction","target":{"@type":"EntryPoint","urlTemplate":"https:\/\/www.radiohorizonte.fm\/radio\/?s={search_term_string}"},"query-input":{"@type":"PropertyValueSpecification","valueRequired":true,"valueName":"search_term_string"}}],"inLanguage":"es-AR"},{"@type":"Organization","@id":"https:\/\/www.radiohorizonte.fm\/radio\/#organization","name":"Horizonte","url":"https:\/\/www.radiohorizonte.fm\/radio\/","logo":{"@type":"ImageObject","inLanguage":"es-AR","@id":"https:\/\/www.radiohorizonte.fm\/radio\/#\/schema\/logo\/image\/","url":"https:\/\/www.radiohorizonte.fm\/radio\/wp-content\/uploads\/2025\/06\/Portada-FM-Horizonte_modelo-imagen-scaled.jpg","contentUrl":"https:\/\/www.radiohorizonte.fm\/radio\/wp-content\/uploads\/2025\/06\/Portada-FM-Horizonte_modelo-imagen-scaled.jpg","width":2560,"height":1056,"caption":"Horizonte"},"image":{"@id":"https:\/\/www.radiohorizonte.fm\/radio\/#\/schema\/logo\/image\/"},"sameAs":["http:\/\/www.facebook.com\/HORIZONTE106.1","https:\/\/x.com\/fmhorizonte1061"]},{"@type":"Person","@id":"https:\/\/www.radiohorizonte.fm\/radio\/#\/schema\/person\/f8fa003a405bb86729fd87d15d0ddafa","name":"Cristian Galarza","image":{"@type":"ImageObject","inLanguage":"es-AR","@id":"https:\/\/www.radiohorizonte.fm\/radio\/#\/schema\/person\/image\/","url":"https:\/\/secure.gravatar.com\/avatar\/fad34bc2c773209c05d7d53b08a69b680eeb55f3be014e52b31643d20ab65925?s=96&d=mm&r=g","contentUrl":"https:\/\/secure.gravatar.com\/avatar\/fad34bc2c773209c05d7d53b08a69b680eeb55f3be014e52b31643d20ab65925?s=96&d=mm&r=g","caption":"Cristian Galarza"},"url":"https:\/\/www.radiohorizonte.fm\/radio\/author\/cristian\/"}]}},"_links":{"self":[{"href":"https:\/\/www.radiohorizonte.fm\/radio\/wp-json\/wp\/v2\/posts\/50897","targetHints":{"allow":["GET"]}}],"collection":[{"href":"https:\/\/www.radiohorizonte.fm\/radio\/wp-json\/wp\/v2\/posts"}],"about":[{"href":"https:\/\/www.radiohorizonte.fm\/radio\/wp-json\/wp\/v2\/types\/post"}],"author":[{"embeddable":true,"href":"https:\/\/www.radiohorizonte.fm\/radio\/wp-json\/wp\/v2\/users\/2"}],"replies":[{"embeddable":true,"href":"https:\/\/www.radiohorizonte.fm\/radio\/wp-json\/wp\/v2\/comments?post=50897"}],"version-history":[{"count":1,"href":"https:\/\/www.radiohorizonte.fm\/radio\/wp-json\/wp\/v2\/posts\/50897\/revisions"}],"predecessor-version":[{"id":50899,"href":"https:\/\/www.radiohorizonte.fm\/radio\/wp-json\/wp\/v2\/posts\/50897\/revisions\/50899"}],"wp:featuredmedia":[{"embeddable":true,"href":"https:\/\/www.radiohorizonte.fm\/radio\/wp-json\/wp\/v2\/media\/50898"}],"wp:attachment":[{"href":"https:\/\/www.radiohorizonte.fm\/radio\/wp-json\/wp\/v2\/media?parent=50897"}],"wp:term":[{"taxonomy":"category","embeddable":true,"href":"https:\/\/www.radiohorizonte.fm\/radio\/wp-json\/wp\/v2\/categories?post=50897"},{"taxonomy":"post_tag","embeddable":true,"href":"https:\/\/www.radiohorizonte.fm\/radio\/wp-json\/wp\/v2\/tags?post=50897"}],"curies":[{"name":"wp","href":"https:\/\/api.w.org\/{rel}","templated":true}]}}