{"id":50900,"date":"2026-04-28T11:03:02","date_gmt":"2026-04-28T14:03:02","guid":{"rendered":"https:\/\/www.radiohorizonte.fm\/radio\/?p=50900"},"modified":"2026-04-28T11:03:04","modified_gmt":"2026-04-28T14:03:04","slug":"corrientes-refuerza-su-posicionamiento-con-una-agenda-estrategica-en-corredores-turisticos","status":"publish","type":"post","link":"https:\/\/www.radiohorizonte.fm\/radio\/2026\/04\/28\/corrientes-refuerza-su-posicionamiento-con-una-agenda-estrategica-en-corredores-turisticos\/","title":{"rendered":"Corrientes refuerza su posicionamiento con una agenda estrat\u00e9gica en corredores tur\u00edsticos"},"content":{"rendered":"\n<p>El Gobierno de Corrientes, a trav\u00e9s del Ministerio de Turismo, llev\u00f3 adelante una intensa agenda de trabajo territorial con la realizaci\u00f3n de Mesas T\u00e9cnicas en dos corredores estrat\u00e9gicos: el Jesu\u00edtico Guaran\u00ed, en Santo Tom\u00e9, y el Alto Paran\u00e1, en Ituzaing\u00f3. Estas acciones se enmarcan en una pol\u00edtica sostenida de fortalecimiento, planificaci\u00f3n y posicionamiento de la provincia como destino tur\u00edstico competitivo a nivel nacional e internacional.<\/p>\n\n\n\n<figure class=\"wp-block-image size-large\"><img loading=\"lazy\" decoding=\"async\" width=\"1024\" height=\"768\" src=\"https:\/\/www.radiohorizonte.fm\/radio\/wp-content\/uploads\/2026\/04\/imagen-109139-1-1024x768.jpg\" alt=\"\" class=\"wp-image-50901\" srcset=\"https:\/\/www.radiohorizonte.fm\/radio\/wp-content\/uploads\/2026\/04\/imagen-109139-1-1024x768.jpg 1024w, https:\/\/www.radiohorizonte.fm\/radio\/wp-content\/uploads\/2026\/04\/imagen-109139-1-300x225.jpg 300w, https:\/\/www.radiohorizonte.fm\/radio\/wp-content\/uploads\/2026\/04\/imagen-109139-1-768x576.jpg 768w, https:\/\/www.radiohorizonte.fm\/radio\/wp-content\/uploads\/2026\/04\/imagen-109139-1-1536x1152.jpg 1536w, https:\/\/www.radiohorizonte.fm\/radio\/wp-content\/uploads\/2026\/04\/imagen-109139-1-640x480.jpg 640w, https:\/\/www.radiohorizonte.fm\/radio\/wp-content\/uploads\/2026\/04\/imagen-109139-1.jpg 1600w\" sizes=\"auto, (max-width: 1024px) 100vw, 1024px\" \/><\/figure>\n\n\n\n<p>En Santo Tom\u00e9, la Mesa T\u00e9cnica del corredor Jesu\u00edtico Guaran\u00ed reuni\u00f3 a referentes y funcionarios de turismo de los municipios que integran este circuito, con la participaci\u00f3n del intendente local, Jos\u00e9 Suaid y el ministro de Turismo, Juan Enrique Braillard Poccard, junto a su equipo t\u00e9cnico. Durante el encuentro realizado en Casa del Bicentenario se abordaron l\u00edneas de acci\u00f3n orientadas al fortalecimiento integral del corredor que atraviesa la Ruta Nacional N\u00ba14, destacando su valor identitario y su potencial de desarrollo.<\/p>\n\n\n\n<p>Entre los principales ejes de trabajo se destacaron la puesta en valor de la identidad cultural del corredor, la capacitaci\u00f3n de gu\u00edas de sitio y en turismo de naturaleza, el fortalecimiento de la se\u00f1al\u00e9tica tur\u00edstica, la mejora de las oficinas de informaci\u00f3n al visitante, la implementaci\u00f3n del Sello Correntino de Calidad Tur\u00edstica y la articulaci\u00f3n de futuras acciones con el \u00e1mbito acad\u00e9mico.<\/p>\n\n\n\n<figure class=\"wp-block-image size-large\"><img loading=\"lazy\" decoding=\"async\" width=\"1024\" height=\"769\" src=\"https:\/\/www.radiohorizonte.fm\/radio\/wp-content\/uploads\/2026\/04\/imagen-109140-1024x769.jpg\" alt=\"\" class=\"wp-image-50902\" srcset=\"https:\/\/www.radiohorizonte.fm\/radio\/wp-content\/uploads\/2026\/04\/imagen-109140-1024x769.jpg 1024w, https:\/\/www.radiohorizonte.fm\/radio\/wp-content\/uploads\/2026\/04\/imagen-109140-300x225.jpg 300w, https:\/\/www.radiohorizonte.fm\/radio\/wp-content\/uploads\/2026\/04\/imagen-109140-768x577.jpg 768w, https:\/\/www.radiohorizonte.fm\/radio\/wp-content\/uploads\/2026\/04\/imagen-109140-640x481.jpg 640w, https:\/\/www.radiohorizonte.fm\/radio\/wp-content\/uploads\/2026\/04\/imagen-109140.jpg 1256w\" sizes=\"auto, (max-width: 1024px) 100vw, 1024px\" \/><\/figure>\n\n\n\n<p>Posteriormente, en Ituzaing\u00f3, se desarroll\u00f3 la Mesa T\u00e9cnica del corredor Alto Paran\u00e1, con la participaci\u00f3n del ministro, su equipo de trabajo, autoridades municipales y representantes del sector privado. En la sede del Club Social se analizaron diversas oportunidades de desarrollo para cada destino que integra el corredor.<\/p>\n\n\n\n<p>Entre las propuestas se destacaron la capacitaci\u00f3n como eje transversal del crecimiento del sector, el impulso a productos tur\u00edsticos espec\u00edficos como la observaci\u00f3n de aves y el astroturismo en Villa Olivari, la conservaci\u00f3n y promoci\u00f3n de la pesca deportiva en Ituzaing\u00f3 con miras a consolidarlo como sede de eventos, el desarrollo del cicloturismo en It\u00e1 Ibat\u00e9, el posicionamiento de Ber\u00f3n de Astrada como destino emergente y el fortalecimiento del turismo en Isla Apip\u00e9 mediante la revalidaci\u00f3n de gu\u00edas locales y la articulaci\u00f3n con el sector privado.<\/p>\n\n\n\n<p>En este marco,&nbsp;Braillard Poccard&nbsp;destac\u00f3 la importancia de estas instancias de trabajo conjunto y el compromiso del Gobierno provincial en el desarrollo tur\u00edstico como pol\u00edtica de Estado. \u201cUna de las principales directivas del gobernador Juan Pablo Vald\u00e9s es la generaci\u00f3n de empleo, especialmente empleo femenino, y el turismo es una herramienta clave para lograrlo. Desde el inicio de la gesti\u00f3n trabajamos en reordenar y potenciar un \u00e1rea que ya ven\u00eda dando resultados, con el objetivo de consolidar a Corrientes como un destino de calidad\u201d, expres\u00f3.<\/p>\n\n\n\n<p>Asimismo, subray\u00f3 el valor estrat\u00e9gico del corredor Jesu\u00edtico Guaran\u00ed: \u201cEs un circuito con enorme potencial, que muchas veces queda relegado frente a otros productos m\u00e1s posicionados de la provincia. Sin embargo, tiene una riqueza cultural y natural que debemos seguir desarrollando y visibilizando\u201d.<\/p>\n\n\n\n<figure class=\"wp-block-image size-large\"><img loading=\"lazy\" decoding=\"async\" width=\"1024\" height=\"928\" src=\"https:\/\/www.radiohorizonte.fm\/radio\/wp-content\/uploads\/2026\/04\/imagen-109137-1024x928.jpg\" alt=\"\" class=\"wp-image-50903\" srcset=\"https:\/\/www.radiohorizonte.fm\/radio\/wp-content\/uploads\/2026\/04\/imagen-109137-1024x928.jpg 1024w, https:\/\/www.radiohorizonte.fm\/radio\/wp-content\/uploads\/2026\/04\/imagen-109137-300x272.jpg 300w, https:\/\/www.radiohorizonte.fm\/radio\/wp-content\/uploads\/2026\/04\/imagen-109137-768x696.jpg 768w, https:\/\/www.radiohorizonte.fm\/radio\/wp-content\/uploads\/2026\/04\/imagen-109137-640x580.jpg 640w, https:\/\/www.radiohorizonte.fm\/radio\/wp-content\/uploads\/2026\/04\/imagen-109137.jpg 1200w\" sizes=\"auto, (max-width: 1024px) 100vw, 1024px\" \/><\/figure>\n\n\n\n<p>El titular de la cartera tur\u00edstica tambi\u00e9n puso en relieve el car\u00e1cter participativo y federal de estas mesas t\u00e9cnicas, que buscan generar herramientas concretas para los municipios: \u201cQueremos que cada encuentro sea productivo, que los equipos locales regresen a sus destinos con nuevas herramientas para agregar valor a su oferta tur\u00edstica. Nos hemos propuesto recorrer todos los corredores antes de las vacaciones de invierno para consolidar una agenda com\u00fan de trabajo\u201d.<\/p>\n\n\n\n<p>De esta manera, el Gobierno de Corrientes reafirma su compromiso con el desarrollo tur\u00edstico sostenible, impulsando acciones coordinadas entre el sector p\u00fablico, privado y acad\u00e9mico, con el objetivo de diversificar la oferta, fortalecer las capacidades locales y posicionar a la provincia como un destino tur\u00edstico de referencia en la regi\u00f3n.<\/p>\n","protected":false},"excerpt":{"rendered":"<div class=\"post-excerpt\"><p>El Gobierno de Corrientes, a trav\u00e9s del Ministerio de Turismo, llev\u00f3 adelante una intensa agenda de trabajo territorial con la realizaci\u00f3n de Mesas T\u00e9cnicas en dos corredores estrat\u00e9gicos: el Jesu\u00edtico Guaran\u00ed, en Santo Tom\u00e9, y el Alto Paran\u00e1, en Ituzaing\u00f3. Estas acciones se enmarcan en una pol\u00edtica sostenida de fortalecimiento, planificaci\u00f3n y posicionamiento de la<\/p>\n<\/div>","protected":false},"author":2,"featured_media":50901,"comment_status":"closed","ping_status":"closed","sticky":false,"template":"","format":"standard","meta":{"_acf_changed":false,"footnotes":""},"categories":[2],"tags":[],"class_list":["post-50900","post","type-post","status-publish","format-standard","has-post-thumbnail","hentry","category-noticias"],"acf":[],"yoast_head":"<!-- This site is optimized with the Yoast SEO plugin v23.4 - https:\/\/yoast.com\/wordpress\/plugins\/seo\/ -->\n<title>Corrientes refuerza su posicionamiento con una agenda estrat\u00e9gica en corredores tur\u00edsticos - Horizonte<\/title>\n<meta name=\"robots\" content=\"index, follow, max-snippet:-1, max-image-preview:large, max-video-preview:-1\" \/>\n<link rel=\"canonical\" href=\"https:\/\/www.radiohorizonte.fm\/radio\/2026\/04\/28\/corrientes-refuerza-su-posicionamiento-con-una-agenda-estrategica-en-corredores-turisticos\/\" \/>\n<meta property=\"og:locale\" content=\"es_ES\" \/>\n<meta property=\"og:type\" content=\"article\" \/>\n<meta property=\"og:title\" content=\"Corrientes refuerza su posicionamiento con una agenda estrat\u00e9gica en corredores tur\u00edsticos - Horizonte\" \/>\n<meta property=\"og:description\" content=\"El Gobierno de Corrientes, a trav\u00e9s del Ministerio de Turismo, llev\u00f3 adelante una intensa agenda de trabajo territorial con la realizaci\u00f3n de Mesas T\u00e9cnicas en dos corredores estrat\u00e9gicos: el Jesu\u00edtico Guaran\u00ed, en Santo Tom\u00e9, y el Alto Paran\u00e1, en Ituzaing\u00f3. Estas acciones se enmarcan en una pol\u00edtica sostenida de fortalecimiento, planificaci\u00f3n y posicionamiento de la\" \/>\n<meta property=\"og:url\" content=\"https:\/\/www.radiohorizonte.fm\/radio\/2026\/04\/28\/corrientes-refuerza-su-posicionamiento-con-una-agenda-estrategica-en-corredores-turisticos\/\" \/>\n<meta property=\"og:site_name\" content=\"Horizonte\" \/>\n<meta property=\"article:publisher\" content=\"http:\/\/www.facebook.com\/HORIZONTE106.1\" \/>\n<meta property=\"article:published_time\" content=\"2026-04-28T14:03:02+00:00\" \/>\n<meta property=\"article:modified_time\" content=\"2026-04-28T14:03:04+00:00\" \/>\n<meta property=\"og:image\" content=\"https:\/\/www.radiohorizonte.fm\/radio\/wp-content\/uploads\/2026\/04\/imagen-109139-1.jpg\" \/>\n\t<meta property=\"og:image:width\" content=\"1600\" \/>\n\t<meta property=\"og:image:height\" content=\"1200\" \/>\n\t<meta property=\"og:image:type\" content=\"image\/jpeg\" \/>\n<meta name=\"author\" content=\"Cristian Galarza\" \/>\n<meta name=\"twitter:card\" content=\"summary_large_image\" \/>\n<meta name=\"twitter:creator\" content=\"@fmhorizonte1061\" \/>\n<meta name=\"twitter:site\" content=\"@fmhorizonte1061\" \/>\n<meta name=\"twitter:label1\" content=\"Escrito por\" \/>\n\t<meta name=\"twitter:data1\" content=\"Cristian Galarza\" \/>\n\t<meta name=\"twitter:label2\" content=\"Tiempo de lectura\" \/>\n\t<meta name=\"twitter:data2\" content=\"4 minutos\" \/>\n<script type=\"application\/ld+json\" class=\"yoast-schema-graph\">{\"@context\":\"https:\/\/schema.org\",\"@graph\":[{\"@type\":\"Article\",\"@id\":\"https:\/\/www.radiohorizonte.fm\/radio\/2026\/04\/28\/corrientes-refuerza-su-posicionamiento-con-una-agenda-estrategica-en-corredores-turisticos\/#article\",\"isPartOf\":{\"@id\":\"https:\/\/www.radiohorizonte.fm\/radio\/2026\/04\/28\/corrientes-refuerza-su-posicionamiento-con-una-agenda-estrategica-en-corredores-turisticos\/\"},\"author\":{\"name\":\"Cristian Galarza\",\"@id\":\"https:\/\/www.radiohorizonte.fm\/radio\/#\/schema\/person\/f8fa003a405bb86729fd87d15d0ddafa\"},\"headline\":\"Corrientes refuerza su posicionamiento con una agenda estrat\u00e9gica en corredores tur\u00edsticos\",\"datePublished\":\"2026-04-28T14:03:02+00:00\",\"dateModified\":\"2026-04-28T14:03:04+00:00\",\"mainEntityOfPage\":{\"@id\":\"https:\/\/www.radiohorizonte.fm\/radio\/2026\/04\/28\/corrientes-refuerza-su-posicionamiento-con-una-agenda-estrategica-en-corredores-turisticos\/\"},\"wordCount\":661,\"publisher\":{\"@id\":\"https:\/\/www.radiohorizonte.fm\/radio\/#organization\"},\"image\":{\"@id\":\"https:\/\/www.radiohorizonte.fm\/radio\/2026\/04\/28\/corrientes-refuerza-su-posicionamiento-con-una-agenda-estrategica-en-corredores-turisticos\/#primaryimage\"},\"thumbnailUrl\":\"https:\/\/www.radiohorizonte.fm\/radio\/wp-content\/uploads\/2026\/04\/imagen-109139-1.jpg\",\"articleSection\":[\"Noticias\"],\"inLanguage\":\"es-AR\"},{\"@type\":\"WebPage\",\"@id\":\"https:\/\/www.radiohorizonte.fm\/radio\/2026\/04\/28\/corrientes-refuerza-su-posicionamiento-con-una-agenda-estrategica-en-corredores-turisticos\/\",\"url\":\"https:\/\/www.radiohorizonte.fm\/radio\/2026\/04\/28\/corrientes-refuerza-su-posicionamiento-con-una-agenda-estrategica-en-corredores-turisticos\/\",\"name\":\"Corrientes refuerza su posicionamiento con una agenda estrat\u00e9gica en corredores tur\u00edsticos - Horizonte\",\"isPartOf\":{\"@id\":\"https:\/\/www.radiohorizonte.fm\/radio\/#website\"},\"primaryImageOfPage\":{\"@id\":\"https:\/\/www.radiohorizonte.fm\/radio\/2026\/04\/28\/corrientes-refuerza-su-posicionamiento-con-una-agenda-estrategica-en-corredores-turisticos\/#primaryimage\"},\"image\":{\"@id\":\"https:\/\/www.radiohorizonte.fm\/radio\/2026\/04\/28\/corrientes-refuerza-su-posicionamiento-con-una-agenda-estrategica-en-corredores-turisticos\/#primaryimage\"},\"thumbnailUrl\":\"https:\/\/www.radiohorizonte.fm\/radio\/wp-content\/uploads\/2026\/04\/imagen-109139-1.jpg\",\"datePublished\":\"2026-04-28T14:03:02+00:00\",\"dateModified\":\"2026-04-28T14:03:04+00:00\",\"breadcrumb\":{\"@id\":\"https:\/\/www.radiohorizonte.fm\/radio\/2026\/04\/28\/corrientes-refuerza-su-posicionamiento-con-una-agenda-estrategica-en-corredores-turisticos\/#breadcrumb\"},\"inLanguage\":\"es-AR\",\"potentialAction\":[{\"@type\":\"ReadAction\",\"target\":[\"https:\/\/www.radiohorizonte.fm\/radio\/2026\/04\/28\/corrientes-refuerza-su-posicionamiento-con-una-agenda-estrategica-en-corredores-turisticos\/\"]}]},{\"@type\":\"ImageObject\",\"inLanguage\":\"es-AR\",\"@id\":\"https:\/\/www.radiohorizonte.fm\/radio\/2026\/04\/28\/corrientes-refuerza-su-posicionamiento-con-una-agenda-estrategica-en-corredores-turisticos\/#primaryimage\",\"url\":\"https:\/\/www.radiohorizonte.fm\/radio\/wp-content\/uploads\/2026\/04\/imagen-109139-1.jpg\",\"contentUrl\":\"https:\/\/www.radiohorizonte.fm\/radio\/wp-content\/uploads\/2026\/04\/imagen-109139-1.jpg\",\"width\":1600,\"height\":1200},{\"@type\":\"BreadcrumbList\",\"@id\":\"https:\/\/www.radiohorizonte.fm\/radio\/2026\/04\/28\/corrientes-refuerza-su-posicionamiento-con-una-agenda-estrategica-en-corredores-turisticos\/#breadcrumb\",\"itemListElement\":[{\"@type\":\"ListItem\",\"position\":1,\"name\":\"Home\",\"item\":\"https:\/\/www.radiohorizonte.fm\/radio\/\"},{\"@type\":\"ListItem\",\"position\":2,\"name\":\"Corrientes refuerza su posicionamiento con una agenda estrat\u00e9gica en corredores tur\u00edsticos\"}]},{\"@type\":\"WebSite\",\"@id\":\"https:\/\/www.radiohorizonte.fm\/radio\/#website\",\"url\":\"https:\/\/www.radiohorizonte.fm\/radio\/\",\"name\":\"Horizonte\",\"description\":\"Radio Horizonte 106.1 - Una radio de clasicos\",\"publisher\":{\"@id\":\"https:\/\/www.radiohorizonte.fm\/radio\/#organization\"},\"potentialAction\":[{\"@type\":\"SearchAction\",\"target\":{\"@type\":\"EntryPoint\",\"urlTemplate\":\"https:\/\/www.radiohorizonte.fm\/radio\/?s={search_term_string}\"},\"query-input\":{\"@type\":\"PropertyValueSpecification\",\"valueRequired\":true,\"valueName\":\"search_term_string\"}}],\"inLanguage\":\"es-AR\"},{\"@type\":\"Organization\",\"@id\":\"https:\/\/www.radiohorizonte.fm\/radio\/#organization\",\"name\":\"Horizonte\",\"url\":\"https:\/\/www.radiohorizonte.fm\/radio\/\",\"logo\":{\"@type\":\"ImageObject\",\"inLanguage\":\"es-AR\",\"@id\":\"https:\/\/www.radiohorizonte.fm\/radio\/#\/schema\/logo\/image\/\",\"url\":\"https:\/\/www.radiohorizonte.fm\/radio\/wp-content\/uploads\/2025\/06\/Portada-FM-Horizonte_modelo-imagen-scaled.jpg\",\"contentUrl\":\"https:\/\/www.radiohorizonte.fm\/radio\/wp-content\/uploads\/2025\/06\/Portada-FM-Horizonte_modelo-imagen-scaled.jpg\",\"width\":2560,\"height\":1056,\"caption\":\"Horizonte\"},\"image\":{\"@id\":\"https:\/\/www.radiohorizonte.fm\/radio\/#\/schema\/logo\/image\/\"},\"sameAs\":[\"http:\/\/www.facebook.com\/HORIZONTE106.1\",\"https:\/\/x.com\/fmhorizonte1061\"]},{\"@type\":\"Person\",\"@id\":\"https:\/\/www.radiohorizonte.fm\/radio\/#\/schema\/person\/f8fa003a405bb86729fd87d15d0ddafa\",\"name\":\"Cristian Galarza\",\"image\":{\"@type\":\"ImageObject\",\"inLanguage\":\"es-AR\",\"@id\":\"https:\/\/www.radiohorizonte.fm\/radio\/#\/schema\/person\/image\/\",\"url\":\"https:\/\/secure.gravatar.com\/avatar\/fad34bc2c773209c05d7d53b08a69b680eeb55f3be014e52b31643d20ab65925?s=96&d=mm&r=g\",\"contentUrl\":\"https:\/\/secure.gravatar.com\/avatar\/fad34bc2c773209c05d7d53b08a69b680eeb55f3be014e52b31643d20ab65925?s=96&d=mm&r=g\",\"caption\":\"Cristian Galarza\"},\"url\":\"https:\/\/www.radiohorizonte.fm\/radio\/author\/cristian\/\"}]}<\/script>\n<!-- \/ Yoast SEO plugin. -->","yoast_head_json":{"title":"Corrientes refuerza su posicionamiento con una agenda estrat\u00e9gica en corredores tur\u00edsticos - Horizonte","robots":{"index":"index","follow":"follow","max-snippet":"max-snippet:-1","max-image-preview":"max-image-preview:large","max-video-preview":"max-video-preview:-1"},"canonical":"https:\/\/www.radiohorizonte.fm\/radio\/2026\/04\/28\/corrientes-refuerza-su-posicionamiento-con-una-agenda-estrategica-en-corredores-turisticos\/","og_locale":"es_ES","og_type":"article","og_title":"Corrientes refuerza su posicionamiento con una agenda estrat\u00e9gica en corredores tur\u00edsticos - Horizonte","og_description":"El Gobierno de Corrientes, a trav\u00e9s del Ministerio de Turismo, llev\u00f3 adelante una intensa agenda de trabajo territorial con la realizaci\u00f3n de Mesas T\u00e9cnicas en dos corredores estrat\u00e9gicos: el Jesu\u00edtico Guaran\u00ed, en Santo Tom\u00e9, y el Alto Paran\u00e1, en Ituzaing\u00f3. Estas acciones se enmarcan en una pol\u00edtica sostenida de fortalecimiento, planificaci\u00f3n y posicionamiento de la","og_url":"https:\/\/www.radiohorizonte.fm\/radio\/2026\/04\/28\/corrientes-refuerza-su-posicionamiento-con-una-agenda-estrategica-en-corredores-turisticos\/","og_site_name":"Horizonte","article_publisher":"http:\/\/www.facebook.com\/HORIZONTE106.1","article_published_time":"2026-04-28T14:03:02+00:00","article_modified_time":"2026-04-28T14:03:04+00:00","og_image":[{"width":1600,"height":1200,"url":"https:\/\/www.radiohorizonte.fm\/radio\/wp-content\/uploads\/2026\/04\/imagen-109139-1.jpg","type":"image\/jpeg"}],"author":"Cristian Galarza","twitter_card":"summary_large_image","twitter_creator":"@fmhorizonte1061","twitter_site":"@fmhorizonte1061","twitter_misc":{"Escrito por":"Cristian Galarza","Tiempo de lectura":"4 minutos"},"schema":{"@context":"https:\/\/schema.org","@graph":[{"@type":"Article","@id":"https:\/\/www.radiohorizonte.fm\/radio\/2026\/04\/28\/corrientes-refuerza-su-posicionamiento-con-una-agenda-estrategica-en-corredores-turisticos\/#article","isPartOf":{"@id":"https:\/\/www.radiohorizonte.fm\/radio\/2026\/04\/28\/corrientes-refuerza-su-posicionamiento-con-una-agenda-estrategica-en-corredores-turisticos\/"},"author":{"name":"Cristian Galarza","@id":"https:\/\/www.radiohorizonte.fm\/radio\/#\/schema\/person\/f8fa003a405bb86729fd87d15d0ddafa"},"headline":"Corrientes refuerza su posicionamiento con una agenda estrat\u00e9gica en corredores tur\u00edsticos","datePublished":"2026-04-28T14:03:02+00:00","dateModified":"2026-04-28T14:03:04+00:00","mainEntityOfPage":{"@id":"https:\/\/www.radiohorizonte.fm\/radio\/2026\/04\/28\/corrientes-refuerza-su-posicionamiento-con-una-agenda-estrategica-en-corredores-turisticos\/"},"wordCount":661,"publisher":{"@id":"https:\/\/www.radiohorizonte.fm\/radio\/#organization"},"image":{"@id":"https:\/\/www.radiohorizonte.fm\/radio\/2026\/04\/28\/corrientes-refuerza-su-posicionamiento-con-una-agenda-estrategica-en-corredores-turisticos\/#primaryimage"},"thumbnailUrl":"https:\/\/www.radiohorizonte.fm\/radio\/wp-content\/uploads\/2026\/04\/imagen-109139-1.jpg","articleSection":["Noticias"],"inLanguage":"es-AR"},{"@type":"WebPage","@id":"https:\/\/www.radiohorizonte.fm\/radio\/2026\/04\/28\/corrientes-refuerza-su-posicionamiento-con-una-agenda-estrategica-en-corredores-turisticos\/","url":"https:\/\/www.radiohorizonte.fm\/radio\/2026\/04\/28\/corrientes-refuerza-su-posicionamiento-con-una-agenda-estrategica-en-corredores-turisticos\/","name":"Corrientes refuerza su posicionamiento con una agenda estrat\u00e9gica en corredores tur\u00edsticos - Horizonte","isPartOf":{"@id":"https:\/\/www.radiohorizonte.fm\/radio\/#website"},"primaryImageOfPage":{"@id":"https:\/\/www.radiohorizonte.fm\/radio\/2026\/04\/28\/corrientes-refuerza-su-posicionamiento-con-una-agenda-estrategica-en-corredores-turisticos\/#primaryimage"},"image":{"@id":"https:\/\/www.radiohorizonte.fm\/radio\/2026\/04\/28\/corrientes-refuerza-su-posicionamiento-con-una-agenda-estrategica-en-corredores-turisticos\/#primaryimage"},"thumbnailUrl":"https:\/\/www.radiohorizonte.fm\/radio\/wp-content\/uploads\/2026\/04\/imagen-109139-1.jpg","datePublished":"2026-04-28T14:03:02+00:00","dateModified":"2026-04-28T14:03:04+00:00","breadcrumb":{"@id":"https:\/\/www.radiohorizonte.fm\/radio\/2026\/04\/28\/corrientes-refuerza-su-posicionamiento-con-una-agenda-estrategica-en-corredores-turisticos\/#breadcrumb"},"inLanguage":"es-AR","potentialAction":[{"@type":"ReadAction","target":["https:\/\/www.radiohorizonte.fm\/radio\/2026\/04\/28\/corrientes-refuerza-su-posicionamiento-con-una-agenda-estrategica-en-corredores-turisticos\/"]}]},{"@type":"ImageObject","inLanguage":"es-AR","@id":"https:\/\/www.radiohorizonte.fm\/radio\/2026\/04\/28\/corrientes-refuerza-su-posicionamiento-con-una-agenda-estrategica-en-corredores-turisticos\/#primaryimage","url":"https:\/\/www.radiohorizonte.fm\/radio\/wp-content\/uploads\/2026\/04\/imagen-109139-1.jpg","contentUrl":"https:\/\/www.radiohorizonte.fm\/radio\/wp-content\/uploads\/2026\/04\/imagen-109139-1.jpg","width":1600,"height":1200},{"@type":"BreadcrumbList","@id":"https:\/\/www.radiohorizonte.fm\/radio\/2026\/04\/28\/corrientes-refuerza-su-posicionamiento-con-una-agenda-estrategica-en-corredores-turisticos\/#breadcrumb","itemListElement":[{"@type":"ListItem","position":1,"name":"Home","item":"https:\/\/www.radiohorizonte.fm\/radio\/"},{"@type":"ListItem","position":2,"name":"Corrientes refuerza su posicionamiento con una agenda estrat\u00e9gica en corredores tur\u00edsticos"}]},{"@type":"WebSite","@id":"https:\/\/www.radiohorizonte.fm\/radio\/#website","url":"https:\/\/www.radiohorizonte.fm\/radio\/","name":"Horizonte","description":"Radio Horizonte 106.1 - Una radio de clasicos","publisher":{"@id":"https:\/\/www.radiohorizonte.fm\/radio\/#organization"},"potentialAction":[{"@type":"SearchAction","target":{"@type":"EntryPoint","urlTemplate":"https:\/\/www.radiohorizonte.fm\/radio\/?s={search_term_string}"},"query-input":{"@type":"PropertyValueSpecification","valueRequired":true,"valueName":"search_term_string"}}],"inLanguage":"es-AR"},{"@type":"Organization","@id":"https:\/\/www.radiohorizonte.fm\/radio\/#organization","name":"Horizonte","url":"https:\/\/www.radiohorizonte.fm\/radio\/","logo":{"@type":"ImageObject","inLanguage":"es-AR","@id":"https:\/\/www.radiohorizonte.fm\/radio\/#\/schema\/logo\/image\/","url":"https:\/\/www.radiohorizonte.fm\/radio\/wp-content\/uploads\/2025\/06\/Portada-FM-Horizonte_modelo-imagen-scaled.jpg","contentUrl":"https:\/\/www.radiohorizonte.fm\/radio\/wp-content\/uploads\/2025\/06\/Portada-FM-Horizonte_modelo-imagen-scaled.jpg","width":2560,"height":1056,"caption":"Horizonte"},"image":{"@id":"https:\/\/www.radiohorizonte.fm\/radio\/#\/schema\/logo\/image\/"},"sameAs":["http:\/\/www.facebook.com\/HORIZONTE106.1","https:\/\/x.com\/fmhorizonte1061"]},{"@type":"Person","@id":"https:\/\/www.radiohorizonte.fm\/radio\/#\/schema\/person\/f8fa003a405bb86729fd87d15d0ddafa","name":"Cristian Galarza","image":{"@type":"ImageObject","inLanguage":"es-AR","@id":"https:\/\/www.radiohorizonte.fm\/radio\/#\/schema\/person\/image\/","url":"https:\/\/secure.gravatar.com\/avatar\/fad34bc2c773209c05d7d53b08a69b680eeb55f3be014e52b31643d20ab65925?s=96&d=mm&r=g","contentUrl":"https:\/\/secure.gravatar.com\/avatar\/fad34bc2c773209c05d7d53b08a69b680eeb55f3be014e52b31643d20ab65925?s=96&d=mm&r=g","caption":"Cristian Galarza"},"url":"https:\/\/www.radiohorizonte.fm\/radio\/author\/cristian\/"}]}},"_links":{"self":[{"href":"https:\/\/www.radiohorizonte.fm\/radio\/wp-json\/wp\/v2\/posts\/50900","targetHints":{"allow":["GET"]}}],"collection":[{"href":"https:\/\/www.radiohorizonte.fm\/radio\/wp-json\/wp\/v2\/posts"}],"about":[{"href":"https:\/\/www.radiohorizonte.fm\/radio\/wp-json\/wp\/v2\/types\/post"}],"author":[{"embeddable":true,"href":"https:\/\/www.radiohorizonte.fm\/radio\/wp-json\/wp\/v2\/users\/2"}],"replies":[{"embeddable":true,"href":"https:\/\/www.radiohorizonte.fm\/radio\/wp-json\/wp\/v2\/comments?post=50900"}],"version-history":[{"count":1,"href":"https:\/\/www.radiohorizonte.fm\/radio\/wp-json\/wp\/v2\/posts\/50900\/revisions"}],"predecessor-version":[{"id":50904,"href":"https:\/\/www.radiohorizonte.fm\/radio\/wp-json\/wp\/v2\/posts\/50900\/revisions\/50904"}],"wp:featuredmedia":[{"embeddable":true,"href":"https:\/\/www.radiohorizonte.fm\/radio\/wp-json\/wp\/v2\/media\/50901"}],"wp:attachment":[{"href":"https:\/\/www.radiohorizonte.fm\/radio\/wp-json\/wp\/v2\/media?parent=50900"}],"wp:term":[{"taxonomy":"category","embeddable":true,"href":"https:\/\/www.radiohorizonte.fm\/radio\/wp-json\/wp\/v2\/categories?post=50900"},{"taxonomy":"post_tag","embeddable":true,"href":"https:\/\/www.radiohorizonte.fm\/radio\/wp-json\/wp\/v2\/tags?post=50900"}],"curies":[{"name":"wp","href":"https:\/\/api.w.org\/{rel}","templated":true}]}}