{"id":50905,"date":"2026-04-28T11:00:00","date_gmt":"2026-04-28T14:00:00","guid":{"rendered":"https:\/\/www.radiohorizonte.fm\/radio\/?p=50905"},"modified":"2026-04-28T11:58:44","modified_gmt":"2026-04-28T14:58:44","slug":"cae-la-confianza-en-el-gobierno-por-cuarto-mes-consecutivo","status":"publish","type":"post","link":"https:\/\/www.radiohorizonte.fm\/radio\/2026\/04\/28\/cae-la-confianza-en-el-gobierno-por-cuarto-mes-consecutivo\/","title":{"rendered":"Cae la confianza en el Gobierno por cuarto mes consecutivo"},"content":{"rendered":"\n<p><strong>La confianza en el Gobierno cay\u00f3 por cuarto mes<\/strong> consecutivo en abril de 2026, seg\u00fan el \u00edndice de Confianza en el Gobierno (ICG) elaborado por la Escuela de Gobierno de la Universidad Torcuato Di Tella. Hubo una contracci\u00f3n de 12,1% respecto de marzo .<\/p>\n\n\n\n<figure class=\"wp-block-image size-large\"><img loading=\"lazy\" decoding=\"async\" width=\"1024\" height=\"576\" src=\"https:\/\/www.radiohorizonte.fm\/radio\/wp-content\/uploads\/2024\/03\/milei-1024x576.jpg\" alt=\"\" class=\"wp-image-43514\" srcset=\"https:\/\/www.radiohorizonte.fm\/radio\/wp-content\/uploads\/2024\/03\/milei-1024x576.jpg 1024w, https:\/\/www.radiohorizonte.fm\/radio\/wp-content\/uploads\/2024\/03\/milei-300x169.jpg 300w, https:\/\/www.radiohorizonte.fm\/radio\/wp-content\/uploads\/2024\/03\/milei-768x432.jpg 768w, https:\/\/www.radiohorizonte.fm\/radio\/wp-content\/uploads\/2024\/03\/milei-65x37.jpg 65w, https:\/\/www.radiohorizonte.fm\/radio\/wp-content\/uploads\/2024\/03\/milei-320x180.jpg 320w, https:\/\/www.radiohorizonte.fm\/radio\/wp-content\/uploads\/2024\/03\/milei-85x48.jpg 85w, https:\/\/www.radiohorizonte.fm\/radio\/wp-content\/uploads\/2024\/03\/milei-220x125.jpg 220w, https:\/\/www.radiohorizonte.fm\/radio\/wp-content\/uploads\/2024\/03\/milei-90x51.jpg 90w, https:\/\/www.radiohorizonte.fm\/radio\/wp-content\/uploads\/2024\/03\/milei.jpg 1244w\" sizes=\"auto, (max-width: 1024px) 100vw, 1024px\" \/><\/figure>\n\n\n\n<p>En t\u00e9rminos interanuales, el \u00edndice acumula una baja de 13,2% frente al mismo per\u00edodo de 2025. La ca\u00edda acumulada desde diciembre de 2025 sube a 17,9%, lo que ubica al promedio de la gesti\u00f3n del presidente Javier Milei en 2,42 puntos, el registro m\u00e1s bajo desde el inicio de su mandato.<\/p>\n\n\n\n<p>Los cinco componentes del ICG presentaron variaciones negativas en abril, y todos registraron sus valores m\u00e1s bajos del a\u00f1o. Honestidad se mantuvo como el sub\u00edndice de mayor valor, con 2,50 puntos, aunque retrocedi\u00f3 8,4% frente al mes anterior. Capacidad tambi\u00e9n baj\u00f3, con una variaci\u00f3n de -2,0%. El componente de Eficiencia registr\u00f3 el mayor descenso mensual, al caer 21,4% hasta ubicarse en 1,87 puntos, el segundo valor m\u00e1s bajo durante la presidencia de Milei, superado \u00fanicamente por el de septiembre de 2025. La Evaluaci\u00f3n general del Gobierno cay\u00f3 17,2%, hasta 1,64 puntos, mientras que la Preocupaci\u00f3n por el inter\u00e9s general retrocedi\u00f3 13,9%, hasta 1,61 puntos.<\/p>\n\n\n\n<p>&nbsp;La encuesta fue realizada por Poliarqu\u00eda Consultores entre el 6 y el 17 de abril de 2026, sobre una muestra aleatoria de 1.000 casos distribuidos en 39 localidades del pa\u00eds, entre personas mayores de 18 a\u00f1os residentes en ciudades de m\u00e1s de 10.000 habitantes. El margen de error del ICG es de \u00b10,06 puntos, con un intervalo de confianza del 95% de entre 1,90 y 2,15 puntos.<\/p>\n","protected":false},"excerpt":{"rendered":"<div class=\"post-excerpt\"><p>La confianza en el Gobierno cay\u00f3 por cuarto mes consecutivo en abril de 2026, seg\u00fan el \u00edndice de Confianza en el Gobierno (ICG) elaborado por la Escuela de Gobierno de la Universidad Torcuato Di Tella. Hubo una contracci\u00f3n de 12,1% respecto de marzo . En t\u00e9rminos interanuales, el \u00edndice acumula una baja de 13,2% frente<\/p>\n<\/div>","protected":false},"author":2,"featured_media":43514,"comment_status":"closed","ping_status":"closed","sticky":false,"template":"","format":"standard","meta":{"_acf_changed":false,"footnotes":""},"categories":[2],"tags":[],"class_list":["post-50905","post","type-post","status-publish","format-standard","has-post-thumbnail","hentry","category-noticias"],"acf":[],"yoast_head":"<!-- This site is optimized with the Yoast SEO plugin v23.4 - https:\/\/yoast.com\/wordpress\/plugins\/seo\/ -->\n<title>Cae la confianza en el Gobierno por cuarto mes consecutivo - Horizonte<\/title>\n<meta name=\"robots\" content=\"index, follow, max-snippet:-1, max-image-preview:large, max-video-preview:-1\" \/>\n<link rel=\"canonical\" href=\"https:\/\/www.radiohorizonte.fm\/radio\/2026\/04\/28\/cae-la-confianza-en-el-gobierno-por-cuarto-mes-consecutivo\/\" \/>\n<meta property=\"og:locale\" content=\"es_ES\" \/>\n<meta property=\"og:type\" content=\"article\" \/>\n<meta property=\"og:title\" content=\"Cae la confianza en el Gobierno por cuarto mes consecutivo - Horizonte\" \/>\n<meta property=\"og:description\" content=\"La confianza en el Gobierno cay\u00f3 por cuarto mes consecutivo en abril de 2026, seg\u00fan el \u00edndice de Confianza en el Gobierno (ICG) elaborado por la Escuela de Gobierno de la Universidad Torcuato Di Tella. Hubo una contracci\u00f3n de 12,1% respecto de marzo . En t\u00e9rminos interanuales, el \u00edndice acumula una baja de 13,2% frente\" \/>\n<meta property=\"og:url\" content=\"https:\/\/www.radiohorizonte.fm\/radio\/2026\/04\/28\/cae-la-confianza-en-el-gobierno-por-cuarto-mes-consecutivo\/\" \/>\n<meta property=\"og:site_name\" content=\"Horizonte\" \/>\n<meta property=\"article:publisher\" content=\"http:\/\/www.facebook.com\/HORIZONTE106.1\" \/>\n<meta property=\"article:published_time\" content=\"2026-04-28T14:00:00+00:00\" \/>\n<meta property=\"article:modified_time\" content=\"2026-04-28T14:58:44+00:00\" \/>\n<meta property=\"og:image\" content=\"https:\/\/www.radiohorizonte.fm\/radio\/wp-content\/uploads\/2024\/03\/milei.jpg\" \/>\n\t<meta property=\"og:image:width\" content=\"1244\" \/>\n\t<meta property=\"og:image:height\" content=\"700\" \/>\n\t<meta property=\"og:image:type\" content=\"image\/jpeg\" \/>\n<meta name=\"author\" content=\"Cristian Galarza\" \/>\n<meta name=\"twitter:card\" content=\"summary_large_image\" \/>\n<meta name=\"twitter:creator\" content=\"@fmhorizonte1061\" \/>\n<meta name=\"twitter:site\" content=\"@fmhorizonte1061\" \/>\n<meta name=\"twitter:label1\" content=\"Escrito por\" \/>\n\t<meta name=\"twitter:data1\" content=\"Cristian Galarza\" \/>\n\t<meta name=\"twitter:label2\" content=\"Tiempo de lectura\" \/>\n\t<meta name=\"twitter:data2\" content=\"2 minutos\" \/>\n<script type=\"application\/ld+json\" class=\"yoast-schema-graph\">{\"@context\":\"https:\/\/schema.org\",\"@graph\":[{\"@type\":\"Article\",\"@id\":\"https:\/\/www.radiohorizonte.fm\/radio\/2026\/04\/28\/cae-la-confianza-en-el-gobierno-por-cuarto-mes-consecutivo\/#article\",\"isPartOf\":{\"@id\":\"https:\/\/www.radiohorizonte.fm\/radio\/2026\/04\/28\/cae-la-confianza-en-el-gobierno-por-cuarto-mes-consecutivo\/\"},\"author\":{\"name\":\"Cristian Galarza\",\"@id\":\"https:\/\/www.radiohorizonte.fm\/radio\/#\/schema\/person\/f8fa003a405bb86729fd87d15d0ddafa\"},\"headline\":\"Cae la confianza en el Gobierno por cuarto mes consecutivo\",\"datePublished\":\"2026-04-28T14:00:00+00:00\",\"dateModified\":\"2026-04-28T14:58:44+00:00\",\"mainEntityOfPage\":{\"@id\":\"https:\/\/www.radiohorizonte.fm\/radio\/2026\/04\/28\/cae-la-confianza-en-el-gobierno-por-cuarto-mes-consecutivo\/\"},\"wordCount\":269,\"publisher\":{\"@id\":\"https:\/\/www.radiohorizonte.fm\/radio\/#organization\"},\"image\":{\"@id\":\"https:\/\/www.radiohorizonte.fm\/radio\/2026\/04\/28\/cae-la-confianza-en-el-gobierno-por-cuarto-mes-consecutivo\/#primaryimage\"},\"thumbnailUrl\":\"https:\/\/www.radiohorizonte.fm\/radio\/wp-content\/uploads\/2024\/03\/milei.jpg\",\"articleSection\":[\"Noticias\"],\"inLanguage\":\"es-AR\"},{\"@type\":\"WebPage\",\"@id\":\"https:\/\/www.radiohorizonte.fm\/radio\/2026\/04\/28\/cae-la-confianza-en-el-gobierno-por-cuarto-mes-consecutivo\/\",\"url\":\"https:\/\/www.radiohorizonte.fm\/radio\/2026\/04\/28\/cae-la-confianza-en-el-gobierno-por-cuarto-mes-consecutivo\/\",\"name\":\"Cae la confianza en el Gobierno por cuarto mes consecutivo - Horizonte\",\"isPartOf\":{\"@id\":\"https:\/\/www.radiohorizonte.fm\/radio\/#website\"},\"primaryImageOfPage\":{\"@id\":\"https:\/\/www.radiohorizonte.fm\/radio\/2026\/04\/28\/cae-la-confianza-en-el-gobierno-por-cuarto-mes-consecutivo\/#primaryimage\"},\"image\":{\"@id\":\"https:\/\/www.radiohorizonte.fm\/radio\/2026\/04\/28\/cae-la-confianza-en-el-gobierno-por-cuarto-mes-consecutivo\/#primaryimage\"},\"thumbnailUrl\":\"https:\/\/www.radiohorizonte.fm\/radio\/wp-content\/uploads\/2024\/03\/milei.jpg\",\"datePublished\":\"2026-04-28T14:00:00+00:00\",\"dateModified\":\"2026-04-28T14:58:44+00:00\",\"breadcrumb\":{\"@id\":\"https:\/\/www.radiohorizonte.fm\/radio\/2026\/04\/28\/cae-la-confianza-en-el-gobierno-por-cuarto-mes-consecutivo\/#breadcrumb\"},\"inLanguage\":\"es-AR\",\"potentialAction\":[{\"@type\":\"ReadAction\",\"target\":[\"https:\/\/www.radiohorizonte.fm\/radio\/2026\/04\/28\/cae-la-confianza-en-el-gobierno-por-cuarto-mes-consecutivo\/\"]}]},{\"@type\":\"ImageObject\",\"inLanguage\":\"es-AR\",\"@id\":\"https:\/\/www.radiohorizonte.fm\/radio\/2026\/04\/28\/cae-la-confianza-en-el-gobierno-por-cuarto-mes-consecutivo\/#primaryimage\",\"url\":\"https:\/\/www.radiohorizonte.fm\/radio\/wp-content\/uploads\/2024\/03\/milei.jpg\",\"contentUrl\":\"https:\/\/www.radiohorizonte.fm\/radio\/wp-content\/uploads\/2024\/03\/milei.jpg\",\"width\":1244,\"height\":700},{\"@type\":\"BreadcrumbList\",\"@id\":\"https:\/\/www.radiohorizonte.fm\/radio\/2026\/04\/28\/cae-la-confianza-en-el-gobierno-por-cuarto-mes-consecutivo\/#breadcrumb\",\"itemListElement\":[{\"@type\":\"ListItem\",\"position\":1,\"name\":\"Home\",\"item\":\"https:\/\/www.radiohorizonte.fm\/radio\/\"},{\"@type\":\"ListItem\",\"position\":2,\"name\":\"Cae la confianza en el Gobierno por cuarto mes consecutivo\"}]},{\"@type\":\"WebSite\",\"@id\":\"https:\/\/www.radiohorizonte.fm\/radio\/#website\",\"url\":\"https:\/\/www.radiohorizonte.fm\/radio\/\",\"name\":\"Horizonte\",\"description\":\"Radio Horizonte 106.1 - Una radio de clasicos\",\"publisher\":{\"@id\":\"https:\/\/www.radiohorizonte.fm\/radio\/#organization\"},\"potentialAction\":[{\"@type\":\"SearchAction\",\"target\":{\"@type\":\"EntryPoint\",\"urlTemplate\":\"https:\/\/www.radiohorizonte.fm\/radio\/?s={search_term_string}\"},\"query-input\":{\"@type\":\"PropertyValueSpecification\",\"valueRequired\":true,\"valueName\":\"search_term_string\"}}],\"inLanguage\":\"es-AR\"},{\"@type\":\"Organization\",\"@id\":\"https:\/\/www.radiohorizonte.fm\/radio\/#organization\",\"name\":\"Horizonte\",\"url\":\"https:\/\/www.radiohorizonte.fm\/radio\/\",\"logo\":{\"@type\":\"ImageObject\",\"inLanguage\":\"es-AR\",\"@id\":\"https:\/\/www.radiohorizonte.fm\/radio\/#\/schema\/logo\/image\/\",\"url\":\"https:\/\/www.radiohorizonte.fm\/radio\/wp-content\/uploads\/2025\/06\/Portada-FM-Horizonte_modelo-imagen-scaled.jpg\",\"contentUrl\":\"https:\/\/www.radiohorizonte.fm\/radio\/wp-content\/uploads\/2025\/06\/Portada-FM-Horizonte_modelo-imagen-scaled.jpg\",\"width\":2560,\"height\":1056,\"caption\":\"Horizonte\"},\"image\":{\"@id\":\"https:\/\/www.radiohorizonte.fm\/radio\/#\/schema\/logo\/image\/\"},\"sameAs\":[\"http:\/\/www.facebook.com\/HORIZONTE106.1\",\"https:\/\/x.com\/fmhorizonte1061\"]},{\"@type\":\"Person\",\"@id\":\"https:\/\/www.radiohorizonte.fm\/radio\/#\/schema\/person\/f8fa003a405bb86729fd87d15d0ddafa\",\"name\":\"Cristian Galarza\",\"image\":{\"@type\":\"ImageObject\",\"inLanguage\":\"es-AR\",\"@id\":\"https:\/\/www.radiohorizonte.fm\/radio\/#\/schema\/person\/image\/\",\"url\":\"https:\/\/secure.gravatar.com\/avatar\/fad34bc2c773209c05d7d53b08a69b680eeb55f3be014e52b31643d20ab65925?s=96&d=mm&r=g\",\"contentUrl\":\"https:\/\/secure.gravatar.com\/avatar\/fad34bc2c773209c05d7d53b08a69b680eeb55f3be014e52b31643d20ab65925?s=96&d=mm&r=g\",\"caption\":\"Cristian Galarza\"},\"url\":\"https:\/\/www.radiohorizonte.fm\/radio\/author\/cristian\/\"}]}<\/script>\n<!-- \/ Yoast SEO plugin. -->","yoast_head_json":{"title":"Cae la confianza en el Gobierno por cuarto mes consecutivo - Horizonte","robots":{"index":"index","follow":"follow","max-snippet":"max-snippet:-1","max-image-preview":"max-image-preview:large","max-video-preview":"max-video-preview:-1"},"canonical":"https:\/\/www.radiohorizonte.fm\/radio\/2026\/04\/28\/cae-la-confianza-en-el-gobierno-por-cuarto-mes-consecutivo\/","og_locale":"es_ES","og_type":"article","og_title":"Cae la confianza en el Gobierno por cuarto mes consecutivo - Horizonte","og_description":"La confianza en el Gobierno cay\u00f3 por cuarto mes consecutivo en abril de 2026, seg\u00fan el \u00edndice de Confianza en el Gobierno (ICG) elaborado por la Escuela de Gobierno de la Universidad Torcuato Di Tella. Hubo una contracci\u00f3n de 12,1% respecto de marzo . En t\u00e9rminos interanuales, el \u00edndice acumula una baja de 13,2% frente","og_url":"https:\/\/www.radiohorizonte.fm\/radio\/2026\/04\/28\/cae-la-confianza-en-el-gobierno-por-cuarto-mes-consecutivo\/","og_site_name":"Horizonte","article_publisher":"http:\/\/www.facebook.com\/HORIZONTE106.1","article_published_time":"2026-04-28T14:00:00+00:00","article_modified_time":"2026-04-28T14:58:44+00:00","og_image":[{"width":1244,"height":700,"url":"https:\/\/www.radiohorizonte.fm\/radio\/wp-content\/uploads\/2024\/03\/milei.jpg","type":"image\/jpeg"}],"author":"Cristian Galarza","twitter_card":"summary_large_image","twitter_creator":"@fmhorizonte1061","twitter_site":"@fmhorizonte1061","twitter_misc":{"Escrito por":"Cristian Galarza","Tiempo de lectura":"2 minutos"},"schema":{"@context":"https:\/\/schema.org","@graph":[{"@type":"Article","@id":"https:\/\/www.radiohorizonte.fm\/radio\/2026\/04\/28\/cae-la-confianza-en-el-gobierno-por-cuarto-mes-consecutivo\/#article","isPartOf":{"@id":"https:\/\/www.radiohorizonte.fm\/radio\/2026\/04\/28\/cae-la-confianza-en-el-gobierno-por-cuarto-mes-consecutivo\/"},"author":{"name":"Cristian Galarza","@id":"https:\/\/www.radiohorizonte.fm\/radio\/#\/schema\/person\/f8fa003a405bb86729fd87d15d0ddafa"},"headline":"Cae la confianza en el Gobierno por cuarto mes consecutivo","datePublished":"2026-04-28T14:00:00+00:00","dateModified":"2026-04-28T14:58:44+00:00","mainEntityOfPage":{"@id":"https:\/\/www.radiohorizonte.fm\/radio\/2026\/04\/28\/cae-la-confianza-en-el-gobierno-por-cuarto-mes-consecutivo\/"},"wordCount":269,"publisher":{"@id":"https:\/\/www.radiohorizonte.fm\/radio\/#organization"},"image":{"@id":"https:\/\/www.radiohorizonte.fm\/radio\/2026\/04\/28\/cae-la-confianza-en-el-gobierno-por-cuarto-mes-consecutivo\/#primaryimage"},"thumbnailUrl":"https:\/\/www.radiohorizonte.fm\/radio\/wp-content\/uploads\/2024\/03\/milei.jpg","articleSection":["Noticias"],"inLanguage":"es-AR"},{"@type":"WebPage","@id":"https:\/\/www.radiohorizonte.fm\/radio\/2026\/04\/28\/cae-la-confianza-en-el-gobierno-por-cuarto-mes-consecutivo\/","url":"https:\/\/www.radiohorizonte.fm\/radio\/2026\/04\/28\/cae-la-confianza-en-el-gobierno-por-cuarto-mes-consecutivo\/","name":"Cae la confianza en el Gobierno por cuarto mes consecutivo - Horizonte","isPartOf":{"@id":"https:\/\/www.radiohorizonte.fm\/radio\/#website"},"primaryImageOfPage":{"@id":"https:\/\/www.radiohorizonte.fm\/radio\/2026\/04\/28\/cae-la-confianza-en-el-gobierno-por-cuarto-mes-consecutivo\/#primaryimage"},"image":{"@id":"https:\/\/www.radiohorizonte.fm\/radio\/2026\/04\/28\/cae-la-confianza-en-el-gobierno-por-cuarto-mes-consecutivo\/#primaryimage"},"thumbnailUrl":"https:\/\/www.radiohorizonte.fm\/radio\/wp-content\/uploads\/2024\/03\/milei.jpg","datePublished":"2026-04-28T14:00:00+00:00","dateModified":"2026-04-28T14:58:44+00:00","breadcrumb":{"@id":"https:\/\/www.radiohorizonte.fm\/radio\/2026\/04\/28\/cae-la-confianza-en-el-gobierno-por-cuarto-mes-consecutivo\/#breadcrumb"},"inLanguage":"es-AR","potentialAction":[{"@type":"ReadAction","target":["https:\/\/www.radiohorizonte.fm\/radio\/2026\/04\/28\/cae-la-confianza-en-el-gobierno-por-cuarto-mes-consecutivo\/"]}]},{"@type":"ImageObject","inLanguage":"es-AR","@id":"https:\/\/www.radiohorizonte.fm\/radio\/2026\/04\/28\/cae-la-confianza-en-el-gobierno-por-cuarto-mes-consecutivo\/#primaryimage","url":"https:\/\/www.radiohorizonte.fm\/radio\/wp-content\/uploads\/2024\/03\/milei.jpg","contentUrl":"https:\/\/www.radiohorizonte.fm\/radio\/wp-content\/uploads\/2024\/03\/milei.jpg","width":1244,"height":700},{"@type":"BreadcrumbList","@id":"https:\/\/www.radiohorizonte.fm\/radio\/2026\/04\/28\/cae-la-confianza-en-el-gobierno-por-cuarto-mes-consecutivo\/#breadcrumb","itemListElement":[{"@type":"ListItem","position":1,"name":"Home","item":"https:\/\/www.radiohorizonte.fm\/radio\/"},{"@type":"ListItem","position":2,"name":"Cae la confianza en el Gobierno por cuarto mes consecutivo"}]},{"@type":"WebSite","@id":"https:\/\/www.radiohorizonte.fm\/radio\/#website","url":"https:\/\/www.radiohorizonte.fm\/radio\/","name":"Horizonte","description":"Radio Horizonte 106.1 - Una radio de clasicos","publisher":{"@id":"https:\/\/www.radiohorizonte.fm\/radio\/#organization"},"potentialAction":[{"@type":"SearchAction","target":{"@type":"EntryPoint","urlTemplate":"https:\/\/www.radiohorizonte.fm\/radio\/?s={search_term_string}"},"query-input":{"@type":"PropertyValueSpecification","valueRequired":true,"valueName":"search_term_string"}}],"inLanguage":"es-AR"},{"@type":"Organization","@id":"https:\/\/www.radiohorizonte.fm\/radio\/#organization","name":"Horizonte","url":"https:\/\/www.radiohorizonte.fm\/radio\/","logo":{"@type":"ImageObject","inLanguage":"es-AR","@id":"https:\/\/www.radiohorizonte.fm\/radio\/#\/schema\/logo\/image\/","url":"https:\/\/www.radiohorizonte.fm\/radio\/wp-content\/uploads\/2025\/06\/Portada-FM-Horizonte_modelo-imagen-scaled.jpg","contentUrl":"https:\/\/www.radiohorizonte.fm\/radio\/wp-content\/uploads\/2025\/06\/Portada-FM-Horizonte_modelo-imagen-scaled.jpg","width":2560,"height":1056,"caption":"Horizonte"},"image":{"@id":"https:\/\/www.radiohorizonte.fm\/radio\/#\/schema\/logo\/image\/"},"sameAs":["http:\/\/www.facebook.com\/HORIZONTE106.1","https:\/\/x.com\/fmhorizonte1061"]},{"@type":"Person","@id":"https:\/\/www.radiohorizonte.fm\/radio\/#\/schema\/person\/f8fa003a405bb86729fd87d15d0ddafa","name":"Cristian Galarza","image":{"@type":"ImageObject","inLanguage":"es-AR","@id":"https:\/\/www.radiohorizonte.fm\/radio\/#\/schema\/person\/image\/","url":"https:\/\/secure.gravatar.com\/avatar\/fad34bc2c773209c05d7d53b08a69b680eeb55f3be014e52b31643d20ab65925?s=96&d=mm&r=g","contentUrl":"https:\/\/secure.gravatar.com\/avatar\/fad34bc2c773209c05d7d53b08a69b680eeb55f3be014e52b31643d20ab65925?s=96&d=mm&r=g","caption":"Cristian Galarza"},"url":"https:\/\/www.radiohorizonte.fm\/radio\/author\/cristian\/"}]}},"_links":{"self":[{"href":"https:\/\/www.radiohorizonte.fm\/radio\/wp-json\/wp\/v2\/posts\/50905","targetHints":{"allow":["GET"]}}],"collection":[{"href":"https:\/\/www.radiohorizonte.fm\/radio\/wp-json\/wp\/v2\/posts"}],"about":[{"href":"https:\/\/www.radiohorizonte.fm\/radio\/wp-json\/wp\/v2\/types\/post"}],"author":[{"embeddable":true,"href":"https:\/\/www.radiohorizonte.fm\/radio\/wp-json\/wp\/v2\/users\/2"}],"replies":[{"embeddable":true,"href":"https:\/\/www.radiohorizonte.fm\/radio\/wp-json\/wp\/v2\/comments?post=50905"}],"version-history":[{"count":1,"href":"https:\/\/www.radiohorizonte.fm\/radio\/wp-json\/wp\/v2\/posts\/50905\/revisions"}],"predecessor-version":[{"id":50906,"href":"https:\/\/www.radiohorizonte.fm\/radio\/wp-json\/wp\/v2\/posts\/50905\/revisions\/50906"}],"wp:featuredmedia":[{"embeddable":true,"href":"https:\/\/www.radiohorizonte.fm\/radio\/wp-json\/wp\/v2\/media\/43514"}],"wp:attachment":[{"href":"https:\/\/www.radiohorizonte.fm\/radio\/wp-json\/wp\/v2\/media?parent=50905"}],"wp:term":[{"taxonomy":"category","embeddable":true,"href":"https:\/\/www.radiohorizonte.fm\/radio\/wp-json\/wp\/v2\/categories?post=50905"},{"taxonomy":"post_tag","embeddable":true,"href":"https:\/\/www.radiohorizonte.fm\/radio\/wp-json\/wp\/v2\/tags?post=50905"}],"curies":[{"name":"wp","href":"https:\/\/api.w.org\/{rel}","templated":true}]}}