{"id":50913,"date":"2026-04-29T07:32:12","date_gmt":"2026-04-29T10:32:12","guid":{"rendered":"https:\/\/www.radiohorizonte.fm\/radio\/?p=50913"},"modified":"2026-04-29T07:32:14","modified_gmt":"2026-04-29T10:32:14","slug":"el-municipio-concientiza-a-comerciantes-y-frentistas-para-respetar-horarios-de-recoleccion-de-residuos","status":"publish","type":"post","link":"https:\/\/www.radiohorizonte.fm\/radio\/2026\/04\/29\/el-municipio-concientiza-a-comerciantes-y-frentistas-para-respetar-horarios-de-recoleccion-de-residuos\/","title":{"rendered":"El Municipio concientiza a comerciantes y frentistas para respetar horarios de recolecci\u00f3n de residuos"},"content":{"rendered":"\n<p><em>M\u00e1s de 20 promotores ambientales recorrieron la avenida Cazadores Correntinos, entregaron folletos alusivos y dialogaron del tema con los vecinos. Las tareas estuvieron a cargo de la Secretar\u00eda de Servicios P\u00fablicos. Estas acciones se extender\u00e1n en los dem\u00e1s corredores de la ciudad.<\/em><\/p>\n\n\n\n<hr class=\"wp-block-separator has-alpha-channel-opacity\"\/>\n\n\n\n<figure class=\"wp-block-image size-full\"><img loading=\"lazy\" decoding=\"async\" width=\"848\" height=\"565\" src=\"https:\/\/www.radiohorizonte.fm\/radio\/wp-content\/uploads\/2026\/04\/img_0002.jpeg\" alt=\"\" class=\"wp-image-50914\" srcset=\"https:\/\/www.radiohorizonte.fm\/radio\/wp-content\/uploads\/2026\/04\/img_0002.jpeg 848w, https:\/\/www.radiohorizonte.fm\/radio\/wp-content\/uploads\/2026\/04\/img_0002-300x200.jpeg 300w, https:\/\/www.radiohorizonte.fm\/radio\/wp-content\/uploads\/2026\/04\/img_0002-768x512.jpeg 768w, https:\/\/www.radiohorizonte.fm\/radio\/wp-content\/uploads\/2026\/04\/img_0002-640x426.jpeg 640w\" sizes=\"auto, (max-width: 848px) 100vw, 848px\" \/><\/figure>\n\n\n\n<p>Con m\u00e1s de 20 promotores ambientales, la Municipalidad de Corrientes realiz\u00f3&nbsp;este martes&nbsp;una recorrida de concientizaci\u00f3n por locales comerciales de la avenida Cazadores Correntinos. El objetivo central es simple y claro: recordar los horarios de recolecci\u00f3n de residuos para colaborar con una ciudad limpia y evitar la formaci\u00f3n de minibasurales.<br><br>El secretario de Servicios P\u00fablicos, Ignacio Maldonado Yonna, explic\u00f3 que el recorrido se dio en el tramo de la mencionada avenida que va desde el cruce con Tacuar\u00ed hasta calle Trento. Los promotores entregaron folletos solicitando que saquen la basura en la puerta de sus casas en los horarios correspondientes a su zona, y no dejarlas en las esquinas, ni en espacios en los que pueda acumularse.<br><br>\u201cEsto es un trabajo continuo que venimos realizando desde la secretar\u00eda junto a diferentes \u00e1reas del municipio, focalizando siempre en los corredores para que la presencia de residuos en la v\u00eda p\u00fablica sea en el menor tiempo posible, hasta el paso del recolector\u201d, indic\u00f3 el funcionario.<br><br>Maldonado Yonna se\u00f1al\u00f3 que en esta oportunidad \u201cel equipo de 20 promotores ambientales, con un grupo de inspectores est\u00e1n trabajando en conjunto para conversar con cada uno de los comerciantes y vecinos frentistas, explicando la importancia de que colaboren con nosotros para mantener la ciudad m\u00e1s limpia\u201d.<br><br>MAYOR PREVENCI\u00d3N<br>El secretario de Servicios P\u00fablicos adelant\u00f3 tambi\u00e9n que estas acciones preventivas y de concientizaci\u00f3n se van a extender a otros corredores comerciales y barrios de la ciudad.&nbsp;<br><br>\u201cEl objetivo es poder erradicar no solo la mala costumbre de que se saque la basura fuera de horario de recolecci\u00f3n en las principales avenidas, sino tambi\u00e9n los mini basurales. Y lo hacemos como siempre, concientizando en primer lugar, dici\u00e9ndole al vecino c\u00f3mo tienen que disponer los residuos y ad\u00f3nde llevarlos en cada uno de sus casos\u201d, acentu\u00f3 Maldonado Yonna.<br><br>DENUNCIAS<br>En el caso de registrar la formaci\u00f3n de minibasurales o detectar personas desaprensivas incumpliendo con los horarios dispuestos para sacar los residuos, la Municipalidad cuenta con sus canales oficiales como el Munibot (<a href=\"tel:3794341768\">3794341768<\/a>), el 147 o a la app \u201cMunicipalidad de Corrientes\u201d.<br><br>HORARIOS DE RECOLECCI\u00d3N<br>Los residuos h\u00famedos deben disponerse dentro del horario establecido para su recolecci\u00f3n, utilizando bolsas resistentes y correctamente cerradas.<br><br>En caso de lluvia y\/o tormenta, se solicita no sacar los residuos hasta que se restablezcan las condiciones clim\u00e1ticas adecuadas.<br><br>El servicio de recolecci\u00f3n retira la basura del frente de cada domicilio en dos turnos:<br><br>Diurno: todos los d\u00edas de 6 a 7, excluyendo los domingos.<br><br>Nocturno: todos los d\u00edas, de 20 a 21, excluyendo s\u00e1bados.<br><br>M\u00e1s informaci\u00f3n en:<br><br><a href=\"https:\/\/ciudaddecorrientes.us12.list-manage.com\/track\/click?u=253e4bcff71216c6af771c3c9&amp;id=a2cca76f27&amp;e=a8438912d6\" target=\"_blank\" rel=\"noreferrer noopener\">https:\/\/ciudaddecorrientes.gov.ar\/gestionderesiduos<\/a><\/p>\n","protected":false},"excerpt":{"rendered":"<div class=\"post-excerpt\"><p>M\u00e1s de 20 promotores ambientales recorrieron la avenida Cazadores Correntinos, entregaron folletos alusivos y dialogaron del tema con los vecinos. Las tareas estuvieron a cargo de la Secretar\u00eda de Servicios P\u00fablicos. Estas acciones se extender\u00e1n en los dem\u00e1s corredores de la ciudad. Con m\u00e1s de 20 promotores ambientales, la Municipalidad de Corrientes realiz\u00f3&nbsp;este martes&nbsp;una recorrida<\/p>\n<\/div>","protected":false},"author":2,"featured_media":50914,"comment_status":"closed","ping_status":"closed","sticky":false,"template":"","format":"standard","meta":{"_acf_changed":false,"footnotes":""},"categories":[2],"tags":[],"class_list":["post-50913","post","type-post","status-publish","format-standard","has-post-thumbnail","hentry","category-noticias"],"acf":[],"yoast_head":"<!-- This site is optimized with the Yoast SEO plugin v23.4 - https:\/\/yoast.com\/wordpress\/plugins\/seo\/ -->\n<title>El Municipio concientiza a comerciantes y frentistas para respetar horarios de recolecci\u00f3n de residuos - Horizonte<\/title>\n<meta name=\"robots\" content=\"index, follow, max-snippet:-1, max-image-preview:large, max-video-preview:-1\" \/>\n<link rel=\"canonical\" href=\"https:\/\/www.radiohorizonte.fm\/radio\/2026\/04\/29\/el-municipio-concientiza-a-comerciantes-y-frentistas-para-respetar-horarios-de-recoleccion-de-residuos\/\" \/>\n<meta property=\"og:locale\" content=\"es_ES\" \/>\n<meta property=\"og:type\" content=\"article\" \/>\n<meta property=\"og:title\" content=\"El Municipio concientiza a comerciantes y frentistas para respetar horarios de recolecci\u00f3n de residuos - Horizonte\" \/>\n<meta property=\"og:description\" content=\"M\u00e1s de 20 promotores ambientales recorrieron la avenida Cazadores Correntinos, entregaron folletos alusivos y dialogaron del tema con los vecinos. Las tareas estuvieron a cargo de la Secretar\u00eda de Servicios P\u00fablicos. Estas acciones se extender\u00e1n en los dem\u00e1s corredores de la ciudad. Con m\u00e1s de 20 promotores ambientales, la Municipalidad de Corrientes realiz\u00f3&nbsp;este martes&nbsp;una recorrida\" \/>\n<meta property=\"og:url\" content=\"https:\/\/www.radiohorizonte.fm\/radio\/2026\/04\/29\/el-municipio-concientiza-a-comerciantes-y-frentistas-para-respetar-horarios-de-recoleccion-de-residuos\/\" \/>\n<meta property=\"og:site_name\" content=\"Horizonte\" \/>\n<meta property=\"article:publisher\" content=\"http:\/\/www.facebook.com\/HORIZONTE106.1\" \/>\n<meta property=\"article:published_time\" content=\"2026-04-29T10:32:12+00:00\" \/>\n<meta property=\"article:modified_time\" content=\"2026-04-29T10:32:14+00:00\" \/>\n<meta property=\"og:image\" content=\"https:\/\/www.radiohorizonte.fm\/radio\/wp-content\/uploads\/2026\/04\/img_0002.jpeg\" \/>\n\t<meta property=\"og:image:width\" content=\"848\" \/>\n\t<meta property=\"og:image:height\" content=\"565\" \/>\n\t<meta property=\"og:image:type\" content=\"image\/jpeg\" \/>\n<meta name=\"author\" content=\"Cristian Galarza\" \/>\n<meta name=\"twitter:card\" content=\"summary_large_image\" \/>\n<meta name=\"twitter:creator\" content=\"@fmhorizonte1061\" \/>\n<meta name=\"twitter:site\" content=\"@fmhorizonte1061\" \/>\n<meta name=\"twitter:label1\" content=\"Escrito por\" \/>\n\t<meta name=\"twitter:data1\" content=\"Cristian Galarza\" \/>\n\t<meta name=\"twitter:label2\" content=\"Tiempo de lectura\" \/>\n\t<meta name=\"twitter:data2\" content=\"3 minutos\" \/>\n<script type=\"application\/ld+json\" class=\"yoast-schema-graph\">{\"@context\":\"https:\/\/schema.org\",\"@graph\":[{\"@type\":\"Article\",\"@id\":\"https:\/\/www.radiohorizonte.fm\/radio\/2026\/04\/29\/el-municipio-concientiza-a-comerciantes-y-frentistas-para-respetar-horarios-de-recoleccion-de-residuos\/#article\",\"isPartOf\":{\"@id\":\"https:\/\/www.radiohorizonte.fm\/radio\/2026\/04\/29\/el-municipio-concientiza-a-comerciantes-y-frentistas-para-respetar-horarios-de-recoleccion-de-residuos\/\"},\"author\":{\"name\":\"Cristian Galarza\",\"@id\":\"https:\/\/www.radiohorizonte.fm\/radio\/#\/schema\/person\/f8fa003a405bb86729fd87d15d0ddafa\"},\"headline\":\"El Municipio concientiza a comerciantes y frentistas para respetar horarios de recolecci\u00f3n de residuos\",\"datePublished\":\"2026-04-29T10:32:12+00:00\",\"dateModified\":\"2026-04-29T10:32:14+00:00\",\"mainEntityOfPage\":{\"@id\":\"https:\/\/www.radiohorizonte.fm\/radio\/2026\/04\/29\/el-municipio-concientiza-a-comerciantes-y-frentistas-para-respetar-horarios-de-recoleccion-de-residuos\/\"},\"wordCount\":513,\"publisher\":{\"@id\":\"https:\/\/www.radiohorizonte.fm\/radio\/#organization\"},\"image\":{\"@id\":\"https:\/\/www.radiohorizonte.fm\/radio\/2026\/04\/29\/el-municipio-concientiza-a-comerciantes-y-frentistas-para-respetar-horarios-de-recoleccion-de-residuos\/#primaryimage\"},\"thumbnailUrl\":\"https:\/\/www.radiohorizonte.fm\/radio\/wp-content\/uploads\/2026\/04\/img_0002.jpeg\",\"articleSection\":[\"Noticias\"],\"inLanguage\":\"es-AR\"},{\"@type\":\"WebPage\",\"@id\":\"https:\/\/www.radiohorizonte.fm\/radio\/2026\/04\/29\/el-municipio-concientiza-a-comerciantes-y-frentistas-para-respetar-horarios-de-recoleccion-de-residuos\/\",\"url\":\"https:\/\/www.radiohorizonte.fm\/radio\/2026\/04\/29\/el-municipio-concientiza-a-comerciantes-y-frentistas-para-respetar-horarios-de-recoleccion-de-residuos\/\",\"name\":\"El Municipio concientiza a comerciantes y frentistas para respetar horarios de recolecci\u00f3n de residuos - Horizonte\",\"isPartOf\":{\"@id\":\"https:\/\/www.radiohorizonte.fm\/radio\/#website\"},\"primaryImageOfPage\":{\"@id\":\"https:\/\/www.radiohorizonte.fm\/radio\/2026\/04\/29\/el-municipio-concientiza-a-comerciantes-y-frentistas-para-respetar-horarios-de-recoleccion-de-residuos\/#primaryimage\"},\"image\":{\"@id\":\"https:\/\/www.radiohorizonte.fm\/radio\/2026\/04\/29\/el-municipio-concientiza-a-comerciantes-y-frentistas-para-respetar-horarios-de-recoleccion-de-residuos\/#primaryimage\"},\"thumbnailUrl\":\"https:\/\/www.radiohorizonte.fm\/radio\/wp-content\/uploads\/2026\/04\/img_0002.jpeg\",\"datePublished\":\"2026-04-29T10:32:12+00:00\",\"dateModified\":\"2026-04-29T10:32:14+00:00\",\"breadcrumb\":{\"@id\":\"https:\/\/www.radiohorizonte.fm\/radio\/2026\/04\/29\/el-municipio-concientiza-a-comerciantes-y-frentistas-para-respetar-horarios-de-recoleccion-de-residuos\/#breadcrumb\"},\"inLanguage\":\"es-AR\",\"potentialAction\":[{\"@type\":\"ReadAction\",\"target\":[\"https:\/\/www.radiohorizonte.fm\/radio\/2026\/04\/29\/el-municipio-concientiza-a-comerciantes-y-frentistas-para-respetar-horarios-de-recoleccion-de-residuos\/\"]}]},{\"@type\":\"ImageObject\",\"inLanguage\":\"es-AR\",\"@id\":\"https:\/\/www.radiohorizonte.fm\/radio\/2026\/04\/29\/el-municipio-concientiza-a-comerciantes-y-frentistas-para-respetar-horarios-de-recoleccion-de-residuos\/#primaryimage\",\"url\":\"https:\/\/www.radiohorizonte.fm\/radio\/wp-content\/uploads\/2026\/04\/img_0002.jpeg\",\"contentUrl\":\"https:\/\/www.radiohorizonte.fm\/radio\/wp-content\/uploads\/2026\/04\/img_0002.jpeg\",\"width\":848,\"height\":565},{\"@type\":\"BreadcrumbList\",\"@id\":\"https:\/\/www.radiohorizonte.fm\/radio\/2026\/04\/29\/el-municipio-concientiza-a-comerciantes-y-frentistas-para-respetar-horarios-de-recoleccion-de-residuos\/#breadcrumb\",\"itemListElement\":[{\"@type\":\"ListItem\",\"position\":1,\"name\":\"Home\",\"item\":\"https:\/\/www.radiohorizonte.fm\/radio\/\"},{\"@type\":\"ListItem\",\"position\":2,\"name\":\"El Municipio concientiza a comerciantes y frentistas para respetar horarios de recolecci\u00f3n de residuos\"}]},{\"@type\":\"WebSite\",\"@id\":\"https:\/\/www.radiohorizonte.fm\/radio\/#website\",\"url\":\"https:\/\/www.radiohorizonte.fm\/radio\/\",\"name\":\"Horizonte\",\"description\":\"Radio Horizonte 106.1 - Una radio de clasicos\",\"publisher\":{\"@id\":\"https:\/\/www.radiohorizonte.fm\/radio\/#organization\"},\"potentialAction\":[{\"@type\":\"SearchAction\",\"target\":{\"@type\":\"EntryPoint\",\"urlTemplate\":\"https:\/\/www.radiohorizonte.fm\/radio\/?s={search_term_string}\"},\"query-input\":{\"@type\":\"PropertyValueSpecification\",\"valueRequired\":true,\"valueName\":\"search_term_string\"}}],\"inLanguage\":\"es-AR\"},{\"@type\":\"Organization\",\"@id\":\"https:\/\/www.radiohorizonte.fm\/radio\/#organization\",\"name\":\"Horizonte\",\"url\":\"https:\/\/www.radiohorizonte.fm\/radio\/\",\"logo\":{\"@type\":\"ImageObject\",\"inLanguage\":\"es-AR\",\"@id\":\"https:\/\/www.radiohorizonte.fm\/radio\/#\/schema\/logo\/image\/\",\"url\":\"https:\/\/www.radiohorizonte.fm\/radio\/wp-content\/uploads\/2025\/06\/Portada-FM-Horizonte_modelo-imagen-scaled.jpg\",\"contentUrl\":\"https:\/\/www.radiohorizonte.fm\/radio\/wp-content\/uploads\/2025\/06\/Portada-FM-Horizonte_modelo-imagen-scaled.jpg\",\"width\":2560,\"height\":1056,\"caption\":\"Horizonte\"},\"image\":{\"@id\":\"https:\/\/www.radiohorizonte.fm\/radio\/#\/schema\/logo\/image\/\"},\"sameAs\":[\"http:\/\/www.facebook.com\/HORIZONTE106.1\",\"https:\/\/x.com\/fmhorizonte1061\"]},{\"@type\":\"Person\",\"@id\":\"https:\/\/www.radiohorizonte.fm\/radio\/#\/schema\/person\/f8fa003a405bb86729fd87d15d0ddafa\",\"name\":\"Cristian Galarza\",\"image\":{\"@type\":\"ImageObject\",\"inLanguage\":\"es-AR\",\"@id\":\"https:\/\/www.radiohorizonte.fm\/radio\/#\/schema\/person\/image\/\",\"url\":\"https:\/\/secure.gravatar.com\/avatar\/fad34bc2c773209c05d7d53b08a69b680eeb55f3be014e52b31643d20ab65925?s=96&d=mm&r=g\",\"contentUrl\":\"https:\/\/secure.gravatar.com\/avatar\/fad34bc2c773209c05d7d53b08a69b680eeb55f3be014e52b31643d20ab65925?s=96&d=mm&r=g\",\"caption\":\"Cristian Galarza\"},\"url\":\"https:\/\/www.radiohorizonte.fm\/radio\/author\/cristian\/\"}]}<\/script>\n<!-- \/ Yoast SEO plugin. -->","yoast_head_json":{"title":"El Municipio concientiza a comerciantes y frentistas para respetar horarios de recolecci\u00f3n de residuos - Horizonte","robots":{"index":"index","follow":"follow","max-snippet":"max-snippet:-1","max-image-preview":"max-image-preview:large","max-video-preview":"max-video-preview:-1"},"canonical":"https:\/\/www.radiohorizonte.fm\/radio\/2026\/04\/29\/el-municipio-concientiza-a-comerciantes-y-frentistas-para-respetar-horarios-de-recoleccion-de-residuos\/","og_locale":"es_ES","og_type":"article","og_title":"El Municipio concientiza a comerciantes y frentistas para respetar horarios de recolecci\u00f3n de residuos - Horizonte","og_description":"M\u00e1s de 20 promotores ambientales recorrieron la avenida Cazadores Correntinos, entregaron folletos alusivos y dialogaron del tema con los vecinos. Las tareas estuvieron a cargo de la Secretar\u00eda de Servicios P\u00fablicos. Estas acciones se extender\u00e1n en los dem\u00e1s corredores de la ciudad. Con m\u00e1s de 20 promotores ambientales, la Municipalidad de Corrientes realiz\u00f3&nbsp;este martes&nbsp;una recorrida","og_url":"https:\/\/www.radiohorizonte.fm\/radio\/2026\/04\/29\/el-municipio-concientiza-a-comerciantes-y-frentistas-para-respetar-horarios-de-recoleccion-de-residuos\/","og_site_name":"Horizonte","article_publisher":"http:\/\/www.facebook.com\/HORIZONTE106.1","article_published_time":"2026-04-29T10:32:12+00:00","article_modified_time":"2026-04-29T10:32:14+00:00","og_image":[{"width":848,"height":565,"url":"https:\/\/www.radiohorizonte.fm\/radio\/wp-content\/uploads\/2026\/04\/img_0002.jpeg","type":"image\/jpeg"}],"author":"Cristian Galarza","twitter_card":"summary_large_image","twitter_creator":"@fmhorizonte1061","twitter_site":"@fmhorizonte1061","twitter_misc":{"Escrito por":"Cristian Galarza","Tiempo de lectura":"3 minutos"},"schema":{"@context":"https:\/\/schema.org","@graph":[{"@type":"Article","@id":"https:\/\/www.radiohorizonte.fm\/radio\/2026\/04\/29\/el-municipio-concientiza-a-comerciantes-y-frentistas-para-respetar-horarios-de-recoleccion-de-residuos\/#article","isPartOf":{"@id":"https:\/\/www.radiohorizonte.fm\/radio\/2026\/04\/29\/el-municipio-concientiza-a-comerciantes-y-frentistas-para-respetar-horarios-de-recoleccion-de-residuos\/"},"author":{"name":"Cristian Galarza","@id":"https:\/\/www.radiohorizonte.fm\/radio\/#\/schema\/person\/f8fa003a405bb86729fd87d15d0ddafa"},"headline":"El Municipio concientiza a comerciantes y frentistas para respetar horarios de recolecci\u00f3n de residuos","datePublished":"2026-04-29T10:32:12+00:00","dateModified":"2026-04-29T10:32:14+00:00","mainEntityOfPage":{"@id":"https:\/\/www.radiohorizonte.fm\/radio\/2026\/04\/29\/el-municipio-concientiza-a-comerciantes-y-frentistas-para-respetar-horarios-de-recoleccion-de-residuos\/"},"wordCount":513,"publisher":{"@id":"https:\/\/www.radiohorizonte.fm\/radio\/#organization"},"image":{"@id":"https:\/\/www.radiohorizonte.fm\/radio\/2026\/04\/29\/el-municipio-concientiza-a-comerciantes-y-frentistas-para-respetar-horarios-de-recoleccion-de-residuos\/#primaryimage"},"thumbnailUrl":"https:\/\/www.radiohorizonte.fm\/radio\/wp-content\/uploads\/2026\/04\/img_0002.jpeg","articleSection":["Noticias"],"inLanguage":"es-AR"},{"@type":"WebPage","@id":"https:\/\/www.radiohorizonte.fm\/radio\/2026\/04\/29\/el-municipio-concientiza-a-comerciantes-y-frentistas-para-respetar-horarios-de-recoleccion-de-residuos\/","url":"https:\/\/www.radiohorizonte.fm\/radio\/2026\/04\/29\/el-municipio-concientiza-a-comerciantes-y-frentistas-para-respetar-horarios-de-recoleccion-de-residuos\/","name":"El Municipio concientiza a comerciantes y frentistas para respetar horarios de recolecci\u00f3n de residuos - Horizonte","isPartOf":{"@id":"https:\/\/www.radiohorizonte.fm\/radio\/#website"},"primaryImageOfPage":{"@id":"https:\/\/www.radiohorizonte.fm\/radio\/2026\/04\/29\/el-municipio-concientiza-a-comerciantes-y-frentistas-para-respetar-horarios-de-recoleccion-de-residuos\/#primaryimage"},"image":{"@id":"https:\/\/www.radiohorizonte.fm\/radio\/2026\/04\/29\/el-municipio-concientiza-a-comerciantes-y-frentistas-para-respetar-horarios-de-recoleccion-de-residuos\/#primaryimage"},"thumbnailUrl":"https:\/\/www.radiohorizonte.fm\/radio\/wp-content\/uploads\/2026\/04\/img_0002.jpeg","datePublished":"2026-04-29T10:32:12+00:00","dateModified":"2026-04-29T10:32:14+00:00","breadcrumb":{"@id":"https:\/\/www.radiohorizonte.fm\/radio\/2026\/04\/29\/el-municipio-concientiza-a-comerciantes-y-frentistas-para-respetar-horarios-de-recoleccion-de-residuos\/#breadcrumb"},"inLanguage":"es-AR","potentialAction":[{"@type":"ReadAction","target":["https:\/\/www.radiohorizonte.fm\/radio\/2026\/04\/29\/el-municipio-concientiza-a-comerciantes-y-frentistas-para-respetar-horarios-de-recoleccion-de-residuos\/"]}]},{"@type":"ImageObject","inLanguage":"es-AR","@id":"https:\/\/www.radiohorizonte.fm\/radio\/2026\/04\/29\/el-municipio-concientiza-a-comerciantes-y-frentistas-para-respetar-horarios-de-recoleccion-de-residuos\/#primaryimage","url":"https:\/\/www.radiohorizonte.fm\/radio\/wp-content\/uploads\/2026\/04\/img_0002.jpeg","contentUrl":"https:\/\/www.radiohorizonte.fm\/radio\/wp-content\/uploads\/2026\/04\/img_0002.jpeg","width":848,"height":565},{"@type":"BreadcrumbList","@id":"https:\/\/www.radiohorizonte.fm\/radio\/2026\/04\/29\/el-municipio-concientiza-a-comerciantes-y-frentistas-para-respetar-horarios-de-recoleccion-de-residuos\/#breadcrumb","itemListElement":[{"@type":"ListItem","position":1,"name":"Home","item":"https:\/\/www.radiohorizonte.fm\/radio\/"},{"@type":"ListItem","position":2,"name":"El Municipio concientiza a comerciantes y frentistas para respetar horarios de recolecci\u00f3n de residuos"}]},{"@type":"WebSite","@id":"https:\/\/www.radiohorizonte.fm\/radio\/#website","url":"https:\/\/www.radiohorizonte.fm\/radio\/","name":"Horizonte","description":"Radio Horizonte 106.1 - Una radio de clasicos","publisher":{"@id":"https:\/\/www.radiohorizonte.fm\/radio\/#organization"},"potentialAction":[{"@type":"SearchAction","target":{"@type":"EntryPoint","urlTemplate":"https:\/\/www.radiohorizonte.fm\/radio\/?s={search_term_string}"},"query-input":{"@type":"PropertyValueSpecification","valueRequired":true,"valueName":"search_term_string"}}],"inLanguage":"es-AR"},{"@type":"Organization","@id":"https:\/\/www.radiohorizonte.fm\/radio\/#organization","name":"Horizonte","url":"https:\/\/www.radiohorizonte.fm\/radio\/","logo":{"@type":"ImageObject","inLanguage":"es-AR","@id":"https:\/\/www.radiohorizonte.fm\/radio\/#\/schema\/logo\/image\/","url":"https:\/\/www.radiohorizonte.fm\/radio\/wp-content\/uploads\/2025\/06\/Portada-FM-Horizonte_modelo-imagen-scaled.jpg","contentUrl":"https:\/\/www.radiohorizonte.fm\/radio\/wp-content\/uploads\/2025\/06\/Portada-FM-Horizonte_modelo-imagen-scaled.jpg","width":2560,"height":1056,"caption":"Horizonte"},"image":{"@id":"https:\/\/www.radiohorizonte.fm\/radio\/#\/schema\/logo\/image\/"},"sameAs":["http:\/\/www.facebook.com\/HORIZONTE106.1","https:\/\/x.com\/fmhorizonte1061"]},{"@type":"Person","@id":"https:\/\/www.radiohorizonte.fm\/radio\/#\/schema\/person\/f8fa003a405bb86729fd87d15d0ddafa","name":"Cristian Galarza","image":{"@type":"ImageObject","inLanguage":"es-AR","@id":"https:\/\/www.radiohorizonte.fm\/radio\/#\/schema\/person\/image\/","url":"https:\/\/secure.gravatar.com\/avatar\/fad34bc2c773209c05d7d53b08a69b680eeb55f3be014e52b31643d20ab65925?s=96&d=mm&r=g","contentUrl":"https:\/\/secure.gravatar.com\/avatar\/fad34bc2c773209c05d7d53b08a69b680eeb55f3be014e52b31643d20ab65925?s=96&d=mm&r=g","caption":"Cristian Galarza"},"url":"https:\/\/www.radiohorizonte.fm\/radio\/author\/cristian\/"}]}},"_links":{"self":[{"href":"https:\/\/www.radiohorizonte.fm\/radio\/wp-json\/wp\/v2\/posts\/50913","targetHints":{"allow":["GET"]}}],"collection":[{"href":"https:\/\/www.radiohorizonte.fm\/radio\/wp-json\/wp\/v2\/posts"}],"about":[{"href":"https:\/\/www.radiohorizonte.fm\/radio\/wp-json\/wp\/v2\/types\/post"}],"author":[{"embeddable":true,"href":"https:\/\/www.radiohorizonte.fm\/radio\/wp-json\/wp\/v2\/users\/2"}],"replies":[{"embeddable":true,"href":"https:\/\/www.radiohorizonte.fm\/radio\/wp-json\/wp\/v2\/comments?post=50913"}],"version-history":[{"count":1,"href":"https:\/\/www.radiohorizonte.fm\/radio\/wp-json\/wp\/v2\/posts\/50913\/revisions"}],"predecessor-version":[{"id":50915,"href":"https:\/\/www.radiohorizonte.fm\/radio\/wp-json\/wp\/v2\/posts\/50913\/revisions\/50915"}],"wp:featuredmedia":[{"embeddable":true,"href":"https:\/\/www.radiohorizonte.fm\/radio\/wp-json\/wp\/v2\/media\/50914"}],"wp:attachment":[{"href":"https:\/\/www.radiohorizonte.fm\/radio\/wp-json\/wp\/v2\/media?parent=50913"}],"wp:term":[{"taxonomy":"category","embeddable":true,"href":"https:\/\/www.radiohorizonte.fm\/radio\/wp-json\/wp\/v2\/categories?post=50913"},{"taxonomy":"post_tag","embeddable":true,"href":"https:\/\/www.radiohorizonte.fm\/radio\/wp-json\/wp\/v2\/tags?post=50913"}],"curies":[{"name":"wp","href":"https:\/\/api.w.org\/{rel}","templated":true}]}}