{"id":50916,"date":"2026-04-29T07:00:00","date_gmt":"2026-04-29T10:00:00","guid":{"rendered":"https:\/\/www.radiohorizonte.fm\/radio\/?p=50916"},"modified":"2026-04-29T08:26:06","modified_gmt":"2026-04-29T11:26:06","slug":"connie-ballarini-tour-2026","status":"publish","type":"post","link":"https:\/\/www.radiohorizonte.fm\/radio\/2026\/04\/29\/connie-ballarini-tour-2026\/","title":{"rendered":"Connie Ballarini \u201cTour 2026\u201d"},"content":{"rendered":"\n<p><em>La comediante Connie Ballarini presentar\u00e1 una noche a puro humor, iron\u00eda y risas sin filtro el pr\u00f3ximo domingo 4 de octubre en el Teatro Oficial Juan de Vera desde las 20.<\/em><\/p>\n\n\n\n<figure class=\"wp-block-image size-large\"><img loading=\"lazy\" decoding=\"async\" width=\"819\" height=\"1024\" src=\"https:\/\/www.radiohorizonte.fm\/radio\/wp-content\/uploads\/2026\/04\/imagen-109159-819x1024.jpg\" alt=\"\" class=\"wp-image-50917\" srcset=\"https:\/\/www.radiohorizonte.fm\/radio\/wp-content\/uploads\/2026\/04\/imagen-109159-819x1024.jpg 819w, https:\/\/www.radiohorizonte.fm\/radio\/wp-content\/uploads\/2026\/04\/imagen-109159-240x300.jpg 240w, https:\/\/www.radiohorizonte.fm\/radio\/wp-content\/uploads\/2026\/04\/imagen-109159-768x960.jpg 768w, https:\/\/www.radiohorizonte.fm\/radio\/wp-content\/uploads\/2026\/04\/imagen-109159-640x800.jpg 640w, https:\/\/www.radiohorizonte.fm\/radio\/wp-content\/uploads\/2026\/04\/imagen-109159.jpg 1080w\" sizes=\"auto, (max-width: 819px) 100vw, 819px\" \/><\/figure>\n\n\n\n<p>Connie Ballarini no es solo comediante. Es actriz, youtuber, instagramer, tiktoker, hija de Lili, Tinderwoman, Culo de queso y una creadora de contenido inigualable. Esta polifac\u00e9tica artista lleva el humor a nuevos l\u00edmites con su show en constante evoluci\u00f3n, que mezcla di\u00e1logos interactivos con el p\u00fablico y un stand up afilado y desopilante. (Alguien sigue usando la palabra desopilante?).<\/p>\n\n\n\n<p>No hay escenario que le quede grande a Connie. Ha brillado en tres especiales para Comedy Central, emitidos tambi\u00e9n por TELEFE, y particip\u00f3 en &#8220;La culpa es de Col\u00f3n, Edici\u00f3n Mujeres&#8221; y &#8220;Drunk History&#8221;. En 2022, celebr\u00f3 el \u00e9xito de &#8220;Las Chicas de la Culpa&#8221; con tres funciones agotadas en el Gran Rex.<\/p>\n\n\n\n<p>Connie recientemente cre\u00f3 un canal de difusi\u00f3n en Instagram y acu\u00f1\u00f3 a sus seguidores como &#8220;Culuders&#8221; en homenaje a su famoso (?) y auto-referenciado &#8220;culo de queso&#8221;.<\/p>\n\n\n\n<p>Su humor viaj\u00f3 m\u00e1s all\u00e1 de Argentina, conquistando p\u00fablico en Madrid, Barcelona, Ciudad de M\u00e9xico, Santiago de Chile, Caracas y Montevideo entre otras ciudades. Su \u00e9xito es tal que los tickets para sus shows suelen agotarse con meses de anticipaci\u00f3n. (Si deja de pasar pasaremos a borrar este p\u00e1rrafo).<\/p>\n\n\n\n<p>Si todav\u00eda no la segu\u00eds, te est\u00e1s perdiendo una gran cantidad de risas. Connie acumula m\u00e1s de 2 millones de seguidores en TikTok, m\u00e1s de 1.300M en Instagram y m\u00e1s de 200k en YouTube, donde comparte fragmentos de sus shows y charlas con el p\u00fablico. No pierdas la oportunidad de ser parte de la Topadora Ballarini.<\/p>\n\n\n\n<p>Segu\u00ed a Connie, \u00a1consegu\u00ed tus entradas y prep\u00e1rate para disfrutar del mejor stand up en vivo!<\/p>\n\n\n\n<p>\u00b7&nbsp;&nbsp;&nbsp;&nbsp;&nbsp;&nbsp;&nbsp;&nbsp; Espect\u00e1culo apto +18<\/p>\n\n\n\n<p><strong>Entradas<\/strong><\/p>\n\n\n\n<p>A la venta en&nbsp;<a href=\"http:\/\/weepas.ar\/\" target=\"_blank\" rel=\"noreferrer noopener\">weepas.ar\/<\/a>&nbsp;y en boleter\u00eda del teatro, San Juan 637, de lunes a s\u00e1bados de 9 a 13 hs y de 17 a 21.<\/p>\n","protected":false},"excerpt":{"rendered":"<div class=\"post-excerpt\"><p>La comediante Connie Ballarini presentar\u00e1 una noche a puro humor, iron\u00eda y risas sin filtro el pr\u00f3ximo domingo 4 de octubre en el Teatro Oficial Juan de Vera desde las 20. Connie Ballarini no es solo comediante. Es actriz, youtuber, instagramer, tiktoker, hija de Lili, Tinderwoman, Culo de queso y una creadora de contenido inigualable.<\/p>\n<\/div>","protected":false},"author":2,"featured_media":50917,"comment_status":"closed","ping_status":"closed","sticky":false,"template":"","format":"standard","meta":{"_acf_changed":false,"footnotes":""},"categories":[3],"tags":[],"class_list":["post-50916","post","type-post","status-publish","format-standard","has-post-thumbnail","hentry","category-infomusic"],"acf":[],"yoast_head":"<!-- This site is optimized with the Yoast SEO plugin v23.4 - https:\/\/yoast.com\/wordpress\/plugins\/seo\/ -->\n<title>Connie Ballarini \u201cTour 2026\u201d - Horizonte<\/title>\n<meta name=\"robots\" content=\"index, follow, max-snippet:-1, max-image-preview:large, max-video-preview:-1\" \/>\n<link rel=\"canonical\" href=\"https:\/\/www.radiohorizonte.fm\/radio\/2026\/04\/29\/connie-ballarini-tour-2026\/\" \/>\n<meta property=\"og:locale\" content=\"es_ES\" \/>\n<meta property=\"og:type\" content=\"article\" \/>\n<meta property=\"og:title\" content=\"Connie Ballarini \u201cTour 2026\u201d - Horizonte\" \/>\n<meta property=\"og:description\" content=\"La comediante Connie Ballarini presentar\u00e1 una noche a puro humor, iron\u00eda y risas sin filtro el pr\u00f3ximo domingo 4 de octubre en el Teatro Oficial Juan de Vera desde las 20. Connie Ballarini no es solo comediante. Es actriz, youtuber, instagramer, tiktoker, hija de Lili, Tinderwoman, Culo de queso y una creadora de contenido inigualable.\" \/>\n<meta property=\"og:url\" content=\"https:\/\/www.radiohorizonte.fm\/radio\/2026\/04\/29\/connie-ballarini-tour-2026\/\" \/>\n<meta property=\"og:site_name\" content=\"Horizonte\" \/>\n<meta property=\"article:publisher\" content=\"http:\/\/www.facebook.com\/HORIZONTE106.1\" \/>\n<meta property=\"article:published_time\" content=\"2026-04-29T10:00:00+00:00\" \/>\n<meta property=\"article:modified_time\" content=\"2026-04-29T11:26:06+00:00\" \/>\n<meta property=\"og:image\" content=\"https:\/\/www.radiohorizonte.fm\/radio\/wp-content\/uploads\/2026\/04\/imagen-109159.jpg\" \/>\n\t<meta property=\"og:image:width\" content=\"1080\" \/>\n\t<meta property=\"og:image:height\" content=\"1350\" \/>\n\t<meta property=\"og:image:type\" content=\"image\/jpeg\" \/>\n<meta name=\"author\" content=\"Cristian Galarza\" \/>\n<meta name=\"twitter:card\" content=\"summary_large_image\" \/>\n<meta name=\"twitter:creator\" content=\"@fmhorizonte1061\" \/>\n<meta name=\"twitter:site\" content=\"@fmhorizonte1061\" \/>\n<meta name=\"twitter:label1\" content=\"Escrito por\" \/>\n\t<meta name=\"twitter:data1\" content=\"Cristian Galarza\" \/>\n\t<meta name=\"twitter:label2\" content=\"Tiempo de lectura\" \/>\n\t<meta name=\"twitter:data2\" content=\"2 minutos\" \/>\n<script type=\"application\/ld+json\" class=\"yoast-schema-graph\">{\"@context\":\"https:\/\/schema.org\",\"@graph\":[{\"@type\":\"Article\",\"@id\":\"https:\/\/www.radiohorizonte.fm\/radio\/2026\/04\/29\/connie-ballarini-tour-2026\/#article\",\"isPartOf\":{\"@id\":\"https:\/\/www.radiohorizonte.fm\/radio\/2026\/04\/29\/connie-ballarini-tour-2026\/\"},\"author\":{\"name\":\"Cristian Galarza\",\"@id\":\"https:\/\/www.radiohorizonte.fm\/radio\/#\/schema\/person\/f8fa003a405bb86729fd87d15d0ddafa\"},\"headline\":\"Connie Ballarini \u201cTour 2026\u201d\",\"datePublished\":\"2026-04-29T10:00:00+00:00\",\"dateModified\":\"2026-04-29T11:26:06+00:00\",\"mainEntityOfPage\":{\"@id\":\"https:\/\/www.radiohorizonte.fm\/radio\/2026\/04\/29\/connie-ballarini-tour-2026\/\"},\"wordCount\":352,\"publisher\":{\"@id\":\"https:\/\/www.radiohorizonte.fm\/radio\/#organization\"},\"image\":{\"@id\":\"https:\/\/www.radiohorizonte.fm\/radio\/2026\/04\/29\/connie-ballarini-tour-2026\/#primaryimage\"},\"thumbnailUrl\":\"https:\/\/www.radiohorizonte.fm\/radio\/wp-content\/uploads\/2026\/04\/imagen-109159.jpg\",\"articleSection\":[\"Infomusic\"],\"inLanguage\":\"es-AR\"},{\"@type\":\"WebPage\",\"@id\":\"https:\/\/www.radiohorizonte.fm\/radio\/2026\/04\/29\/connie-ballarini-tour-2026\/\",\"url\":\"https:\/\/www.radiohorizonte.fm\/radio\/2026\/04\/29\/connie-ballarini-tour-2026\/\",\"name\":\"Connie Ballarini \u201cTour 2026\u201d - Horizonte\",\"isPartOf\":{\"@id\":\"https:\/\/www.radiohorizonte.fm\/radio\/#website\"},\"primaryImageOfPage\":{\"@id\":\"https:\/\/www.radiohorizonte.fm\/radio\/2026\/04\/29\/connie-ballarini-tour-2026\/#primaryimage\"},\"image\":{\"@id\":\"https:\/\/www.radiohorizonte.fm\/radio\/2026\/04\/29\/connie-ballarini-tour-2026\/#primaryimage\"},\"thumbnailUrl\":\"https:\/\/www.radiohorizonte.fm\/radio\/wp-content\/uploads\/2026\/04\/imagen-109159.jpg\",\"datePublished\":\"2026-04-29T10:00:00+00:00\",\"dateModified\":\"2026-04-29T11:26:06+00:00\",\"breadcrumb\":{\"@id\":\"https:\/\/www.radiohorizonte.fm\/radio\/2026\/04\/29\/connie-ballarini-tour-2026\/#breadcrumb\"},\"inLanguage\":\"es-AR\",\"potentialAction\":[{\"@type\":\"ReadAction\",\"target\":[\"https:\/\/www.radiohorizonte.fm\/radio\/2026\/04\/29\/connie-ballarini-tour-2026\/\"]}]},{\"@type\":\"ImageObject\",\"inLanguage\":\"es-AR\",\"@id\":\"https:\/\/www.radiohorizonte.fm\/radio\/2026\/04\/29\/connie-ballarini-tour-2026\/#primaryimage\",\"url\":\"https:\/\/www.radiohorizonte.fm\/radio\/wp-content\/uploads\/2026\/04\/imagen-109159.jpg\",\"contentUrl\":\"https:\/\/www.radiohorizonte.fm\/radio\/wp-content\/uploads\/2026\/04\/imagen-109159.jpg\",\"width\":1080,\"height\":1350},{\"@type\":\"BreadcrumbList\",\"@id\":\"https:\/\/www.radiohorizonte.fm\/radio\/2026\/04\/29\/connie-ballarini-tour-2026\/#breadcrumb\",\"itemListElement\":[{\"@type\":\"ListItem\",\"position\":1,\"name\":\"Home\",\"item\":\"https:\/\/www.radiohorizonte.fm\/radio\/\"},{\"@type\":\"ListItem\",\"position\":2,\"name\":\"Connie Ballarini \u201cTour 2026\u201d\"}]},{\"@type\":\"WebSite\",\"@id\":\"https:\/\/www.radiohorizonte.fm\/radio\/#website\",\"url\":\"https:\/\/www.radiohorizonte.fm\/radio\/\",\"name\":\"Horizonte\",\"description\":\"Radio Horizonte 106.1 - Una radio de clasicos\",\"publisher\":{\"@id\":\"https:\/\/www.radiohorizonte.fm\/radio\/#organization\"},\"potentialAction\":[{\"@type\":\"SearchAction\",\"target\":{\"@type\":\"EntryPoint\",\"urlTemplate\":\"https:\/\/www.radiohorizonte.fm\/radio\/?s={search_term_string}\"},\"query-input\":{\"@type\":\"PropertyValueSpecification\",\"valueRequired\":true,\"valueName\":\"search_term_string\"}}],\"inLanguage\":\"es-AR\"},{\"@type\":\"Organization\",\"@id\":\"https:\/\/www.radiohorizonte.fm\/radio\/#organization\",\"name\":\"Horizonte\",\"url\":\"https:\/\/www.radiohorizonte.fm\/radio\/\",\"logo\":{\"@type\":\"ImageObject\",\"inLanguage\":\"es-AR\",\"@id\":\"https:\/\/www.radiohorizonte.fm\/radio\/#\/schema\/logo\/image\/\",\"url\":\"https:\/\/www.radiohorizonte.fm\/radio\/wp-content\/uploads\/2025\/06\/Portada-FM-Horizonte_modelo-imagen-scaled.jpg\",\"contentUrl\":\"https:\/\/www.radiohorizonte.fm\/radio\/wp-content\/uploads\/2025\/06\/Portada-FM-Horizonte_modelo-imagen-scaled.jpg\",\"width\":2560,\"height\":1056,\"caption\":\"Horizonte\"},\"image\":{\"@id\":\"https:\/\/www.radiohorizonte.fm\/radio\/#\/schema\/logo\/image\/\"},\"sameAs\":[\"http:\/\/www.facebook.com\/HORIZONTE106.1\",\"https:\/\/x.com\/fmhorizonte1061\"]},{\"@type\":\"Person\",\"@id\":\"https:\/\/www.radiohorizonte.fm\/radio\/#\/schema\/person\/f8fa003a405bb86729fd87d15d0ddafa\",\"name\":\"Cristian Galarza\",\"image\":{\"@type\":\"ImageObject\",\"inLanguage\":\"es-AR\",\"@id\":\"https:\/\/www.radiohorizonte.fm\/radio\/#\/schema\/person\/image\/\",\"url\":\"https:\/\/secure.gravatar.com\/avatar\/fad34bc2c773209c05d7d53b08a69b680eeb55f3be014e52b31643d20ab65925?s=96&d=mm&r=g\",\"contentUrl\":\"https:\/\/secure.gravatar.com\/avatar\/fad34bc2c773209c05d7d53b08a69b680eeb55f3be014e52b31643d20ab65925?s=96&d=mm&r=g\",\"caption\":\"Cristian Galarza\"},\"url\":\"https:\/\/www.radiohorizonte.fm\/radio\/author\/cristian\/\"}]}<\/script>\n<!-- \/ Yoast SEO plugin. -->","yoast_head_json":{"title":"Connie Ballarini \u201cTour 2026\u201d - Horizonte","robots":{"index":"index","follow":"follow","max-snippet":"max-snippet:-1","max-image-preview":"max-image-preview:large","max-video-preview":"max-video-preview:-1"},"canonical":"https:\/\/www.radiohorizonte.fm\/radio\/2026\/04\/29\/connie-ballarini-tour-2026\/","og_locale":"es_ES","og_type":"article","og_title":"Connie Ballarini \u201cTour 2026\u201d - Horizonte","og_description":"La comediante Connie Ballarini presentar\u00e1 una noche a puro humor, iron\u00eda y risas sin filtro el pr\u00f3ximo domingo 4 de octubre en el Teatro Oficial Juan de Vera desde las 20. Connie Ballarini no es solo comediante. Es actriz, youtuber, instagramer, tiktoker, hija de Lili, Tinderwoman, Culo de queso y una creadora de contenido inigualable.","og_url":"https:\/\/www.radiohorizonte.fm\/radio\/2026\/04\/29\/connie-ballarini-tour-2026\/","og_site_name":"Horizonte","article_publisher":"http:\/\/www.facebook.com\/HORIZONTE106.1","article_published_time":"2026-04-29T10:00:00+00:00","article_modified_time":"2026-04-29T11:26:06+00:00","og_image":[{"width":1080,"height":1350,"url":"https:\/\/www.radiohorizonte.fm\/radio\/wp-content\/uploads\/2026\/04\/imagen-109159.jpg","type":"image\/jpeg"}],"author":"Cristian Galarza","twitter_card":"summary_large_image","twitter_creator":"@fmhorizonte1061","twitter_site":"@fmhorizonte1061","twitter_misc":{"Escrito por":"Cristian Galarza","Tiempo de lectura":"2 minutos"},"schema":{"@context":"https:\/\/schema.org","@graph":[{"@type":"Article","@id":"https:\/\/www.radiohorizonte.fm\/radio\/2026\/04\/29\/connie-ballarini-tour-2026\/#article","isPartOf":{"@id":"https:\/\/www.radiohorizonte.fm\/radio\/2026\/04\/29\/connie-ballarini-tour-2026\/"},"author":{"name":"Cristian Galarza","@id":"https:\/\/www.radiohorizonte.fm\/radio\/#\/schema\/person\/f8fa003a405bb86729fd87d15d0ddafa"},"headline":"Connie Ballarini \u201cTour 2026\u201d","datePublished":"2026-04-29T10:00:00+00:00","dateModified":"2026-04-29T11:26:06+00:00","mainEntityOfPage":{"@id":"https:\/\/www.radiohorizonte.fm\/radio\/2026\/04\/29\/connie-ballarini-tour-2026\/"},"wordCount":352,"publisher":{"@id":"https:\/\/www.radiohorizonte.fm\/radio\/#organization"},"image":{"@id":"https:\/\/www.radiohorizonte.fm\/radio\/2026\/04\/29\/connie-ballarini-tour-2026\/#primaryimage"},"thumbnailUrl":"https:\/\/www.radiohorizonte.fm\/radio\/wp-content\/uploads\/2026\/04\/imagen-109159.jpg","articleSection":["Infomusic"],"inLanguage":"es-AR"},{"@type":"WebPage","@id":"https:\/\/www.radiohorizonte.fm\/radio\/2026\/04\/29\/connie-ballarini-tour-2026\/","url":"https:\/\/www.radiohorizonte.fm\/radio\/2026\/04\/29\/connie-ballarini-tour-2026\/","name":"Connie Ballarini \u201cTour 2026\u201d - Horizonte","isPartOf":{"@id":"https:\/\/www.radiohorizonte.fm\/radio\/#website"},"primaryImageOfPage":{"@id":"https:\/\/www.radiohorizonte.fm\/radio\/2026\/04\/29\/connie-ballarini-tour-2026\/#primaryimage"},"image":{"@id":"https:\/\/www.radiohorizonte.fm\/radio\/2026\/04\/29\/connie-ballarini-tour-2026\/#primaryimage"},"thumbnailUrl":"https:\/\/www.radiohorizonte.fm\/radio\/wp-content\/uploads\/2026\/04\/imagen-109159.jpg","datePublished":"2026-04-29T10:00:00+00:00","dateModified":"2026-04-29T11:26:06+00:00","breadcrumb":{"@id":"https:\/\/www.radiohorizonte.fm\/radio\/2026\/04\/29\/connie-ballarini-tour-2026\/#breadcrumb"},"inLanguage":"es-AR","potentialAction":[{"@type":"ReadAction","target":["https:\/\/www.radiohorizonte.fm\/radio\/2026\/04\/29\/connie-ballarini-tour-2026\/"]}]},{"@type":"ImageObject","inLanguage":"es-AR","@id":"https:\/\/www.radiohorizonte.fm\/radio\/2026\/04\/29\/connie-ballarini-tour-2026\/#primaryimage","url":"https:\/\/www.radiohorizonte.fm\/radio\/wp-content\/uploads\/2026\/04\/imagen-109159.jpg","contentUrl":"https:\/\/www.radiohorizonte.fm\/radio\/wp-content\/uploads\/2026\/04\/imagen-109159.jpg","width":1080,"height":1350},{"@type":"BreadcrumbList","@id":"https:\/\/www.radiohorizonte.fm\/radio\/2026\/04\/29\/connie-ballarini-tour-2026\/#breadcrumb","itemListElement":[{"@type":"ListItem","position":1,"name":"Home","item":"https:\/\/www.radiohorizonte.fm\/radio\/"},{"@type":"ListItem","position":2,"name":"Connie Ballarini \u201cTour 2026\u201d"}]},{"@type":"WebSite","@id":"https:\/\/www.radiohorizonte.fm\/radio\/#website","url":"https:\/\/www.radiohorizonte.fm\/radio\/","name":"Horizonte","description":"Radio Horizonte 106.1 - Una radio de clasicos","publisher":{"@id":"https:\/\/www.radiohorizonte.fm\/radio\/#organization"},"potentialAction":[{"@type":"SearchAction","target":{"@type":"EntryPoint","urlTemplate":"https:\/\/www.radiohorizonte.fm\/radio\/?s={search_term_string}"},"query-input":{"@type":"PropertyValueSpecification","valueRequired":true,"valueName":"search_term_string"}}],"inLanguage":"es-AR"},{"@type":"Organization","@id":"https:\/\/www.radiohorizonte.fm\/radio\/#organization","name":"Horizonte","url":"https:\/\/www.radiohorizonte.fm\/radio\/","logo":{"@type":"ImageObject","inLanguage":"es-AR","@id":"https:\/\/www.radiohorizonte.fm\/radio\/#\/schema\/logo\/image\/","url":"https:\/\/www.radiohorizonte.fm\/radio\/wp-content\/uploads\/2025\/06\/Portada-FM-Horizonte_modelo-imagen-scaled.jpg","contentUrl":"https:\/\/www.radiohorizonte.fm\/radio\/wp-content\/uploads\/2025\/06\/Portada-FM-Horizonte_modelo-imagen-scaled.jpg","width":2560,"height":1056,"caption":"Horizonte"},"image":{"@id":"https:\/\/www.radiohorizonte.fm\/radio\/#\/schema\/logo\/image\/"},"sameAs":["http:\/\/www.facebook.com\/HORIZONTE106.1","https:\/\/x.com\/fmhorizonte1061"]},{"@type":"Person","@id":"https:\/\/www.radiohorizonte.fm\/radio\/#\/schema\/person\/f8fa003a405bb86729fd87d15d0ddafa","name":"Cristian Galarza","image":{"@type":"ImageObject","inLanguage":"es-AR","@id":"https:\/\/www.radiohorizonte.fm\/radio\/#\/schema\/person\/image\/","url":"https:\/\/secure.gravatar.com\/avatar\/fad34bc2c773209c05d7d53b08a69b680eeb55f3be014e52b31643d20ab65925?s=96&d=mm&r=g","contentUrl":"https:\/\/secure.gravatar.com\/avatar\/fad34bc2c773209c05d7d53b08a69b680eeb55f3be014e52b31643d20ab65925?s=96&d=mm&r=g","caption":"Cristian Galarza"},"url":"https:\/\/www.radiohorizonte.fm\/radio\/author\/cristian\/"}]}},"_links":{"self":[{"href":"https:\/\/www.radiohorizonte.fm\/radio\/wp-json\/wp\/v2\/posts\/50916","targetHints":{"allow":["GET"]}}],"collection":[{"href":"https:\/\/www.radiohorizonte.fm\/radio\/wp-json\/wp\/v2\/posts"}],"about":[{"href":"https:\/\/www.radiohorizonte.fm\/radio\/wp-json\/wp\/v2\/types\/post"}],"author":[{"embeddable":true,"href":"https:\/\/www.radiohorizonte.fm\/radio\/wp-json\/wp\/v2\/users\/2"}],"replies":[{"embeddable":true,"href":"https:\/\/www.radiohorizonte.fm\/radio\/wp-json\/wp\/v2\/comments?post=50916"}],"version-history":[{"count":1,"href":"https:\/\/www.radiohorizonte.fm\/radio\/wp-json\/wp\/v2\/posts\/50916\/revisions"}],"predecessor-version":[{"id":50918,"href":"https:\/\/www.radiohorizonte.fm\/radio\/wp-json\/wp\/v2\/posts\/50916\/revisions\/50918"}],"wp:featuredmedia":[{"embeddable":true,"href":"https:\/\/www.radiohorizonte.fm\/radio\/wp-json\/wp\/v2\/media\/50917"}],"wp:attachment":[{"href":"https:\/\/www.radiohorizonte.fm\/radio\/wp-json\/wp\/v2\/media?parent=50916"}],"wp:term":[{"taxonomy":"category","embeddable":true,"href":"https:\/\/www.radiohorizonte.fm\/radio\/wp-json\/wp\/v2\/categories?post=50916"},{"taxonomy":"post_tag","embeddable":true,"href":"https:\/\/www.radiohorizonte.fm\/radio\/wp-json\/wp\/v2\/tags?post=50916"}],"curies":[{"name":"wp","href":"https:\/\/api.w.org\/{rel}","templated":true}]}}